{"id":1,"date":"2011-01-10T18:35:45","date_gmt":"2011-01-10T17:35:45","guid":{"rendered":"http:\/\/www.dr-thomas-hartung.de\/?p=1"},"modified":"2026-02-28T21:31:49","modified_gmt":"2026-02-28T20:31:49","slug":"hallo-welt","status":"publish","type":"post","link":"https:\/\/www.dr-thomas-hartung.de\/?p=1","title":{"rendered":"Herzlich willkommen!"},"content":{"rendered":"<h4>Als AfD-Landtagsfraktionspressesprecher, Publizist mit inzwischen vier B\u00fcchern und Freier Journalist f\u00fcr konservative Medien blogge ich nunmehr regelm\u00e4\u00dfig Betrachtungen zu Interessantem und Wissenswertem aus politischer und Alltagskultur. Ich schreibe regelm\u00e4\u00dfig f\u00fcr &#8222;<a href=\"http:\/\/zuerst.de\/\">Zuerst<\/a>&#8220; und j\u00fcngst <a href=\"https:\/\/ansage.org\/?s=hartung\">Ansage<\/a>, habe unter dem Titel &#8222;Negerkuss und Nazistuss&#8220; eine eigene Kolumne beim <a href=\"https:\/\/www.tumult-magazine.net\/blog\">Tumult-Blog<\/a> und kommentiere bei <a href=\"https:\/\/kontrafunk.radio\/de\/\">Kontrafunk<\/a>.<\/h4>\n<h4>Als Bildungsb\u00fcrger kommentiere\/rezensiere ich vielerlei kulturelle Ph\u00e4nomene &#8211; vom Roman \u00fcber den Musikergeburtstag bis zum Regisseurstod.<\/h4>\n<h4>Als Dozent und Mitglied im Landesfachausschuss Bildung informiere ich Sie auf meiner Webpr\u00e4senz auch \u00fcber meine Aktivit\u00e4ten rings um die Themenkreise Hochschule, Wissenschaft, Medien und Kultur.<\/h4>\n<h4>Und als Mensch lasse ich Sie gern an meinen freizeitlichen Aktivit\u00e4ten teilhaben, zu denen nicht zuletzt Kochen geh\u00f6rt \ud83d\ude09<\/h4>\n<h4>Warum gerade Betrachtungen?<\/h4>\n<div>\n<p>Ich empfinde dieses Genre &#8211; eine Meinungsdarstellungsform \u00fcbrigens &#8211; als eins der zeitgem\u00e4\u00dfen schlechthin.<\/p>\n<\/div>\n<div>\n<p>Eine Betrachtung soll durch Beschreibungen und Schilderungen, Vergleiche und Ann\u00e4herungen bis hin zur Analyse einem Ereignis, einer Situation, einem Gegenstand oder auch einem (gesellschafts-) politischen Problem Individualit\u00e4t verleihen: Recherche darf in gewissem Ma\u00dfe substitutiert werden durch Subjektivit\u00e4t.<\/p>\n<\/div>\n<div>\n<p>Die Betrachtung ist durchaus mit derselben eines Kunstwerks in einer Ausstellung vergleichbar: man w\u00e4hlt zun\u00e4chst die Gesamtschau und wechselt dann zu einzelnen Aspekten.<\/p>\n<\/div>\n<div>\n<p>Dabei ist dem Genre eigen, dass die Priorit\u00e4ten dieser Aspekte oft im Vagen bleiben: aus der Betrachtung erw\u00e4chst ein Gedanke, der das formale Ziel darstellt.<\/p>\n<\/div>\n<div>\n<p>Der Gegenstand darf dabei Randerscheinung eines gr\u00f6\u00dferen Zusammenhangs bleiben: &#8222;die Bedeutung des Unbeachteten birgt den Kern ihrer Aussage&#8220; (Degen 2004).<\/p>\n<\/div>\n<div>\n<p>Viel Spass beim Lesen &#8211; und nat\u00fcrlich beim Kommentieren!<\/p>\n<\/div>\n","protected":false},"excerpt":{"rendered":"<p>Sie k\u00f6nnen sich auf meiner aktualisierten Webpr\u00e4senz nun wieder \u00fcber meine Aktivit\u00e4ten rings um die hochschulische Ausbildung angehender Medienmacher und\/oder Medientheoretiker in Mitteldeutschland informieren. Daneben poste ich regelm\u00e4\u00dfig Betrachtungen zu Interessantem und Wissenswertem nicht nur aus der Welt der Medien. <\/p>\n","protected":false},"author":1,"featured_media":0,"comment_status":"open","ping_status":"open","sticky":true,"template":"","format":"standard","meta":[],"categories":[1],"tags":[],"_links":{"self":[{"href":"https:\/\/www.dr-thomas-hartung.de\/index.php?rest_route=\/wp\/v2\/posts\/1"}],"collection":[{"href":"https:\/\/www.dr-thomas-hartung.de\/index.php?rest_route=\/wp\/v2\/posts"}],"about":[{"href":"https:\/\/www.dr-thomas-hartung.de\/index.php?rest_route=\/wp\/v2\/types\/post"}],"author":[{"embeddable":true,"href":"https:\/\/www.dr-thomas-hartung.de\/index.php?rest_route=\/wp\/v2\/users\/1"}],"replies":[{"embeddable":true,"href":"https:\/\/www.dr-thomas-hartung.de\/index.php?rest_route=%2Fwp%2Fv2%2Fcomments&post=1"}],"version-history":[{"count":33,"href":"https:\/\/www.dr-thomas-hartung.de\/index.php?rest_route=\/wp\/v2\/posts\/1\/revisions"}],"predecessor-version":[{"id":7281,"href":"https:\/\/www.dr-thomas-hartung.de\/index.php?rest_route=\/wp\/v2\/posts\/1\/revisions\/7281"}],"wp:attachment":[{"href":"https:\/\/www.dr-thomas-hartung.de\/index.php?rest_route=%2Fwp%2Fv2%2Fmedia&parent=1"}],"wp:term":[{"taxonomy":"category","embeddable":true,"href":"https:\/\/www.dr-thomas-hartung.de\/index.php?rest_route=%2Fwp%2Fv2%2Fcategories&post=1"},{"taxonomy":"post_tag","embeddable":true,"href":"https:\/\/www.dr-thomas-hartung.de\/index.php?rest_route=%2Fwp%2Fv2%2Ftags&post=1"}],"curies":[{"name":"wp","href":"https:\/\/api.w.org\/{rel}","templated":true}]}}