{"id":1003,"date":"2011-04-07T20:32:38","date_gmt":"2011-04-07T19:32:38","guid":{"rendered":"http:\/\/www.dr-thomas-hartung.de\/?p=1003"},"modified":"2011-06-08T18:12:46","modified_gmt":"2011-06-08T17:12:46","slug":"1003","status":"publish","type":"post","link":"https:\/\/www.dr-thomas-hartung.de\/?p=1003","title":{"rendered":"Jung. Erfolgreich. Orientierungslos?"},"content":{"rendered":"<p>Es ist schon seltsam: da lasse ich mich gelegentlich Guttenberg \u00fcber die Generation der B\u00fcbchenkultur aus, gelegentlich Fukushima \u00fcber Halbwertszeiten, gelegentlich Texthonorare \u00fcber Ethik\u2026 und pl\u00f6tzlich geht die \u201e<a href=\"http:\/\/www.welt.de\/debatte\/article13076355\/Alle-Politiker-ins-Moratorium-Und-zwar-sofort.html\" target=\"_blank\">Welt<\/a>\u201c in die Offensive und fragt: \u201eIst die Welt nicht v\u00f6llig durchgedreht?\u201c<\/p>\n<p><strong>1. Beispiel FDP:<\/strong> 49j\u00e4hrige werden Fr\u00fchrentner, ein 38j\u00e4hriger soll den Generationenwechsel vollziehen und hat angek\u00fcndigt, das selbst nur bis 45 zu machen\u2026 in einem Land, das die Rente ab 67 diskutiert. Wo, wie und warum ist die Zwischengeneration der Vierziger abhanden gekommen? Jene Zwischengeneration, die sich w\u00e4hrend und nach der Wiedervereinigung mit den Erfahrungen zweier Systeme mit St\u00e4rken und Schw\u00e4chen daranmachen wollte, das Land zu ver\u00e4ndern \u2013 und dann, chancenlos, aufgesogen wurde? Wenn ich jetzt mit 49 in Rente ginge, k\u00f6nnte ich gerade mal meine Warmmiete nebst Handy und Internet bezahlen.\u00a0 Prompt passiert, was seit Jahren diese halbwegs normalen und vor allem anst\u00e4ndigen Denker anmahnten, was aber bis letzte Woche nicht geh\u00f6rt wurde &#8211; jetzt hei\u00dft das ganze &#8222;Lebenswirklichkeit&#8220;, die mehr in den Blick genommen werden m\u00fcsse. Ja gehts noch? Wenn laut Silvana <a href=\"http:\/\/www.koch-mehrin.de\/\" target=\"_blank\">Koch-Mehrin<\/a> die Partei st\u00e4rker auf die Verbindung zwischen ihrer Politik und der  Lebenswirklichkeit setzen m\u00fcsse, weil beides nicht auseinanderklaffen d\u00fcrfe, frage ich mich, was f\u00fcr eine irreale Politik in diesem Land bis dato gemacht wurde! Das f\u00e4ngt an bei der Forderung, mehr Netto vom Brutto zu wollen, aber gleichzeitig die Kindergartengeb\u00fchren zu erh\u00f6hen, und h\u00f6rt nicht auf beim Mindestlohn, hier schicken sich ja seit gestern die Liberalen an, sogar die Linken zu \u00fcberholen&#8230; Hier fehlt ein St\u00fcck Geschichte, hier wurde \u00fcbersprungen, was uns irgendwann einholt &#8211; mit b\u00f6sem Erwachen.<\/p>\n<p>Peter <a href=\"http:\/\/www.petersloterdijk.net\/\" target=\"_blank\">Sloterdijk<\/a> hat das jetzt h\u00f6chst zynisch unter der \u00dcberschrift &#8222;Liberalismus steht zur Stunde eher f\u00fcr Habsucht \u2013 und nicht f\u00fcr Generosit\u00e4t&#8220; in der &#8222;<a href=\"http:\/\/www.zeit.de\/2011\/15\/01-FDP-Wirtschaft\" target=\"_blank\">Zeit<\/a>&#8220; kommentiert und zun\u00e4chst befunden: &#8222;Ohne Zweifel haben die Freien Demokraten ihr ideologisches Eigenkapital  im Rausch eines spekulativen Jahrzehnts verspielt. Sie haben den  psychopolitischen Markt nicht mehr verstanden und sich in gef\u00e4hrliche Derivatgesch\u00e4fte mit den Entt\u00e4uschungen der anderen gest\u00fcrzt, ohne sich ernsthaft auf  die Aufgabe einzulassen, die eignen Werte zeitgerecht zu aktualisieren.&#8220; Kerns\u00e4tze sind f\u00fcr mich: &#8222;Sollte es je zu einer intellektuellen Regeneration des politischen  Liberalismus kommen, sie m\u00fcsste von der Erkenntnis ausgehen, dass  Menschen nicht nur habenwollende, giergetriebene, s\u00fcchtige und  brauchende Wesen sind, die freie Bahn f\u00fcr ihre Mangelgef\u00fchle und ihren  Machthunger fordern. Sie tragen ebenso das Potenzial zu gebenwollendem,  gro\u00dfz\u00fcgigem und souver\u00e4nem Verhalten in sich.&#8220;<\/p>\n<p>Das politische Amt aber ist  zum Erf\u00fcllungsgehilfen des Wirtschaftsfeudalismus verkommen. Es werden die egomanen Bed\u00fcrfnisse einer verschwindend kleinen Gruppe auf Bestellung politisch umgesetzt. Das <a href=\"http:\/\/de.wikipedia.org\/wiki\/Ernst_Bloch\" target=\"_blank\">Bloch<\/a>sche &#8222;<a href=\"http:\/\/de.wikipedia.org\/wiki\/Das_Prinzip_Hoffnung\" target=\"_blank\">Prinzip Hoffnung<\/a>&#8220; pervertiert: Wir machen das, was n\u00f6tig w\u00e4re, uns aber weh t\u00e4te, nicht und verschieben es auf morgen &#8211; in der Hoffnung, dass wir es dann (aus welchen Gr\u00fcnden auch immer) nicht mehr machen m\u00fcssen&#8230;<\/p>\n<p>J\u00fcrgen <a href=\"http:\/\/de.wikipedia.org\/wiki\/J%C3%BCrgen_Habermas\" target=\"_blank\">Habermas<\/a> hatte das mit prim\u00e4r europapolitischem Blick schon in der \u201e<a href=\"http:\/\/www.sueddeutsche.de\/politik\/europapolitik-merkels-von-demoskopie-geleiteter-opportunismus-1.1082536\" target=\"_self\">S\u00fcddeutschen<\/a>\u201c bitterb\u00f6se auf mehrere Punkte gebracht:<\/p>\n<ul>\n<li>man k\u00f6nne nicht mehr erkennen, worum es geht, ob es \u00fcberhaupt noch um mehr geht als den n\u00e4chsten Wahlerfolg<\/li>\n<li>eine demokratische Wahl soll ein naturw\u00fcchsiges Meinungsspektrum nicht blo\u00df abbilden; vielmehr das Ergebnis eines \u00f6ffentlichen Prozesses der Meinungsbildung wiedergeben<\/li>\n<li>die politischen Eliten setzten unverfroren die Entm\u00fcndigung der B\u00fcrger fort, auch die deutsche Politik folgt schamlos dem opportunistischen Drehbuch der Machtpragmatik<\/li>\n<li>Politik bef\u00e4nde sich heute allgemein in einem Aggregatzustand, der sich durch den  Verzicht auf Perspektive und Gestaltungswillen auszeichnet, die wachsende Komplexit\u00e4t der regelungsbed\u00fcrftigen Materien n\u00f6tige zu  kurzatmigen Reaktionen in schrumpfenden Handlungsspielr\u00e4umen: als h\u00e4tten  sich die Politiker den entlarvenden Blick der Systemtheorie zu eigen  gemacht, folgten sie schamlos dem opportunistischen Drehbuch einer  demoskopiegeleiteten Machtpragmatik, die sich aller normativen Bindungen  entledigt habe<\/li>\n<li>Talkshows richteten mit ihrem immer gleichen Personal einen Meinungsbrei an, der dem letzten Zuschauer die Hoffnung nimmt, es k\u00f6nne bei politischen Themen noch Gr\u00fcnde geben, die z\u00e4hlen<\/li>\n<\/ul>\n<p><strong>2. Beispiel Atomkraft:<\/strong> aufgrund ihre Prinzipientreue gelten die Gr\u00fcnen inzwischen als konservativ, die Koalition sieht sich als \u201eManager der Energiewende\u201c? Haben eben die Liberalen die Linken \u00fcberholt, \u00fcberholen jetzt die Christdemokraten die Gr\u00fcnen? Wer steht in dieser Republik eigentlich f\u00fcr was? Wer h\u00e4lt zu wem? Und vor allem: Wem will man noch glauben? \u201eAlles ist gleich g\u00fcltig und also gleichg\u00fcltig\u201c klagte schon Peter Turrini. Hier wird Profillosigkeit als Profil verkauft. Wenn Politiker nachhaltig deutlich machen, wof\u00fcr sie stehen, k\u00f6nnen die W\u00e4hler nach Inhalten entscheiden. Wenn alle Politiker dasselbe versprechen, entf\u00e4llt dieses Entscheidungskriterium, und den W\u00e4hlern bleibt nichts anderes \u00fcbrig, als nach Glaubw\u00fcrdigkeit zu w\u00e4hlen.<\/p>\n<div id=\"attachment_1005\" style=\"width: 510px\" class=\"wp-caption aligncenter\"><a href=\"https:\/\/www.dr-thomas-hartung.de\/wp-content\/uploads\/2011\/04\/ass.gif\"><img aria-describedby=\"caption-attachment-1005\" decoding=\"async\" loading=\"lazy\" class=\"size-full wp-image-1005\" title=\"ass\" src=\"https:\/\/www.dr-thomas-hartung.de\/wp-content\/uploads\/2011\/04\/ass.gif\" alt=\"\" width=\"500\" height=\"363\" srcset=\"https:\/\/www.dr-thomas-hartung.de\/wp-content\/uploads\/2011\/04\/ass.gif 500w, https:\/\/www.dr-thomas-hartung.de\/wp-content\/uploads\/2011\/04\/ass-300x217.gif 300w\" sizes=\"(max-width: 500px) 100vw, 500px\" \/><\/a><p id=\"caption-attachment-1005\" class=\"wp-caption-text\">Quelle: http:\/\/www.sakurai-cartoons.de\/images\/g_echtkonservativesgefuehlbunt.gif<\/p><\/div>\n<p><strong>3. Beispiel Tourismus:<\/strong> das Volk muss, fordert die \u201eWelt\u201c, zu den abgebrannten Brennst\u00e4ben ins Abklingbecken, um sich zu erholen. Da f\u00fchle ja selbst ich mich bei DeLillos <a href=\"https:\/\/www.dr-thomas-hartung.de\/?p=898\" target=\"_blank\">Interpretation<\/a>, dass Orte der nuklearen Endlagerung eines Tages zu wichtigen Gedenkst\u00e4tten werden k\u00f6nnten, um Lichtjahre \u00fcberholt. Sind wir wirklich alle \u201eein bisschen \u00fcberfordert\u201c?<\/p>\n<p>Aber &#8211; glaubt man den Schlagzeilen &#8211; wer ist das heute nicht? Laut der j\u00fcngsten &#8222;Bitkom&#8220;-Studie \u00fcberfordert die Informationsflut Deutschland, laut &#8222;Handelsblatt&#8220; \u00fcberfordert die FDP-Krise Guidos Erben, laut &#8222;Focus&#8220; f\u00fchlen sich deutsche Richter \u00fcberfordert, laut &#8222;Berufsverband Deutscher Psychologen&#8220; sind Familien \u00fcberfordert, laut &#8222;FTD.de&#8220; \u00fcberfordert der AKW-Stresstest die deutschen Altmeiler\u2026<\/p>\n<p>Hallo Erde? Was hier los ist, wei\u00df ich auch nicht. Noch nicht. <a href=\"http:\/\/de.wikipedia.org\/wiki\/Georg_Christoph_Lichtenberg\" target=\"_blank\">Lichtenberg<\/a> f\u00e4llt mir ein, eins seiner Sudelb\u00fcchlein \u2013 wie sehr sich doch die Ansichten wiederholen: \u201eIch kann freilich nicht sagen, ob es besser werden wird, wenn es anders wird; aber soviel kann ich sagen: es muss anders werden, wenn es gut werden soll.\u201c Aber selbst in Wendezeiten meinten sensible K\u00f6pfe, dass es damit nicht so weit her sein d\u00fcrfte. \u201eAlles wird besser, aber nichts wird gut\u201c, sang \u201e<a href=\"http:\/\/www.youtube.com\/watch?v=UQQjtqXk1oY\" target=\"_blank\">Silly<\/a>\u201c nach <a href=\"http:\/\/www.rockpoet.de\/\" target=\"_blank\">Karma<\/a>&#8211;<a href=\"http:\/\/www.ostmusik.de\/alles_wird_besser.htm\" target=\"_blank\">Text<\/a>. Derzeit meine ich: \u201eAlles wird anders, aber nichts wird besser\u201c.<\/p>\n<p>Schade eigentlich.<br \/>\n<iframe src=\"http:\/\/www.facebook.com\/plugins\/like.php?href=http%3A%2F%2Fwww.dr-thomas-hartung.de%2F%3Fp%3D1003X&amp;send=true&amp;layout=standard&amp;width=450&amp;show_faces=true&amp;action=like&amp;colorscheme=light&amp;font&amp;height=80\" scrolling=\"no\" frameborder=\"0\" style=\"border:none; overflow:hidden; width:450px; height:80px;\" allowTransparency=\"true\"><\/iframe><\/p>\n","protected":false},"excerpt":{"rendered":"<p>Es ist schon seltsam: da lasse ich mich gelegentlich Guttenberg \u00fcber die Generation der B\u00fcbchenkultur aus, gelegentlich Fukushima \u00fcber Halbwertszeiten, gelegentlich Texthonorare \u00fcber Ethik\u2026 und pl\u00f6tzlich geht \u201ewelt.de&#8220; die Offensive und fragt: \u201eIst die Welt nicht v\u00f6llig durchgedreht?\u201c Die Liberalen \u00fcberholen die Linken, die Christdemokraten die Gr\u00fcnen&#8230; alles tauscht mit allem die Pl\u00e4tze. Aber Platzhalter gibts nicht mehr&#8230; <\/p>\n","protected":false},"author":1,"featured_media":0,"comment_status":"open","ping_status":"open","sticky":false,"template":"","format":"standard","meta":[],"categories":[1],"tags":[],"_links":{"self":[{"href":"https:\/\/www.dr-thomas-hartung.de\/index.php?rest_route=\/wp\/v2\/posts\/1003"}],"collection":[{"href":"https:\/\/www.dr-thomas-hartung.de\/index.php?rest_route=\/wp\/v2\/posts"}],"about":[{"href":"https:\/\/www.dr-thomas-hartung.de\/index.php?rest_route=\/wp\/v2\/types\/post"}],"author":[{"embeddable":true,"href":"https:\/\/www.dr-thomas-hartung.de\/index.php?rest_route=\/wp\/v2\/users\/1"}],"replies":[{"embeddable":true,"href":"https:\/\/www.dr-thomas-hartung.de\/index.php?rest_route=%2Fwp%2Fv2%2Fcomments&post=1003"}],"version-history":[{"count":26,"href":"https:\/\/www.dr-thomas-hartung.de\/index.php?rest_route=\/wp\/v2\/posts\/1003\/revisions"}],"predecessor-version":[{"id":1011,"href":"https:\/\/www.dr-thomas-hartung.de\/index.php?rest_route=\/wp\/v2\/posts\/1003\/revisions\/1011"}],"wp:attachment":[{"href":"https:\/\/www.dr-thomas-hartung.de\/index.php?rest_route=%2Fwp%2Fv2%2Fmedia&parent=1003"}],"wp:term":[{"taxonomy":"category","embeddable":true,"href":"https:\/\/www.dr-thomas-hartung.de\/index.php?rest_route=%2Fwp%2Fv2%2Fcategories&post=1003"},{"taxonomy":"post_tag","embeddable":true,"href":"https:\/\/www.dr-thomas-hartung.de\/index.php?rest_route=%2Fwp%2Fv2%2Ftags&post=1003"}],"curies":[{"name":"wp","href":"https:\/\/api.w.org\/{rel}","templated":true}]}}