{"id":1070,"date":"2011-05-12T17:50:04","date_gmt":"2011-05-12T16:50:04","guid":{"rendered":"http:\/\/www.dr-thomas-hartung.de\/?p=1070"},"modified":"2011-06-08T18:23:14","modified_gmt":"2011-06-08T17:23:14","slug":"%e2%80%9efortschritt-kommt-nur-durch-widerstand%e2%80%9c-willi-brandt","status":"publish","type":"post","link":"https:\/\/www.dr-thomas-hartung.de\/?p=1070","title":{"rendered":"\u201eFortschritt kommt nur durch Widerstand\u201c (Willi Brandt)"},"content":{"rendered":"<p>Langsam frage ich mich, welches Meinungsklima in dieser Republik um sich greift. Ein Klima, dem man widerstehen muss und das mich zwingt, den Dresdner FDP-Kreisvorsitzenden Johannes <a href=\"http:\/\/www.johanneslohmeyer.de\/\" target=\"_blank\">Lohmeyer<\/a> juristisch zu belangen.<\/p>\n<p>Wie das? Folgende Geschichte:<\/p>\n<p>Da poste ich als Privatier auf Facebook einen Link zu einem \u201eWelt\u201c-<a href=\"http:\/\/www.welt.de\/politik\/deutschland\/article13218624\/Helmut-Schmidt-laestert-ueber-Politiker-ohne-Beruf.html\" target=\"_blank\">Artikel<\/a>, in dem Helmut Schmidt \u00fcber Politiker ohne Beruf l\u00e4stert. Das schien mir, wie schon mehrfach in diesem Blog bekundet und auch im Facebook-Kommentar erw\u00e4hnt, mindestens auf bestimmte Personen in der s\u00e4chsischen <a href=\"http:\/\/www.fdp-sachsen.de\/\" target=\"_blank\">FDP<\/a> zuzutreffen, die f\u00fcr mich immer mehr zu einer B\u00fcbchenpartei verkommt \u2013 und zu einer Partei, \u00fcber deren gegenw\u00e4rtigen Wert oder Unwert trefflich gestritten werden kann, schickt sie sich doch gerade an zu implodieren. Sendungsbewusst, wie ein Dozent und langj\u00e4hriger Journalist nun mal ist, tue ich das in der Hoffnung, manche meiner \u201eFreunde\u201c und Leser zu ein wenig Reflexion anzuregen. Wenn ein Neuparteichef Philipp R\u00f6sler <a href=\"http:\/\/www.focus.de\/politik\/weitere-meldungen\/fdp-roesler-fordert-kursaenderung-_aid_614740.html\" target=\"_blank\">verk\u00fcndet<\/a> &#8222;Wir m\u00fcssen uns wieder mehr um die <strong>Lebenswirklichkeit<\/strong> der Menschen k\u00fcmmern&#8220;, oder eine inzwischen von allen \u00c4mtern zur\u00fcckgetretene Europaabgeordnete Silvana Koch-Mehrin (der die Uni Heidelberg gerade ihren Dr.-Titel aberkennen will) <a href=\"http:\/\/www.focus.de\/politik\/weitere-meldungen\/fdp-kurssuche-fdp-will-position-nach-machtwechsel-ueberdenken_aid_615924.html\" target=\"_blank\">mahnt<\/a>, dass ihre Partei st\u00e4rker auf die Verbindung zwischen Politik und <strong>Lebenswirklichkeit<\/strong> setzen m\u00fcsse, weil beides nicht auseinanderklaffen d\u00fcrfe, und auch Ex-Fraktionschefin Homburger dieselbe Vokabel nutzt\u2026 dann muss man sich \u00f6ffentlich fragen d\u00fcrfen, was f\u00fcr eine mindestens unwirkliche, also lebensferne, irreale\u2026 und nicht zuletzt unglaubw\u00fcrdige Klientel-Politik diese Partei in diesem Land bis dato machte.<\/p>\n<p>Ich hatte bereits Sloterdijks Anmerkungen zum Liberalismus <a href=\"https:\/\/www.dr-thomas-hartung.de\/?p=1003\" target=\"_blank\">kommentiert<\/a>, muss aber offenbar noch einen Schritt weiter gehen. Der Karlsruher Philosophieprofessor meinte (professoralen Tonfalls), Liberale m\u00fcssten \u201evon der Erkenntnis ausgehen, dass Menschen nicht nur habenwollende, giergetriebene, s\u00fcchtige und brauchende Wesen sind, die freie Bahn f\u00fcr ihre Mangelgef\u00fchle und ihren Machthunger fordern. Sie tragen ebenso das Potenzial zu gebenwollendem, gro\u00dfz\u00fcgigem und souver\u00e4nem Verhalten in sich.\u201c Das ist wohl ein Wunschbild, eine Eutopie. Mir scheint eher, als habe sich das Kreat\u00fcrlich-Wesenhafte versch\u00e4rft: Menschen l\u00fcgen f\u00fcr ihren Vorteil, boxen ihre Interessen auf Teufel komm raus durch, sind selbsts\u00fcchtig, kaltbl\u00fctig, hinterlistig &#8211; eine Bande von Moralverbrechern. Und sogenannte (Gesch\u00e4fts- und andere) F\u00fchrer, Parteifunktion\u00e4re zumal, f\u00fchlen sich nicht (mehr) der Wahrheit, nicht der Organisation, den Mitarbeitern, Parteimitgliedern, W\u00e4hlern \u2026 verpflichtet, sondern nur dem Erhalt ihrer Macht und ihres Selbstbildes. Deshalb z\u00fcnden sie Nebelkerzen und lassen eine Kluft zwischen Schein und Sein entstehen, die sich wie eine ansteckende Krankheit auf die ganze Organisation \u00fcbertragen kann, bis vom Mitglied bis zum Sympathisanten alle abspringen und die Motivation aller erlischt. Der Horizont solcher Menschen reicht nicht weiter als der Stadtbus f\u00e4hrt, wie es in einem \u201eSpiegel\u201c-Kommentar hie\u00df.<\/p>\n<p style=\"text-align: center;\">\n<div id=\"attachment_1093\" style=\"width: 387px\" class=\"wp-caption aligncenter\"><a href=\"https:\/\/www.dr-thomas-hartung.de\/wp-content\/uploads\/2011\/05\/karikatur-2212fd.jpg\"><img aria-describedby=\"caption-attachment-1093\" decoding=\"async\" loading=\"lazy\" class=\"size-full wp-image-1093  \" title=\"karikatur-2212fd\" src=\"https:\/\/www.dr-thomas-hartung.de\/wp-content\/uploads\/2011\/05\/karikatur-2212fd.jpg\" alt=\"\" width=\"377\" height=\"274\" srcset=\"https:\/\/www.dr-thomas-hartung.de\/wp-content\/uploads\/2011\/05\/karikatur-2212fd.jpg 589w, https:\/\/www.dr-thomas-hartung.de\/wp-content\/uploads\/2011\/05\/karikatur-2212fd-300x217.jpg 300w\" sizes=\"(max-width: 377px) 100vw, 377px\" \/><\/a><p id=\"caption-attachment-1093\" class=\"wp-caption-text\">Quelle: http:\/\/www.cartooncommerz.de\/IIMS\/iims.php?op=modload&amp;name=IIMS_Gallery&amp;file=index&amp;do=showpic&amp;pid=9772&amp;orderby=dateD<\/p><\/div>\n<p>F\u00fcr mich dagegen liegen die Zusammenh\u00e4nge klar auf Hand: die Politik \u2013 leider nicht nur der (s\u00e4chsischen) FDP \u2013 ist auch und vor allem deshalb lebensfern, weil die politische Klasse, wie der Dresdner Politikwissenschaftler Werner <a href=\"http:\/\/tu-dresden.de\/die_tu_dresden\/fakultaeten\/philosophische_fakultaet\/ifpw\/polsys\/mitarbeiter\/lehrstuhlinhaber\" target=\"_blank\">Patzelt <\/a>bereits im <a href=\"https:\/\/secure.sz-online.de\/nachrichten\/artikel.asp?id=2506514\" target=\"_blank\">Sommer<\/a> 2010 nachwies, aus Netzwerkern besteht, \u201edie au\u00dfer dem politischen Handwerk und seinen Begleitdisziplinen wenig gelernt haben. Seelisch wie materiell leben sie ganz von der Politik. Ohne ihre politischen \u00c4mter sind sie nicht viel\u2026\u201c Und diese Lebensferne wurde mit verursacht, f\u00fcr mich sogar sehr erheblich, von der Lebensunerfahrenheit dieser Generation. Eine Politikergeneration, die Heiner Gei\u00dfler, 81, im \u201ePlayboy\u201c (!) als \u201ezu viele betriebswirtschaftlich desorientierte Yuppies&#8220; charakterisierte: fr\u00fcher habe es in der Politik &#8222;mehr geb\u00fcndelte Intelligenz&#8220; gegeben, kreative, soziale, ethische Intelligenz. Selbst der &#8222;Spiegel&#8220; hat sich jetzt unter der bezeichnenden Schlagzeile \u201e<a href=\"http:\/\/www.spiegel.de\/politik\/deutschland\/0,1518,761748,00.html\" target=\"_blank\">Jugend trainiert f\u00fcr Merkel<\/a>\u201c dieses Problems angenommen und ein \u201eKabinett der Leichtgewichte\u201c konstatiert: in den zugeh\u00f6rigen Facebook-Kommentaren finden sich prompt \u00c4u\u00dferungen wie \u201ekompetenzlos\u201c, \u201eaalglatte Karrieristen\u201c oder \u201e\u00c4mterhopping\u201c.<\/p>\n<p>Und eine Konsequenz daraus ist, dass in vielen Parteien jene Politiker ihr Comeback feiern, die ein Leben mitbringen und nicht nur eine Karriere, die gestalten und nicht verwalten, und die, wie ich k\u00fcrzlich las, &#8222;im Gegensatz zu kurzlebigen Verf\u00fchrern oder Aufplusterern zeigen, dass es ohne gewisse Seriosit\u00e4t auf Dauer nicht geht&#8220;. Nebenbei: schon Georg Milbradt hatte vor Jahren den Begriff der \u201eliberalen Spa\u00dftruppe\u201c <a href=\"https:\/\/secure.sz-online.de\/nachrichten\/artikel.asp?id=2268212&amp;swbm=all\" target=\"_blank\">gepr\u00e4gt<\/a> \u2013 und damit Recht behalten: selbst ein 30j\u00e4hriger drogens\u00fcchtiger Krimineller, jetzt rechtskr\u00e4ftig <a href=\"http:\/\/www.radioleipzig.de\/index.php?id=2139&amp;tx_ttnews[tt_news]=438979&amp;cHash=44064924bd353bbd242d058ff9b99f66\" target=\"_blank\">verurteilt<\/a>, sa\u00df f\u00fcr die FDP im Stadtbezirksbeirat Leipzig-Nordwest.<\/p>\n<p>Fast marginal muss man sich angesichts dessen ebenfalls fragen d\u00fcrfen, ob eine FDP-Politik realer wird, wenn diese Partei in Sachen \u201eAtom\u201c oder \u201eMindestlohn\u201c jene Parteien gr\u00fcner bzw. linker \u00fcberholt, die bislang diese Themen besetzten. Sind wir ein Volk, das sich auf so plumpe Weise in so viele Sackgassen regieren l\u00e4sst? Wir brauchen heute weniger einen verantwortungsvolleren Umgang der Politiker mit dem Volk, sondern vor allem des Volkes mit der Politik, war j\u00fcngst zu lesen Das hat in Sachsen \u00fcbrigens Tradition: schon das Glaubensverst\u00e4ndnis der <a href=\"http:\/\/de.wikipedia.org\/wiki\/Herrnhuter_Br%C3%BCdergemeine\" target=\"_blank\">Herrnhuter, <\/a>wie es <a href=\"http:\/\/de.wikipedia.org\/wiki\/Nikolaus_Ludwig_von_Zinzendorf\" target=\"_blank\">Zinzendorf<\/a> formulierte, hatte viel mit eigenen Erfahrungen zu tun. \u201eDie Herren Theologi haben sich m\u00fcde geredet\u201c, schrieb er. Jetzt sei die Zeit der Laien gekommen: der Pfarrer sei keine unanfechtbare Autorit\u00e4t. Nebenbei &#8211; das BVerfG meint: \u201eMeinungen sind Ergebnisse rational wertender Denkvorg\u00e4nge ohne R\u00fccksicht auf die Qualit\u00e4t des Denkvorgangs.\u201c<\/p>\n<p style=\"text-align: center;\">\n<div id=\"attachment_1077\" style=\"width: 510px\" class=\"wp-caption aligncenter\"><a href=\"https:\/\/www.dr-thomas-hartung.de\/wp-content\/uploads\/2011\/05\/2011_04_03_fdp-r.jpg\"><img aria-describedby=\"caption-attachment-1077\" decoding=\"async\" loading=\"lazy\" class=\"size-full wp-image-1077   \" title=\"2011_04_03_fdp-r\" src=\"https:\/\/www.dr-thomas-hartung.de\/wp-content\/uploads\/2011\/05\/2011_04_03_fdp-r.jpg\" alt=\"\" width=\"500\" height=\"283\" srcset=\"https:\/\/www.dr-thomas-hartung.de\/wp-content\/uploads\/2011\/05\/2011_04_03_fdp-r.jpg 500w, https:\/\/www.dr-thomas-hartung.de\/wp-content\/uploads\/2011\/05\/2011_04_03_fdp-r-300x169.jpg 300w\" sizes=\"(max-width: 500px) 100vw, 500px\" \/><\/a><p id=\"caption-attachment-1077\" class=\"wp-caption-text\">Quelle: http:\/\/www.cartoon-journal.de\/content\/IIMS_Gallery\/gallery\/bengen\/2011_04_03_fdp-r.jpg<\/p><\/div>\n<p>Was aber begibt sich? Da nimmt einer, der ebendiese Partei als Arbeitgeber hat, die Wertigkeit des Postings als Staatsaff\u00e4re und lenkt ebenso detailverliebt wie rhetorisch schlecht ab, sekundiert von Johannes Lohmeyer, dem Dresdner Kreischef eben jener Partei, der schlie\u00dflich mangels Argumenten erst selbstgerecht abwiegelt, dann um sich bei\u00dft und verschwindet. Getroffene Hunde bellen heute nicht mehr nur.<\/p>\n<p style=\"text-align: left;\">Abgesehen davon, dass solches Verhalten das des gewesenen Bundeschefs imitiert (laut Christian <a href=\"http:\/\/www.spiegel.de\/politik\/deutschland\/0,1518,758504,00.html\" target=\"_blank\">Hacke<\/a> agiere Westerwelle zugleich selbstgerecht auftrumpfend und feige wegduckend; er sei der bornierteste Au\u00dfenminister seit von Ribbentrop) \u2013 was f\u00fcr ein Verst\u00e4ndnis von Meinungsfreiheit, demokratischer Kultur und Umgang mit kritischen Publizisten scheint hier auf, ja was f\u00fcr eine realit\u00e4tsferne Borniertheit gegen\u00fcber den W\u00e4hlern? Oder noch sch\u00e4rfer: was f\u00fcr eine d\u00fcnkelhafte Besatzermentalit\u00e4t gegen\u00fcber kritischen Stimmen aus Ostdeutschland kommt hier im Jahre 21 nach der Wiedervereinigung zum Vorschein? Wie viel Angst hat da jemand, selbst in einem publizistisch nicht professionellen \u201eSocial Medium\u201c? Und vor allem: wie selbstgerecht muss jemand sein, der auf seiner Website beansprucht, nur <a href=\"http:\/\/www.johanneslohmeyer.de\/?page_id=3\" target=\"_blank\">Kommentare<\/a> zuzulassen, die \u201eauf Beschimpfungen und pers\u00f6nliche Angriffe verzichten\u201c, aber selbst genau diese kommunikativen Mittel nutzt?<\/p>\n<p>Muss man sich nun als promovierter Germanist, Autor mehrerer wissenschaftlicher Aufs\u00e4tze und diverser Lehrmaterialien sowie als Betreuer von \u00fcber 70 Diplomanden von einem Hotelier als \u201epseudointellektueller Dummschw\u00e4tzer\u201c diffamieren &#8211; und von diversen Personen darauf ansprechen lassen?<\/p>\n<p>Muss man sich als Publizist, der seit 28 Semestern am Institut f\u00fcr Kommunikationswissenschaft der TU Dresden Fernsehjournalismus lehrt (von den anderen Hochschulen und journalistischen F\u00e4chern gar nicht zu reden) und dessen Studenten heute vom MDR \u00fcber den RBB oder das ZDF bis hin zu n-tv arbeiten, von einem lokalen Parteifunktion\u00e4r als \u201ezweitklassiger Gossenjournalist\u201c beschimpfen &#8211; und von diversen Personen darauf ansprechen lassen?<\/p>\n<p>Und muss man sich als Gr\u00fcndungsredakteur von zwei Radiosendern, als CvD eines Fernsehsenders, als Studioleiter eines Fernsehausbildungsstudios sowie als Produzent des ersten ostdeutschen Universit\u00e4tsfernsehens und des ersten deutschen Fernsehmagazins in obersorbischer Sprache  mit insgesamt vier Fernsehpreisen von einem Lokalpolitiker als \u201eVersager\u201c verh\u00f6hnen &#8211; und von diversen Personen darauf ansprechen lassen?<\/p>\n<p>Schon Lasalle erkannte, dass alle politische Kleingeisterei im Verschweigen und Bem\u00e4nteln dessen, was ist, besteht. Und durch G\u00fcte ist Recht nicht herzustellen. Also klage ich, dankenswerterweise mit Unterst\u00fctzung des <a href=\"http:\/\/www.djv-sachsen.de\/\" target=\"_blank\">DJV<\/a>, dem am Image seiner Mitglieder gelegen ist, gegen diese \u00c4u\u00dferungen auf Unterlassung. \u00dcber das Resultat informiere ich hier.<\/p>\n<p><iframe src=\"http:\/\/www.facebook.com\/plugins\/like.php?href=http%3A%2F%2Fwww.dr-thomas-hartung.de%2F%3Fp%3D1070&amp;send=true&amp;layout=standard&amp;width=450&amp;show_faces=true&amp;action=like&amp;colorscheme=light&amp;font&amp;height=80\" scrolling=\"no\" frameborder=\"0\" style=\"border:none; overflow:hidden; width:450px; height:80px;\" allowTransparency=\"true\"><\/iframe><\/p>\n","protected":false},"excerpt":{"rendered":"<p>Muss man sich als promovierter Germanist, Journalist, Dozent, potentieller W\u00e4hler, Mensch und Ostdeutscher von einem westimportierten Lokalpolitiker der FDP als Versager, Dummschw\u00e4tzer und Gossenjournalist verunglimpfen lassen? Ich meine nein. Dem &#8222;Nein&#8220; folgt eine vom DJV Sachsen unterst\u00fctzte Unterlassungsklage gegen Dresdens FDP-Chef Johannes Lohmeyer.<\/p>\n","protected":false},"author":1,"featured_media":0,"comment_status":"open","ping_status":"open","sticky":false,"template":"","format":"standard","meta":[],"categories":[1,4],"tags":[],"_links":{"self":[{"href":"https:\/\/www.dr-thomas-hartung.de\/index.php?rest_route=\/wp\/v2\/posts\/1070"}],"collection":[{"href":"https:\/\/www.dr-thomas-hartung.de\/index.php?rest_route=\/wp\/v2\/posts"}],"about":[{"href":"https:\/\/www.dr-thomas-hartung.de\/index.php?rest_route=\/wp\/v2\/types\/post"}],"author":[{"embeddable":true,"href":"https:\/\/www.dr-thomas-hartung.de\/index.php?rest_route=\/wp\/v2\/users\/1"}],"replies":[{"embeddable":true,"href":"https:\/\/www.dr-thomas-hartung.de\/index.php?rest_route=%2Fwp%2Fv2%2Fcomments&post=1070"}],"version-history":[{"count":40,"href":"https:\/\/www.dr-thomas-hartung.de\/index.php?rest_route=\/wp\/v2\/posts\/1070\/revisions"}],"predecessor-version":[{"id":1152,"href":"https:\/\/www.dr-thomas-hartung.de\/index.php?rest_route=\/wp\/v2\/posts\/1070\/revisions\/1152"}],"wp:attachment":[{"href":"https:\/\/www.dr-thomas-hartung.de\/index.php?rest_route=%2Fwp%2Fv2%2Fmedia&parent=1070"}],"wp:term":[{"taxonomy":"category","embeddable":true,"href":"https:\/\/www.dr-thomas-hartung.de\/index.php?rest_route=%2Fwp%2Fv2%2Fcategories&post=1070"},{"taxonomy":"post_tag","embeddable":true,"href":"https:\/\/www.dr-thomas-hartung.de\/index.php?rest_route=%2Fwp%2Fv2%2Ftags&post=1070"}],"curies":[{"name":"wp","href":"https:\/\/api.w.org\/{rel}","templated":true}]}}