{"id":1178,"date":"2011-07-11T16:11:18","date_gmt":"2011-07-11T15:11:18","guid":{"rendered":"http:\/\/www.dr-thomas-hartung.de\/?p=1178"},"modified":"2011-07-11T16:13:23","modified_gmt":"2011-07-11T15:13:23","slug":"diktatur-der-entzauberung-lohn-der-profillosigkeit","status":"publish","type":"post","link":"https:\/\/www.dr-thomas-hartung.de\/?p=1178","title":{"rendered":"Diktatur der Entzauberung &#8211; Lohn der Profillosigkeit?"},"content":{"rendered":"<p>Wir bef\u00e4nden uns am h\u00f6chstm\u00f6glichen Punkt der gesellschaftlichen Entzauberung, las ich k\u00fcrzlich in der \u201e<a href=\"http:\/\/www.zeit.de\/index\" target=\"_blank\">Zeit<\/a>\u201c. Es g\u00e4be nichts mehr, das man bew\u00e4ltigen oder nach dem man streben m\u00fcsse. Wenn das Morgen wahrscheinlich genau so ist wie das Heute, wozu darum k\u00e4mpfen? \u00a0Weil man nirgendwo ankommen will, wirkt jeder Aufbruch und jedes Ansto\u00dfnehmen unglaubw\u00fcrdig.<\/p>\n<p>Ich denke, dass die sogenannten Volksparteien Union, SPD und FDP einen Gro\u00dfteil ihrer Anh\u00e4nger auch darum verloren haben, weil sie sich &#8211; wenn \u00fcberhaupt &#8211; nur noch versch\u00e4mt darum scheren, was ihren Anh\u00e4ngern wichtig ist. Die Funktionseliten f\u00fcrchten sich vor ihren eigenen Programmen, wenn sie nur ansatzweise in eine Richtung tendieren, in die es aufzubrechen gelte, entsprechend str\u00e4flich vernachl\u00e4ssigen sie ihre &#8222;Kundschaft&#8220; und entt\u00e4uschen sie. Ihre ehemaligen Anh\u00e4nger sind ganz offensichtlich nicht in Scharen zum politischen Gegner \u00fcbergelaufen, sie wollen nur nicht Merkel, Gabriel und R\u00f6sler f\u00fcr deren Profillosigkeit auch noch belohnen.<\/p>\n<p>Und nicht nur das \u2013 genau diese profil- und damit ahnungslosen Funktionseliten haben sich sp\u00e4testens seit der gro\u00dfen Koalition auch auf allen Gebieten breitgemacht, in denen sie nichts zu suchen haben, sondern die ureigenstes Terrain von Leistungseliten sind. Das Resultat erleben wir t\u00e4glich: eine Aush\u00f6hlung des Leistungsbegriffs, seine Reduktion auf kreat\u00fcrliches Sein. Und wer das am besten \u2013 sprich am egoistischsten \u2013 lebt, ist erfolgreich: als Grand-Prix-Gewinnerin, die nicht singen kann, als Dr., der nicht promovieren, sondern nur abschreiben kann, als Minister, der nicht regieren, sondern nur Klientelw\u00fcnsche erf\u00fcllen kann\u2026<\/p>\n<p>Diese gef\u00e4hrliche Entwicklung wurde jetzt auf absurde Weise an einer lagerfremden Kritik am Atomausstieg deutlich: RWE-Manager <a href=\"http:\/\/de.wikipedia.org\/wiki\/Fritz_Vahrenholt\" target=\"_blank\">Fritz Vahrenholt<\/a> (SPD) kritisierte in einem Artikel f\u00fcr die \u201e<a href=\"http:\/\/www.welt.de\/print\/die_welt\/debatte\/article13397280\/Oekodiktatur-pur.html\" target=\"_blank\">Welt<\/a>\u201c \u00a0den \u00f6kologischen \u201eJakobinismus\u201c als menschenfeindlich, als er schrieb, dass die energetische Transformation der Gesellschaft ein \u201eH\u00f6chstma\u00df an Idealismus, Altruismus und Opferbereitschaft\u201c von den B\u00fcrgern verlange, was \u201eauf demokratischem Weg nicht zu verwirklichen\u201c sei. Warum n\u00e4mlich, so Vahrenholts rhetorische Frage, \u201esollten die Menschen weltweit freiwillig auf ihre Anspr\u00fcche an materielle Wohlfahrt und Sicherheit verzichten?\u201c<\/p>\n<p>Moment mal \u2013 was f\u00fcr Anspr\u00fcche sind das, und vor allem wessen??? Der gef\u00fchlte Anspruch auf einen Lebensstandard mit mehreren Urlaubsreisen, mehreren Autos pro Familie und dem t\u00e4glichen Wegwerfen von Nahrungsmitteln? Dem \u201eSpiegel\u201c scheint eher das \u201eH\u00f6chstma\u00df an Opferbereitschaft\u201c heute vor allem darin zu bestehen, bis zu zw\u00f6lf Monate auf die Auslieferung des bestellten Porsche Cayenne warten zu m\u00fcssen.<\/p>\n<div id=\"attachment_1179\" style=\"width: 510px\" class=\"wp-caption aligncenter\"><a href=\"https:\/\/www.dr-thomas-hartung.de\/wp-content\/uploads\/2011\/07\/shopping_691189.jpg\"><img aria-describedby=\"caption-attachment-1179\" decoding=\"async\" loading=\"lazy\" class=\"size-full wp-image-1179\" title=\"shopping_691189\" src=\"https:\/\/www.dr-thomas-hartung.de\/wp-content\/uploads\/2011\/07\/shopping_691189.jpg\" alt=\"\" width=\"500\" height=\"272\" srcset=\"https:\/\/www.dr-thomas-hartung.de\/wp-content\/uploads\/2011\/07\/shopping_691189.jpg 500w, https:\/\/www.dr-thomas-hartung.de\/wp-content\/uploads\/2011\/07\/shopping_691189-300x163.jpg 300w\" sizes=\"(max-width: 500px) 100vw, 500px\" \/><\/a><p id=\"caption-attachment-1179\" class=\"wp-caption-text\">Quelle: http:\/\/de.toonpool.com\/cartoons\/Shopping_69118<\/p><\/div>\n<p>Klar, so soll es sein in einer Wachstumswirtschaft: sie funktioniert nur, wenn sie \u00fcber die Befriedigung der vitalen Bed\u00fcrfnisse hinaus pausenlos neue erfindet und Verbraucher in dumpfe Befriediger von W\u00fcnschen verwandelt, von denen sie kurz zuvor noch gar nicht wussten, dass sie sie hatten. All das mit sich machen zu lassen, seine Welt mit Plunder vollzustellen darf in unserer Gesellschaften als gef\u00fchltes Menschenrecht gelten? So tief verwurzelt ist die Vorstellung, dass einem einfach zustehe, was die Benutzeroberfl\u00e4che der Konsumgesellschaft feilbietet\u2026<\/p>\n<p>Ja, damit w\u00fcrde Vorschub geleistet Sloterdijks Forderung nach \u201eneuer Askese\u201c, die ich auch schon mal <a href=\"https:\/\/www.dr-thomas-hartung.de\/p=1042\" target=\"_blank\">diskutierte<\/a>. Aber eine Askese, die aus sich selbst kommen muss, aus jener Tiefe, die nichts mit Benutzeroberfl\u00e4chen zu tun hat. Aber medieninkompetent wie wir sind, wissen wir ja nicht mehr, wie PC (und Welt) aufgebaut sind; und dass das Oberfl\u00e4chliche nicht das Eigentliche ist. Aber wie, womit und wodurch ist dieser Zusammenhang heute vermittelbar?<\/p>\n<p><iframe src=\"http:\/\/www.facebook.com\/plugins\/like.php?href=http%3A%2F%2Fwww.dr-thomas-hartung.de%2F%3Fp%3D1178&amp;send=true&amp;layout=standard&amp;width=450&amp;show_faces=true&amp;action=like&amp;colorscheme=light&amp;font&amp;height=80\" scrolling=\"no\" frameborder=\"0\" style=\"border:none; overflow:hidden; width:450px; height:80px;\" allowTransparency=\"true\"><\/iframe><\/p>\n","protected":false},"excerpt":{"rendered":"<p>Die politischen Funktionseliten f\u00fcrchten sich vor ihren eigenen Programmen, wenn sie nur ansatzweise in eine Richtung tendieren, in die es aufzubrechen gelte, entsprechend str\u00e4flich vernachl\u00e4ssigen sie ihre &#8222;Kundschaft&#8220; und entt\u00e4uschen sie. Ihre ehemaligen Anh\u00e4nger sind ganz offensichtlich nicht in Scharen zum politischen Gegner \u00fcbergelaufen, sie wollen nur nicht Merkel, Gabriel und R\u00f6sler f\u00fcr deren Profillosigkeit auch noch belohnen. Und nicht nur das \u2013 genau diese profil- und damit ahnungslosen Funktionseliten haben sich sp\u00e4testens seit der gro\u00dfen Koalition auch auf allen Gebieten breitgemacht, in denen sie nichts zu suchen haben, sondern die ureigenstes Terrain von Leistungseliten sind. Das Resultat erleben wir t\u00e4glich: eine Aush\u00f6hlung des Leistungsbegriffs. Diese gef\u00e4hrliche Entwicklung wurde jetzt auf absurde Weise an einer lagerfremden Kritik am Atomausstieg deutlich.<\/p>\n","protected":false},"author":1,"featured_media":0,"comment_status":"open","ping_status":"open","sticky":false,"template":"","format":"standard","meta":[],"categories":[1,4],"tags":[],"_links":{"self":[{"href":"https:\/\/www.dr-thomas-hartung.de\/index.php?rest_route=\/wp\/v2\/posts\/1178"}],"collection":[{"href":"https:\/\/www.dr-thomas-hartung.de\/index.php?rest_route=\/wp\/v2\/posts"}],"about":[{"href":"https:\/\/www.dr-thomas-hartung.de\/index.php?rest_route=\/wp\/v2\/types\/post"}],"author":[{"embeddable":true,"href":"https:\/\/www.dr-thomas-hartung.de\/index.php?rest_route=\/wp\/v2\/users\/1"}],"replies":[{"embeddable":true,"href":"https:\/\/www.dr-thomas-hartung.de\/index.php?rest_route=%2Fwp%2Fv2%2Fcomments&post=1178"}],"version-history":[{"count":4,"href":"https:\/\/www.dr-thomas-hartung.de\/index.php?rest_route=\/wp\/v2\/posts\/1178\/revisions"}],"predecessor-version":[{"id":1183,"href":"https:\/\/www.dr-thomas-hartung.de\/index.php?rest_route=\/wp\/v2\/posts\/1178\/revisions\/1183"}],"wp:attachment":[{"href":"https:\/\/www.dr-thomas-hartung.de\/index.php?rest_route=%2Fwp%2Fv2%2Fmedia&parent=1178"}],"wp:term":[{"taxonomy":"category","embeddable":true,"href":"https:\/\/www.dr-thomas-hartung.de\/index.php?rest_route=%2Fwp%2Fv2%2Fcategories&post=1178"},{"taxonomy":"post_tag","embeddable":true,"href":"https:\/\/www.dr-thomas-hartung.de\/index.php?rest_route=%2Fwp%2Fv2%2Ftags&post=1178"}],"curies":[{"name":"wp","href":"https:\/\/api.w.org\/{rel}","templated":true}]}}