{"id":1242,"date":"2011-10-04T21:32:22","date_gmt":"2011-10-04T20:32:22","guid":{"rendered":"http:\/\/www.dr-thomas-hartung.de\/?p=1242"},"modified":"2011-10-12T20:22:37","modified_gmt":"2011-10-12T19:22:37","slug":"das-ist-doch-keese","status":"publish","type":"post","link":"https:\/\/www.dr-thomas-hartung.de\/?p=1242","title":{"rendered":"Das ist doch Keese&#8230;"},"content":{"rendered":"<p>Zugegeben: zuerst wollte ich vom Glauben abfallen, dann musste ich es (noch) nicht in anfangs bef\u00fcrchteter Fallh\u00f6he \u2013 gl\u00fccklicherweise. Glauben meint hier den Glauben an deutsches Qualit\u00e4tsfernsehen. Oder besser: Qualit\u00e4tsfernsehen aus Deutschland, denn die innovativen Eigenformate lassen sich, wenn \u00fcberhaupt, gerade noch an zwei H\u00e4nden herz\u00e4hlen.<\/p>\n<p>Es geht \u2013 nat\u00fcrlich \u2013 um den eben verliehenen <a href=\"http:\/\/www.deutscherfernsehpreis.de\/start_flash.htm\" target=\"_blank\">Deutschen Fernsehpreis<\/a> (nicht um die peinliche dpa-Panne dazu, die oft genug <a href=\"http:\/\/www.bildblog.de\/33863\/ups-verliehen\/\" target=\"_self\">gew\u00fcrdigt<\/a> wurde). Der w\u00e4re wohl gern das Pendant zu den amerikanischen<a href=\"http:\/\/de.wikipedia.org\/wiki\/Emmy\" target=\"_blank\"> Emmys<\/a>. Mit <strong>der<\/strong> Nominierungsliste wird das dieses Jahr erstmal (oder wieder) nichts werden, denn das deutsche Fernsehen hat nach Meinung der Jury unter Christoph <a href=\"http:\/\/de.wikipedia.org\/wiki\/Christoph_Keese\" target=\"_blank\">Keese<\/a> nicht mehr zu bieten als die RTL-Shows \u201e<a href=\"http:\/\/de.wikipedia.org\/wiki\/Ich_bin_ein_Star_%E2%80%93_Holt_mich_hier_raus!\" target=\"_blank\">Ich bin ein Star \u2013 Holt mich hier raus<\/a>\u201c oder \u201eLet\u2019s Dance?\u201c! Die waren zusammen mit dem &#8222;Eurovision Song Contest 2011&#8220; (ARD) in der Kategorie \u201eBeste Show\u201c nominiert. Meine Fassungslosigkeit dar\u00fcber wurde nur noch davon \u00fcbertroffen, dass \u201eGoodbye Deutschland \u2013 Die Auswanderer\u201c (VOX) in der Kategorie \u201eBeste Unterhaltung Doku\u201c (!) um den Preis antreten darf. Konkurriert hat diese hochqualitative Perle der deutschen Fernsehlandschaft mit der K1-Show \u201eStellungswechsel \u2013 Job bekannt, fremdes Land\u201c (netter Endreim immerhin) und \u201eDer Wettlauf zum S\u00fcdpol: Deutschland gegen \u00d6sterreich (ZDF)\u201c.<\/p>\n<div id=\"attachment_1243\" style=\"width: 310px\" class=\"wp-caption aligncenter\"><a href=\"https:\/\/www.dr-thomas-hartung.de\/wp-content\/uploads\/2011\/10\/dirk-bach-und-sonja-zietlow.jpg\"><img aria-describedby=\"caption-attachment-1243\" decoding=\"async\" loading=\"lazy\" class=\"size-medium wp-image-1243\" title=\"dirk-bach-und-sonja-zietlow\" src=\"https:\/\/www.dr-thomas-hartung.de\/wp-content\/uploads\/2011\/10\/dirk-bach-und-sonja-zietlow-300x151.jpg\" alt=\"\" width=\"300\" height=\"151\" srcset=\"https:\/\/www.dr-thomas-hartung.de\/wp-content\/uploads\/2011\/10\/dirk-bach-und-sonja-zietlow-300x151.jpg 300w, https:\/\/www.dr-thomas-hartung.de\/wp-content\/uploads\/2011\/10\/dirk-bach-und-sonja-zietlow.jpg 425w\" sizes=\"(max-width: 300px) 100vw, 300px\" \/><\/a><p id=\"caption-attachment-1243\" class=\"wp-caption-text\">Quelle: http:\/\/unterhaltung.t-online.de\/dschungelcamp-fuer-den-fernsehpreis-nominiert\/id_49963876\/index<\/p><\/div>\n<p style=\"text-align: center;\">\n<p>Jetzt k\u00f6nnte man denken, der Deutsche Fernsehpreis wolle einfach nur die Sendungen mit den h\u00f6chsten Einschaltquoten auszeichnen. Aber nein, ich zitiere aus den Statuten: \u201eDER DEUTSCHE FERNSEHPREIS wird von ARD, RTL, SAT.1 und ZDF in der gemeinsamen Verpflichtung zur F\u00f6rderung der Qualit\u00e4t der Fernsehprogramme gestiftet.\u201c Das erkl\u00e4rt mir jetzt die Auswahl der Nominierten nicht wirklich, es sei denn, die hier angewandte Methode nennt sich paradoxe Intervention. Wenn das so weitergeht, konkurrieren n\u00e4chstes Jahr noch die \u201eSexy Sport Clips\u201c um die Troph\u00e4e der besten Sportsendung (diese Kategorie gibt es noch nicht, kann aber noch kommen). Da ist nur wenig tr\u00f6stlich, dass die ARD die meisten Nominierungen erhalten hat: 15 an der Zahl. Jetzt frage ich mich nur noch, ob Sendungen wie \u201eIch bin ein Star \u2013 holt mich hier raus\u201c tats\u00e4chlich eine realistische Chance h\u00e4tten oder nur aufgestellt wurden, damit die ARD-Sendungen besser wegkommen. Beides ist nicht wirklich w\u00fcnschenswert.<\/p>\n<div id=\"attachment_1244\" style=\"width: 310px\" class=\"wp-caption aligncenter\"><a href=\"https:\/\/www.dr-thomas-hartung.de\/wp-content\/uploads\/2011\/10\/Bild1.jpg\"><img aria-describedby=\"caption-attachment-1244\" decoding=\"async\" loading=\"lazy\" class=\"size-medium wp-image-1244\" title=\"Bild1\" src=\"https:\/\/www.dr-thomas-hartung.de\/wp-content\/uploads\/2011\/10\/Bild1-300x161.jpg\" alt=\"\" width=\"300\" height=\"161\" srcset=\"https:\/\/www.dr-thomas-hartung.de\/wp-content\/uploads\/2011\/10\/Bild1-300x161.jpg 300w, https:\/\/www.dr-thomas-hartung.de\/wp-content\/uploads\/2011\/10\/Bild1.jpg 960w\" sizes=\"(max-width: 300px) 100vw, 300px\" \/><\/a><p id=\"caption-attachment-1244\" class=\"wp-caption-text\">Quelle: http:\/\/www.schweizer-illustrierte.ch\/tv-shows\/ich-bin-ein-star-holt-mich-hier-raus-die-vertraege-wer-schweigt-kassiert<\/p><\/div>\n<p>Kann man Dschungel liebhaben? Das Verb scheint falsch gew\u00e4hlt. Letztes Jahr wurden wichtige Kategorien wie \u201eBeste Regie\u201c und \u201eBestes Drehbuch\u201c gestrichen und die neue Kategorie \u201eBeste Unterhaltungssendung Doku\u201c eingef\u00fchrt, um die billigen, rei\u00dferischen Doku-Soaps zu ehren. Dieses Jahr ward es noch \u201ebesser\u201c, da im Bereich Information keine Sendungen mehr ausgezeichnet werden, sondern lediglich Personen. Hinzu kommt, dass Spartensender wie arte, 3sat und ZDFinfo etc. fast v\u00f6llig unter den Tisch gekehrt wurden. Allgemeinpl\u00e4tze sind nicht unbedingt mein Ding, aber das Bonmot \u201e\u2026heute sinkt f\u00fcr sie\u2026 das Niveau!\u201c trifft den Sachverhalt durchaus.<\/p>\n<div id=\"attachment_1245\" style=\"width: 310px\" class=\"wp-caption aligncenter\"><a href=\"https:\/\/www.dr-thomas-hartung.de\/wp-content\/uploads\/2011\/10\/niveau.jpg\"><img aria-describedby=\"caption-attachment-1245\" decoding=\"async\" loading=\"lazy\" class=\"size-medium wp-image-1245\" title=\"niveau\" src=\"https:\/\/www.dr-thomas-hartung.de\/wp-content\/uploads\/2011\/10\/niveau-300x258.jpg\" alt=\"\" width=\"300\" height=\"258\" srcset=\"https:\/\/www.dr-thomas-hartung.de\/wp-content\/uploads\/2011\/10\/niveau-300x258.jpg 300w, https:\/\/www.dr-thomas-hartung.de\/wp-content\/uploads\/2011\/10\/niveau.jpg 340w\" sizes=\"(max-width: 300px) 100vw, 300px\" \/><\/a><p id=\"caption-attachment-1245\" class=\"wp-caption-text\">Quelle: http:\/\/www.fun-24.de\/images\/gross\/niveau.jpg<\/p><\/div>\n<p style=\"text-align: center;\">\n<p>Man kann den Trash \u201eDschungelcamp\u201c als Sozialstudie sehen: wie funktioniert Gruppendynamik? Man kann den Trash auch als Progression der deutschen Sprache sehen \u2013 aber bl\u00f6de Spr\u00fcche gibt\u2018s auch bei &#8222;DSDS&#8220;, da kann ja mal wer den Bohlen nominieren. Man kann den Trash aber auch \u2013 und das ist meine Perspektive \u2013 als bewussten Versuch sehen, pro Sendeminute den IQ des Zuschauers um ca. 1 Punkt (vor\u00fcbergehend?) sinken zu lassen und ihm wenn nicht ins TV-Nirvana, so doch ins geistige Neandertal zu verhelfen. Die Verdummung besteht in der Ablenkung. Wer Trash verdauen soll, hat keine Kapazit\u00e4ten mehr, \u00fcber Fukushima, Bankenkrise, Hartz IV und \u00e4hnliche wirklich \u201ewichtige\u201c (?) Dinge zu reflektieren &#8211; geschweige denn etwas dagegen zu tun. Genau das ist das Kalk\u00fcl: ruhigstellen durch Emotion statt Information; Benjamin l\u00e4sst ebenso gr\u00fc\u00dfen wie die Frankfurter Schule. Da finde ich den Schluss \u201eNicht-Information gleich Verdummung\u201c absolut gerechtfertigt. Wichtige Dinge (Politik, Wirtschaft, Finanzen\u2026) scheinen den gemeinen Deutschen nicht im Geringsten zu interessieren. Warum auch!? Davon h\u00e4ngt ja \u201enur\u201c die Zukunft eines jeden Einzelnen und dessen Kinder und Enkel ab!<\/p>\n<div id=\"attachment_1246\" style=\"width: 310px\" class=\"wp-caption aligncenter\"><a href=\"https:\/\/www.dr-thomas-hartung.de\/wp-content\/uploads\/2011\/10\/verbloeden.jpg\"><img aria-describedby=\"caption-attachment-1246\" decoding=\"async\" loading=\"lazy\" class=\"size-medium wp-image-1246\" title=\"verbloeden\" src=\"https:\/\/www.dr-thomas-hartung.de\/wp-content\/uploads\/2011\/10\/verbloeden-300x208.jpg\" alt=\"\" width=\"300\" height=\"208\" srcset=\"https:\/\/www.dr-thomas-hartung.de\/wp-content\/uploads\/2011\/10\/verbloeden-300x208.jpg 300w, https:\/\/www.dr-thomas-hartung.de\/wp-content\/uploads\/2011\/10\/verbloeden.jpg 420w\" sizes=\"(max-width: 300px) 100vw, 300px\" \/><\/a><p id=\"caption-attachment-1246\" class=\"wp-caption-text\">Quelle: http:\/\/2.bp.blogspot.com\/-U0Kg6JEqmNY\/TdznRxJvaII\/AAAAAAAAABo\/BiMg-Ba2IE0\/s1600\/verbloeden.jpg<\/p><\/div>\n<p>Einziger Lichtblick: der Dschungel flog, es landete <a href=\"http:\/\/de.wikipedia.org\/wiki\/Lena_Meyer-Landrut\" target=\"_blank\">Lena<\/a>, das deutsche Fr\u00e4uleinwunder des III. Jahrtausends. Ich kann mich dar\u00fcber nicht wirklich freuen. Mir ist, also ob Beelzebub gew\u00fcrdigt wurde, damit man den Teufel nicht salonf\u00e4hig machen muss.<br \/>\n<iframe src=\"http:\/\/www.facebook.com\/plugins\/like.php?href=http%3A%2F%2Fwww.dr-thomas-hartung.de%2F%3Fp%3D1242X&amp;send=true&amp;layout=standard&amp;width=450&amp;show_faces=true&amp;action=like&amp;colorscheme=light&amp;font&amp;height=80\" scrolling=\"no\" frameborder=\"0\" style=\"border:none; overflow:hidden; width:450px; height:80px;\" allowTransparency=\"true\"><\/iframe><\/p>\n","protected":false},"excerpt":{"rendered":"<p>Zugegeben: zuerst wollte ich vom Glauben abfallen, dann musste ich es (noch) nicht in anfangs bef\u00fcrchteter Fallh\u00f6he \u2013 gl\u00fccklicherweise. Glauben meint hier den Glauben an deutsches Qualit\u00e4tsfernsehen. Oder besser: Qualit\u00e4tsfernsehen aus Deutschland, denn die innovativen Eigenformate lassen sich, wenn \u00fcberhaupt, gerade noch an zwei H\u00e4nden herz\u00e4hlen. Es geht \u2013 nat\u00fcrlich \u2013 um den eben verliehenen Deutschen Fernsehpreis, vor allem um die Nominierung der RTL-Show \u201eIch bin ein Star \u2013 Holt mich hier raus&#8220;.<\/p>\n","protected":false},"author":1,"featured_media":0,"comment_status":"open","ping_status":"open","sticky":false,"template":"","format":"standard","meta":[],"categories":[1,4],"tags":[],"_links":{"self":[{"href":"https:\/\/www.dr-thomas-hartung.de\/index.php?rest_route=\/wp\/v2\/posts\/1242"}],"collection":[{"href":"https:\/\/www.dr-thomas-hartung.de\/index.php?rest_route=\/wp\/v2\/posts"}],"about":[{"href":"https:\/\/www.dr-thomas-hartung.de\/index.php?rest_route=\/wp\/v2\/types\/post"}],"author":[{"embeddable":true,"href":"https:\/\/www.dr-thomas-hartung.de\/index.php?rest_route=\/wp\/v2\/users\/1"}],"replies":[{"embeddable":true,"href":"https:\/\/www.dr-thomas-hartung.de\/index.php?rest_route=%2Fwp%2Fv2%2Fcomments&post=1242"}],"version-history":[{"count":10,"href":"https:\/\/www.dr-thomas-hartung.de\/index.php?rest_route=\/wp\/v2\/posts\/1242\/revisions"}],"predecessor-version":[{"id":1258,"href":"https:\/\/www.dr-thomas-hartung.de\/index.php?rest_route=\/wp\/v2\/posts\/1242\/revisions\/1258"}],"wp:attachment":[{"href":"https:\/\/www.dr-thomas-hartung.de\/index.php?rest_route=%2Fwp%2Fv2%2Fmedia&parent=1242"}],"wp:term":[{"taxonomy":"category","embeddable":true,"href":"https:\/\/www.dr-thomas-hartung.de\/index.php?rest_route=%2Fwp%2Fv2%2Fcategories&post=1242"},{"taxonomy":"post_tag","embeddable":true,"href":"https:\/\/www.dr-thomas-hartung.de\/index.php?rest_route=%2Fwp%2Fv2%2Ftags&post=1242"}],"curies":[{"name":"wp","href":"https:\/\/api.w.org\/{rel}","templated":true}]}}