{"id":1298,"date":"2012-02-03T17:50:42","date_gmt":"2012-02-03T16:50:42","guid":{"rendered":"http:\/\/www.dr-thomas-hartung.de\/?p=1298"},"modified":"2012-02-16T22:31:03","modified_gmt":"2012-02-16T21:31:03","slug":"schwere-oder-erschwerte-bildung-das-dilemma-leichter-sprache","status":"publish","type":"post","link":"https:\/\/www.dr-thomas-hartung.de\/?p=1298","title":{"rendered":"Schwere oder erschwerte Bildung? Das Dilemma &#8222;Leichter&#8220; Sprache"},"content":{"rendered":"<p>Nach Urlaub und Ankunft im neuen Jahr besteht an diversen politischen Wirrnis-Themen kein Mangel. Das beginnt nicht erst bei <a href=\"http:\/\/www.tagesschau.de\/inland\/wulff638.html\" target=\"_blank\">bundespr\u00e4sidialem Gef\u00e4lligkeitsregieren<\/a> und endet auch nicht bei <a href=\"http:\/\/www.spiegel.de\/politik\/deutschland\/0,1518,811506,00.html\" target=\"_blank\">verfassungszersch\u00fctzendem Abgeordnetenwatch<\/a> (Dschungelcamp, FDP-Postengeschacher oder Menschenrecht auf Rendite fallen da laut Nachrichtenwerttheorie schon durch). In mir hat sich seit dieser Woche aber etwas anderes als \u00c4rgernis breitgemacht. Etwas, das zugegebenerma\u00dfen unter dem Aspekt von \u201e<a href=\"http:\/\/de.wikipedia.org\/wiki\/Politische_Korrektheit\" target=\"_blank\">political correctness<\/a>\u201c nicht ganz einfach zu diskutieren ist. Vielleicht bin ich da besonders hellsichtig, was bestimmt Entwicklungen angeht &#8211; aber ich empfinde da einen gef\u00e4hrlichen Trend.<\/p>\n<p>Was ist gemeint? Jenes Ph\u00e4nomen namens \u201e<a href=\"http:\/\/de.wikipedia.org\/wiki\/Leichte_Sprache\" target=\"_blank\">Leichte Sprache<\/a>\u201c. Es geht zur\u00fcck auf ein 2006 gegr\u00fcndetes Netzwerk, dem u.a. die Bundesvereinigung Lebenshilfe oder die AWO angeh\u00f6ren. In ihrem <a href=\"http:\/\/www.leichtesprache.org\/\" target=\"_blank\">Selbstverst\u00e4ndnis<\/a> ist Leichte Sprache eine \u201ebesonders leicht verst\u00e4ndliche sprachliche Ausdrucksweise\u201c, die \u201evor allem Menschen mit geringen sprachlichen F\u00e4higkeiten das Verst\u00e4ndnis von Texten erleichtern\u201c soll und \u201edamit eine Form der Barrierefreiheit\u201c darstellt. Laut Internetpr\u00e4senz ist Leichte Sprache \u201ebesonders wichtig f\u00fcr Menschen mit Lernschwierigkeiten\u201c, aber auch gut f\u00fcr alle anderen Menschen, etwa \u201eF\u00fcr Menschen, die nicht so gut lesen k\u00f6nnen. F\u00fcr Menschen, die nicht so gut Deutsch k\u00f6nnen.\u201c<\/p>\n<p>So weit so gut. Oder so schlecht? Dass man dem Volk aufs Maul schauen solle (Luther), dass S\u00e4tze gut seien, wenn sie in der Bibel, bei Brecht und in der Bild st\u00fcnden (Schneider), dass\u2026 derlei Verdikte gibt es viele. Das prim\u00e4re Problem, f\u00fcr Menschen mit Lern-, Sprach- oder sonstigen kommunikativen Handicaps soziale Teilhabe zu bieten, und das sekund\u00e4re, Beamtendeutsch, Fachchinesisch oder Marketingdenglisch einzud\u00e4mmen, finde ich durchaus zur L\u00f6sung anstehend.<\/p>\n<div id=\"attachment_1299\" style=\"width: 510px\" class=\"wp-caption aligncenter\"><a href=\"https:\/\/www.dr-thomas-hartung.de\/wp-content\/uploads\/2012\/02\/Bild0.jpg\"><img aria-describedby=\"caption-attachment-1299\" decoding=\"async\" loading=\"lazy\" class=\"size-full wp-image-1299\" title=\"Bild0\" src=\"https:\/\/www.dr-thomas-hartung.de\/wp-content\/uploads\/2012\/02\/Bild0.jpg\" alt=\"\" width=\"500\" height=\"407\" srcset=\"https:\/\/www.dr-thomas-hartung.de\/wp-content\/uploads\/2012\/02\/Bild0.jpg 500w, https:\/\/www.dr-thomas-hartung.de\/wp-content\/uploads\/2012\/02\/Bild0-300x244.jpg 300w\" sizes=\"(max-width: 500px) 100vw, 500px\" \/><\/a><p id=\"caption-attachment-1299\" class=\"wp-caption-text\">Quelle: http:\/\/www.friedenspaedagogik.de\/var\/corporate\/storage\/images\/service\/karikatur_der_woche\/2006\/die_schule_im_land_der_dichter_und_denker\/1676-1-ger-DE\/die_schule_im_land_der_dichter_und_denker.jpg<\/p><\/div>\n<p>Aber wo heute Probleme zur L\u00f6sung anstehen, werden sie meist durch andere ersetzt: Emergenz ist ein wesentlicher Aspekt postmoderner Systemtheorie. Und eins dieser neuen Probleme tut sich f\u00fcr mich auf bei der <a href=\"http:\/\/www.google.de\/url?sa=t&amp;rct=j&amp;q=drucksache%2017%2F8485%20&amp;source=web&amp;cd=1&amp;ved=0CCUQFjAA&amp;url=http%3A%2F%2Fdip.bundestag.de%2Fbtd%2F17%2F084%2F1708485.pdf&amp;ei=XA0sT_6SH8_Eswb_662iCQ&amp;usg=AFQjCNFKXdnHUIfUDsQ5CauCQBXNnyv_Ow&amp;cad=rja\" target=\"_blank\">Drucksache 17\/8485 <\/a>\u2013 einem SPD-Bundestagsantrag vom 24. 01. 2012.<\/p>\n<p>Der Antrag selbst \u2013 es geht um \u201eKultur f\u00fcr alle \u2013 F\u00fcr einen gleichberechtigten Zugang von Menschen mit Behinderung zu Kultur, Information und Kommunikation\u201c \u2013 soll hier nicht diskutiert werden. Wohl aber, dass nach den 5 Seiten sich 27 (!) weitere anschlie\u00dfen, in denen dieser Antrag in Leichter Sprache abgefasst ist. Dabei sind u.a. S\u00e4tze zu lesen sowie Bilder zu sehen wie diese:<\/p>\n<p><a href=\"https:\/\/www.dr-thomas-hartung.de\/wp-content\/uploads\/2012\/02\/Bild1.jpg\"><img decoding=\"async\" loading=\"lazy\" class=\"aligncenter size-full wp-image-1300\" title=\"Bild1\" src=\"https:\/\/www.dr-thomas-hartung.de\/wp-content\/uploads\/2012\/02\/Bild1.jpg\" alt=\"\" width=\"555\" height=\"527\" srcset=\"https:\/\/www.dr-thomas-hartung.de\/wp-content\/uploads\/2012\/02\/Bild1.jpg 555w, https:\/\/www.dr-thomas-hartung.de\/wp-content\/uploads\/2012\/02\/Bild1-300x284.jpg 300w\" sizes=\"(max-width: 555px) 100vw, 555px\" \/><\/a>Wo soll das nun hinf\u00fchren? Was heute als gutgemeinte Erleichterung f\u00fcr die Teilhabe von Menschen mit kognitiven Handicaps gedacht ist \u2013 wird morgen zum Standard f\u00fcr die Teilhabenden an der Bildungsmisere, die f\u00fcr die Aufnahme anspruchsvoller, komplexer \u201eInfos\u201c nicht mehr bef\u00e4higt sind? Welche parallelen Sprach- und Bildungswelten werden hier zementiert? Wo liegt die Grenze zwischen Handicap und Faulheit bzw. Lernunwilligkeit? Was hier aufscheint, untersetzt einmal mehr jenen \u201eKulturkampf\u201c, den schon Schiller in seiner \u201eSchaub\u00fchnenschrift\u201c auf den Punkt brachte: begibt man sich auf die Ebene seiner Konsumenten herab, um deren Geschmack zu bedienen; oder versucht man umgekehrt, sie auf seine zu heben? F\u00fcr mich ist dieser Antrag, so sehr er vielleicht von Behindertenverb\u00e4nden gefeiert wird, ein weiterer gef\u00e4hrlicher Schritt hin zu einer Bildungsbequemlichkeit, die Wissens- und Kompetenzunterschiede nicht beseitigen will, sondern auf anderem Niveau nur befestigt.<\/p>\n<p><iframe src=\"http:\/\/www.facebook.com\/plugins\/like.php?href=http%3A%2F%2Fwww.dr-thomas-hartung.de%2F%3Fp%3D1298&amp;send=true&amp;layout=standard&amp;width=450&amp;show_faces=true&amp;action=like&amp;colorscheme=light&amp;font&amp;height=80\" scrolling=\"no\" frameborder=\"0\" style=\"border:none; overflow:hidden; width:450px; height:80px;\" allowTransparency=\"true\"><\/iframe><\/p>\n","protected":false},"excerpt":{"rendered":"<p>In mir hat sich seit dieser Woche etwas als \u00c4rgernis breitgemacht. Etwas, das zugegebenerma\u00dfen unter dem Aspekt von \u201epolitical correctness\u201c nicht ganz einfach zu diskutieren ist. Vielleicht bin ich da besonders hellsichtig, was bestimmt Entwicklungen angeht \u2013 aber ich empfinde da einen gef\u00e4hrlichen Trend. Was ist gemeint? Jenes Ph\u00e4nomen namens \u201eLeichte Sprache\u201c. <\/p>\n","protected":false},"author":1,"featured_media":0,"comment_status":"open","ping_status":"open","sticky":false,"template":"","format":"standard","meta":[],"categories":[1,6],"tags":[],"_links":{"self":[{"href":"https:\/\/www.dr-thomas-hartung.de\/index.php?rest_route=\/wp\/v2\/posts\/1298"}],"collection":[{"href":"https:\/\/www.dr-thomas-hartung.de\/index.php?rest_route=\/wp\/v2\/posts"}],"about":[{"href":"https:\/\/www.dr-thomas-hartung.de\/index.php?rest_route=\/wp\/v2\/types\/post"}],"author":[{"embeddable":true,"href":"https:\/\/www.dr-thomas-hartung.de\/index.php?rest_route=\/wp\/v2\/users\/1"}],"replies":[{"embeddable":true,"href":"https:\/\/www.dr-thomas-hartung.de\/index.php?rest_route=%2Fwp%2Fv2%2Fcomments&post=1298"}],"version-history":[{"count":7,"href":"https:\/\/www.dr-thomas-hartung.de\/index.php?rest_route=\/wp\/v2\/posts\/1298\/revisions"}],"predecessor-version":[{"id":1308,"href":"https:\/\/www.dr-thomas-hartung.de\/index.php?rest_route=\/wp\/v2\/posts\/1298\/revisions\/1308"}],"wp:attachment":[{"href":"https:\/\/www.dr-thomas-hartung.de\/index.php?rest_route=%2Fwp%2Fv2%2Fmedia&parent=1298"}],"wp:term":[{"taxonomy":"category","embeddable":true,"href":"https:\/\/www.dr-thomas-hartung.de\/index.php?rest_route=%2Fwp%2Fv2%2Fcategories&post=1298"},{"taxonomy":"post_tag","embeddable":true,"href":"https:\/\/www.dr-thomas-hartung.de\/index.php?rest_route=%2Fwp%2Fv2%2Ftags&post=1298"}],"curies":[{"name":"wp","href":"https:\/\/api.w.org\/{rel}","templated":true}]}}