{"id":1585,"date":"2013-04-30T23:52:56","date_gmt":"2013-04-30T22:52:56","guid":{"rendered":"http:\/\/www.dr-thomas-hartung.de\/?p=1585"},"modified":"2013-04-30T23:52:56","modified_gmt":"2013-04-30T22:52:56","slug":"menschen-statt-banken-fur-demokratiekonforme-markte","status":"publish","type":"post","link":"https:\/\/www.dr-thomas-hartung.de\/?p=1585","title":{"rendered":"Menschen statt Banken: f\u00fcr demokratiekonforme M\u00e4rkte."},"content":{"rendered":"<p>Ich habe mich nun nach einiger \u00dcberlegung entschlossen, mich nochmals politisch zu engagieren. Seit Sonntagvormittag bin ich stellv. Landesvorsitzender der AfD und ihr Pressesprecher, seit Sonntagabend Listenkandidat. \u00dcber die Gr\u00fcnde schreibe ich hier nicht (das w\u00fcrde zu lang). Mit einer Ausnahme: ich finde das Adjektiv \u201ealternativlos\u201c eins der erb\u00e4rmlichsten und semantisch missbr\u00e4uchlichsten der deutschen Sprache. Eine von \u201emarktkonformer Demokratie\u201c schwafelnde Kanzlerin, die es verwendet, signalisiert dadurch: \u201eIch bin visionslos\u201c. Was wir ben\u00f6tigen, sind aber \u201edemokratiekonforme M\u00e4rkte\u201c. Und da die sich nicht selbst herzustellen scheinen, muss der menschliche Geist nachhelfen. Dazu aber braucht man nicht nur denselben, sondern muss ihn auch gebrauchen wollen. Und das setzt voraus, Alternativen zu suchen und sich mit ihnen auseinanderzusetzen, ja diese Auseinandersetzung zu bef\u00f6rdern und zu den Menschen zu tragen.<\/p>\n<p>Nur wenige Beispiele: Was mit Banken m\u00f6glich ist, haben die<a href=\"(http:\/\/www.tagesschau.de\/wirtschaft\/island342.html)\" target=\"_blank\"> Isl\u00e4nder bewiesen<\/a>, was mit Managergeh\u00e4ltern, versuchen gerade die <a href=\"http:\/\/www.zeit.de\/wirtschaft\/2013-03\/schweiz-manager-boni-reaktionen\" target=\"_blank\">Schweizer zu beweisen<\/a>. Wie \u201eFlexicurity\u201c-Arbeitsmarktpolitik gehen kann, lebt uns <a href=\"http:\/\/library.fes.de\/pdf-files\/id\/ipa\/06854.pdf\" target=\"_blank\">D\u00e4nemark<\/a> vor. Wie praktikable und funktionable Bildungspolitik aussehen kann, zeigt uns <a href=\"http:\/\/www.zeit.de\/2008\/13\/C-Interview-Finnland\" target=\"_blank\">Finnland<\/a>. Und in Bhutan wird Wohlstand nicht durch Wirtschaftswachstum definiert, sondern Gl\u00fcck als <a href=\"http:\/\/www.zeit.de\/2011\/49\/Kapitalismuskritik-Bhutan\" target=\"_blank\">Staatsziel<\/a> in der Verfassung verankert. F\u00fcr Deutschland stellen sich all diese Fragen nicht???<\/p>\n<p>Wer die Realit\u00e4t ausblendet, indem er den Armutsbericht sch\u00f6nt, wer keinen Blick mehr hat f\u00fcr Rentenunsicherheit, Altersarmut und soziale Zerbr\u00f6selung aufgrund zunehmender Ungerechtigkeit (oder letzteres als \u201eNeiddebatte\u201c diskreditiert), hat sich selbst ad absurdum gef\u00fchrt. Der formale Akt dazu muss am 22. September folgen. Gerade mal 3,4 Millionen Menschen in Deutschland sind direkte Aktienbesitzer. Es ist unn\u00f6tig, den \u00fcberw\u00e4ltigenden Rest der Republik tagt\u00e4glich mit den \u201eM\u00e4rkten\u201c zu konfrontieren, die nichts weiter sind als die Sorgenkurven der Gierigen. Wie k\u00e4men 78 Millionen dazu, sich f\u00fcr das Wohlergehen von 4 Millionen dumm und dusslig zu schuften? Menschen statt Banken, Punkt.<\/p>\n<div id=\"attachment_1586\" style=\"width: 567px\" class=\"wp-caption aligncenter\"><a href=\"https:\/\/www.dr-thomas-hartung.de\/wp-content\/uploads\/2013\/04\/Vorstand1.jpg\"><img aria-describedby=\"caption-attachment-1586\" decoding=\"async\" loading=\"lazy\" class=\"size-full wp-image-1586\" title=\"Vorstand1\" src=\"https:\/\/www.dr-thomas-hartung.de\/wp-content\/uploads\/2013\/04\/Vorstand1.jpg\" alt=\"Der am 28.04.2013 in Leipzig gew\u00e4hlte AfD-Vorstand. Foto: Jens Herold\" width=\"557\" height=\"217\" srcset=\"https:\/\/www.dr-thomas-hartung.de\/wp-content\/uploads\/2013\/04\/Vorstand1.jpg 1000w, https:\/\/www.dr-thomas-hartung.de\/wp-content\/uploads\/2013\/04\/Vorstand1-300x117.jpg 300w\" sizes=\"(max-width: 557px) 100vw, 557px\" \/><\/a><p id=\"caption-attachment-1586\" class=\"wp-caption-text\">Der am 28.04.2013 in Leipzig gew\u00e4hlte AfD-Vorstand. Foto: Jens Herold<\/p><\/div>\n<p>Da Schul- und vor allem Hochschulbildung in der AfD bisher noch wenig vertieft wurden, werde ich mich vor allem darum k\u00fcmmern. Wir m\u00fcssen in unseren Hochschulen den statusbegr\u00fcndenden quantitativen \u201eImmer-Mehrismus\u201c (mehr Publikationen, mehr Drittmittel\u2026) abschaffen zugunsten qualitativer Ma\u00dfst\u00e4be, denn: das Meiste ist nicht das Beste. Die Forschungsf\u00f6rderung muss ver\u00e4ndert und transparenter gemacht werden: nicht die sch\u00f6nste Antragslyrik darf entscheiden. Und vor allem muss Forschung mit jenen Wissenschaftlern betrieben werden, die ihre Bef\u00e4higung dazu nachgewiesen haben \u2013 es kann nicht sein, -zig Qualifikationsarbeiten zu \u201ebetreuen\u201c und dann die jungen Doctores auf der Stra\u00dfe stehen zu lassen &#8211; das betrifft auch und erst recht die Betreuungsstandards: Plagiate m\u00fcssen wirksam unterbunden werden, Hochschulen d\u00fcrfen nicht f\u00fcr besonders viele Doktoranden <a href=\"http:\/\/www.tagblatt.de\/Home\/nachrichten\/ueberregional\/baden-wuerttemberg_artikel,-Landesregierung-will-Qualitaet-der-Promotionsverfahren-per-Gesetz-staerken-_arid,211582.html\" target=\"_blank\">mehr Geld<\/a> aus der leistungsorientierten Mittelvergabe bekommen.<\/p>\n<p>Das setzt allerdings ein striktes Leistungsprinzip voraus: wer promovieren darf, muss nicht nur zu den Besten, sondern zu den Allerbesten geh\u00f6ren, aus denen sich dann auch der wissenschaftliche Nachwuchs rekrutiert. Wieso brauchen wir zehnmal so viele m\u00e4\u00dfige Doktoranden als sp\u00e4ter Professuren zu besetzen sind? Daneben muss das Gie\u00dfkannenprinzip der Titelvergabe unterbunden und stattdessen der Titel wieder zu dem aufgewertet werden, wof\u00fcr er stand: kein BA- oder FH-Professor mehr ohne abgeschlossene Promotion, das muss auch f\u00fcr private Hochschulen gelten.<\/p>\n<p>F\u00fcr einen gesunden Mittelbau mit \u2013 wie in Westeuropa \u00fcblich \u2013 h\u00f6chstens einem Drittel <a href=\"http:\/\/www.fu-mittelbau.de\/2011\/04\/lizenz-zum-befristen\/\" target=\"_blank\">unbefristete<\/a> Stellen &#8211;\u00a0 und mit Mindesthonoraren: es kann nicht sein, dass eine s\u00e4chsische Hochschule eine befristete Dozentur mit einer TV\u00f6D 11 ausschreiben darf, d.h. die \u00dcbernahme professoraler Aufgaben um zwei Stufen schlechter bezahlt wird als die T\u00e4tigkeit eines wissenschaftlichen Mitarbeiters, ja sogar schlechter als jeder Lehrer. Und wir m\u00fcssen den Hochschulen das Recht einr\u00e4umen, selbst\u00e4ndig ein Diplom f\u00fcr jene Studieng\u00e4nge (wieder) einzuf\u00fchren, bei denen sich ein nur sechssemestriges Bachelorstudium einerlei aus welchen Gr\u00fcnden nicht bew\u00e4hrt hat.<\/p>\n<p>Au\u00dferdem brauchen wir bundesweit einheitliche Bildungsstandards, orientiert an den besten Schulsystemen Deutschlands. Wer aus Hamburg nach Sachsen zieht oder aus Sachsen nach Hessen, muss in seiner Klassenstufe ohne Probleme den Anschluss schaffen k\u00f6nnen. Wir brauchen eine finanzielle Aufwertung des Lehrerberufs, um die <a href=\"http:\/\/www.mdr.de\/sachsen-anhalt\/gew-warnt-vor-lehrermangel100.html\" target=\"_blank\">Bedarfsl\u00fccke<\/a> zu decken, verbunden mit praxisn\u00e4herer Ausbildung. Es kann nicht sein, dass es in Sachsen wichtiger ist, sonntags Auto zu waschen, aber wochentags zu wenige Lehrer zu haben und 10 Prozent des <a href=\"http:\/\/www.l-iz.de\/Bildung\/Leipzig%20bildet\/2013\/04\/Unterrichtsausfall-in-Sachsen-47932.html\" target=\"_blank\">Unterrichts ausfallen<\/a> zu lassen. Und wir wollen ein Familiensplitting, damit die Familien auch die Mittel behalten, ihre Kinder optimal zu betreuen und auszubilden. Um zu vermeiden, dass einkommensschwache Familien durch ein Splitting nominal weniger entlastet werden als einkommensst\u00e4rkere, muss die Progressionsformel ge\u00e4ndert und der Steuersatz mit steigendem Einkommen st\u00e4rker angehoben werden.<\/p>\n<p>Nat\u00fcrlich werde ich mich bei entsprechenden Themen auch in der Medien- und Kulturpolitik engagieren, bspw. beim uns\u00e4glichen Geschwafel der Drosselkom. Und nat\u00fcrlich verweigert sich die Alternative auch keiner Idee anderer Gruppierungen, die ja immer mit der Keule des Machtkalk\u00fcls drohen, selbst wenn diese Idee Mehrheiten f\u00e4nde. Wichtig ist nicht, wer etwas sagt, sondern dass es gesagt wird.<\/p>\n<p>Ich danke allen Unterst\u00fctzern und freue mich auf neue Herausforderungen.<br \/>\n<iframe src=\"http:\/\/www.facebook.com\/plugins\/like.php?href=http%3A%2F%2Fwww.dr-thomas-hartung.de%2F%3Fp%3D1585&amp;send=true&amp;layout=standard&amp;width=450&amp;show_faces=true&amp;action=like&amp;colorscheme=light&amp;font&amp;height=80\" scrolling=\"no\" frameborder=\"0\" style=\"border:none; overflow:hidden; width:450px; height:80px;\" allowTransparency=\"true\"><\/iframe><\/p>\n","protected":false},"excerpt":{"rendered":"<p>Ich habe mich nun nach einiger \u00dcberlegung entschlossen, mich nochmal politisch zu engagieren. Seit Sonntagvormittag bin ich stellv. Landesvorsitzender der AfD und ihr Pressesprecher, seit Sonntagabend Listenkandidat. \u00dcber die Gr\u00fcnde schreibe ich hier mir einer Ausnahme nicht. Wohl aber \u00fcber dringend zu l\u00f6sende Probleme.<\/p>\n","protected":false},"author":1,"featured_media":0,"comment_status":"open","ping_status":"open","sticky":false,"template":"","format":"standard","meta":[],"categories":[1],"tags":[],"_links":{"self":[{"href":"https:\/\/www.dr-thomas-hartung.de\/index.php?rest_route=\/wp\/v2\/posts\/1585"}],"collection":[{"href":"https:\/\/www.dr-thomas-hartung.de\/index.php?rest_route=\/wp\/v2\/posts"}],"about":[{"href":"https:\/\/www.dr-thomas-hartung.de\/index.php?rest_route=\/wp\/v2\/types\/post"}],"author":[{"embeddable":true,"href":"https:\/\/www.dr-thomas-hartung.de\/index.php?rest_route=\/wp\/v2\/users\/1"}],"replies":[{"embeddable":true,"href":"https:\/\/www.dr-thomas-hartung.de\/index.php?rest_route=%2Fwp%2Fv2%2Fcomments&post=1585"}],"version-history":[{"count":2,"href":"https:\/\/www.dr-thomas-hartung.de\/index.php?rest_route=\/wp\/v2\/posts\/1585\/revisions"}],"predecessor-version":[{"id":3370,"href":"https:\/\/www.dr-thomas-hartung.de\/index.php?rest_route=\/wp\/v2\/posts\/1585\/revisions\/3370"}],"wp:attachment":[{"href":"https:\/\/www.dr-thomas-hartung.de\/index.php?rest_route=%2Fwp%2Fv2%2Fmedia&parent=1585"}],"wp:term":[{"taxonomy":"category","embeddable":true,"href":"https:\/\/www.dr-thomas-hartung.de\/index.php?rest_route=%2Fwp%2Fv2%2Fcategories&post=1585"},{"taxonomy":"post_tag","embeddable":true,"href":"https:\/\/www.dr-thomas-hartung.de\/index.php?rest_route=%2Fwp%2Fv2%2Ftags&post=1585"}],"curies":[{"name":"wp","href":"https:\/\/api.w.org\/{rel}","templated":true}]}}