{"id":1596,"date":"2013-07-09T07:20:52","date_gmt":"2013-07-09T06:20:52","guid":{"rendered":"http:\/\/www.dr-thomas-hartung.de\/?p=1596"},"modified":"2013-09-17T10:10:45","modified_gmt":"2013-09-17T09:10:45","slug":"gotterdammerung-fur-unsere-bildung","status":"publish","type":"post","link":"https:\/\/www.dr-thomas-hartung.de\/?p=1596","title":{"rendered":"G\u00f6tterd\u00e4mmerung f\u00fcr unsere Bildung?"},"content":{"rendered":"<p>Nach einiger Abstinenz haben mich mehrere Publikate (wohlbemerkt: das ist immer noch mein privater Blog) zu einem Kommentar herausgefordert \u2013 wen wundert\u2018s: zur Bildungspolitik. Aber die Schere zwischen antinationaler, realit\u00e4tsverleugnender Ignoranz und angeblich internationaler Anbiederung ist zu einem leider nicht mehr wahrnehmbaren politischen Skandal verkommen, den man anprangern muss.<\/p>\n<p><a href=\"https:\/\/www.dr-thomas-hartung.de\/wp-content\/uploads\/2013\/07\/20130608_081309.jpg\"><img decoding=\"async\" loading=\"lazy\" class=\"aligncenter size-full wp-image-1607\" title=\"20130608_081309\" src=\"https:\/\/www.dr-thomas-hartung.de\/wp-content\/uploads\/2013\/07\/20130608_081309.jpg\" alt=\"\" width=\"472\" height=\"630\" srcset=\"https:\/\/www.dr-thomas-hartung.de\/wp-content\/uploads\/2013\/07\/20130608_081309.jpg 472w, https:\/\/www.dr-thomas-hartung.de\/wp-content\/uploads\/2013\/07\/20130608_081309-224x300.jpg 224w\" sizes=\"(max-width: 472px) 100vw, 472px\" \/><\/a><\/p>\n<p>Worum geht es? Die \u201e<a href=\"http:\/\/www.kartellverband.de\/?id=145\" target=\"_blank\">Akademischen Monatsbl\u00e4tter<\/a>\u201c vom Mai haben unter dem Top-Thema \u201eDie deutsche Bildungsw\u00fcste\u201c den Erfahrungsbericht des Gesch\u00e4ftsf\u00fchrers eines der weltweit f\u00fchrenden<a href=\"http:\/\/www.elino.de\/de\/\" target=\"_blank\"> Hersteller <\/a>von W\u00e4rmebehandlungsanlagen publiziert. Jener Dieter Sch\u00e4ufler, selbst Dipl.-Ing., beschreibt \u2013 bezeichnenderweise in f\u00fcnf \u201e<a href=\"http:\/\/de.wikipedia.org\/wiki\/Jeremiade\" target=\"_blank\">Jeremiaden<\/a>\u201c \u2013 die Modi, wie er zu Firmennachwuchs kommt. Und vergleich sich dabei mit <a href=\"http:\/\/de.wikipedia.org\/wiki\/Oliver_Hardy\" target=\"_blank\">Oliver Hardy<\/a>: \u201eIn typischen Szenen versucht Olli Stan etwas zu erkl\u00e4ren, die Reaktion von Stan besteht aus absolutem Unverst\u00e4ndnis, und das wiederum treibt Olli in den Wahnsinn. In den Bewerbungsgespr\u00e4chen versuche ich, die Eskalationsstufe des Wahnsinns zu vermeiden, aber ich f\u00fchle mich oft, als w\u00e4re ich Olli.\u201c<\/p>\n<p><a href=\"https:\/\/www.dr-thomas-hartung.de\/wp-content\/uploads\/2013\/07\/20130608_081259.jpg\"><img decoding=\"async\" loading=\"lazy\" class=\"aligncenter size-full wp-image-1606\" title=\"20130608_081259\" src=\"https:\/\/www.dr-thomas-hartung.de\/wp-content\/uploads\/2013\/07\/20130608_081259.jpg\" alt=\"\" width=\"472\" height=\"630\" srcset=\"https:\/\/www.dr-thomas-hartung.de\/wp-content\/uploads\/2013\/07\/20130608_081259.jpg 472w, https:\/\/www.dr-thomas-hartung.de\/wp-content\/uploads\/2013\/07\/20130608_081259-224x300.jpg 224w\" sizes=\"(max-width: 472px) 100vw, 472px\" \/><\/a><\/p>\n<p>Sein Wahnsinn beginnt bereits beim Lesen der Bewerbungsunterlagen: \u201eIst die Adresse richtig geschrieben, hat das Anschreiben Sinn, sind die Rechtschreibfehler vernachl\u00e4ssigbar? Dabei fielen vor noch f\u00fcnf Jahren fast 70 Prozent durch. Heute lassen wir die Kriterien sein und konzentrieren uns nur noch auf die richtige Adresse, um festzustellen, ob wir auch wirklich Ziel der Bewerbung sind. Ansonsten h\u00e4tten wir \u00fcberhaupt keine Kandidaten mehr.\u201c Und bereits an dieser Stelle kann und muss abstrahiert werden, wie es um die Deutsch-Kenntnisse nicht nur von Absolventen technischer Studieng\u00e4nge bestellt ist, sondern offenbar der meisten Berufsanf\u00e4nger dieses Jahrzehnts. So ergab die Umfrage \u201e<a href=\"http:\/\/www.bpmo.de\/bpmo\/export\/sites\/default\/de\/know_how\/downloads\/Kommunikationsbranche_2010_Fakten_Erwartungen_und_Trends.pdf\" target=\"_blank\">Kommunikationsbranche 2010<\/a> &#8211; Fakten, Erwartungen und Trends\u201c, f\u00fcr die die Wirtschaftspsychologische Gesellschaft M\u00fcnchen 477 Unternehmen befragte, dass auf einer Liste mit 17 Indikatoren f\u00fcr \u201eMitarbeiter-Auswahlkriterien\u201c die Kriterien \u201eStudium\u201c und \u201eAbschlussnoten\u201c gerade noch auf den Pl\u00e4tzen 12 und 13 landeten. \u201eDeutschkenntnisse\u201c dagegen rangieren nach \u201eLeidenschaft\u201c an zweiter Stelle, gefolgt u.a. von Sozialkompetenz und Kreativit\u00e4t. \u201eDeutschkenntnisse der Bewerber sind von herausragender Bedeutung f\u00fcr die Entscheider. Das deckt sich mit den Meldungen aus anderen Branchen, die ebenfalls desastr\u00f6se Deutschm\u00e4ngel bei Bewerbern beklagen\u201c (ebd.) Im Oktober 2012 dann schreckte ein <a href=\"http:\/\/www.spiegel.de\/spiegel\/print\/d-88861729.html\" target=\"_blank\">\u201eSPIEGEL\u201c-Interview<\/a> mit dem Bayreuther Altphilologen Gerhard Wolf die Republik auf. Wolf hatte andere Professoren zur Studierf\u00e4higkeit ihrer Studenten befragt &#8211; und von 70 Kollegen vernichtende Urteile wie die folgenden erhalten:<\/p>\n<p>&#8211; \u201eDie mangelnde Studierf\u00e4higkeit zeigt sich vor allem in der stark unterentwickelten F\u00e4higkeit, kompetent und souver\u00e4n mit der (deutschen) Sprache umzugehen.\u201c<\/p>\n<p>&#8211; \u201eKonjunktive schwinden aus den schriftlichen Arbeiten ebenso wie zunehmend alle Zeitformen jenseits des Pr\u00e4sens.\u201c<\/p>\n<p>&#8211; \u201eDer aktive Wortschatz schrumpft auf wenige hundert Ausdr\u00fccke, die penetrant wiederholt werden.\u201c<\/p>\n<p><a href=\"https:\/\/www.dr-thomas-hartung.de\/wp-content\/uploads\/2013\/07\/20130608_081225.jpg\"><img decoding=\"async\" loading=\"lazy\" class=\"aligncenter size-full wp-image-1605\" title=\"20130608_081225\" src=\"https:\/\/www.dr-thomas-hartung.de\/wp-content\/uploads\/2013\/07\/20130608_081225.jpg\" alt=\"\" width=\"472\" height=\"630\" srcset=\"https:\/\/www.dr-thomas-hartung.de\/wp-content\/uploads\/2013\/07\/20130608_081225.jpg 472w, https:\/\/www.dr-thomas-hartung.de\/wp-content\/uploads\/2013\/07\/20130608_081225-224x300.jpg 224w\" sizes=\"(max-width: 472px) 100vw, 472px\" \/><\/a><\/p>\n<p>F\u00fcr Sch\u00e4ufler ist ein wesentlicher Grund dieses Versagens der Institution \u201eSchule\u201c das Gesamtschulkonzept: \u201eWenn ich das richtig verstanden habe, besteht das Konzept aus der Hoffnung, dass die Besseren die Schlechteren nach vorne ziehen. Ich selbst kenne keine Kolonne, die schneller f\u00e4hrt als ihr langsamstes Mitglied.\u201c<\/p>\n<p><a href=\"https:\/\/www.dr-thomas-hartung.de\/wp-content\/uploads\/2013\/07\/Piesah.jpg\"><img decoding=\"async\" loading=\"lazy\" class=\"aligncenter size-full wp-image-1598\" title=\"Piesah\" src=\"https:\/\/www.dr-thomas-hartung.de\/wp-content\/uploads\/2013\/07\/Piesah.jpg\" alt=\"\" width=\"367\" height=\"374\" srcset=\"https:\/\/www.dr-thomas-hartung.de\/wp-content\/uploads\/2013\/07\/Piesah.jpg 367w, https:\/\/www.dr-thomas-hartung.de\/wp-content\/uploads\/2013\/07\/Piesah-294x300.jpg 294w\" sizes=\"(max-width: 367px) 100vw, 367px\" \/><\/a><\/p>\n<p>Aber selbst wenn die H\u00fcrde \u201eAnschreiben\u201c gemeistert ist und der Kandidat dann eingeladen &#8211; die eigentlichen Nachwuchsprobleme fangen jetzt erst an: \u201eMeine typische Eingangsaufgabe an den taufrischen Maschinenbauingenieur mit gerade erhaltenem Diplom (oder ist es neuerdings ein Masterbrief?) besteht in der Aufforderung, eine Welle mit zwei Lagern zu konstruieren. Daf\u00fcr erh\u00e4lt der Kandidat ein wei\u00dfes Blatt und einen Bleistift. F\u00fcr die Nicht-Maschinenbauer: Die Aufgabe ist Erstsemesteraufgabe Mechanik und Zweitsemester\u00fcbung Konstruktion. Sie erzwingt eigentlich die Frage nach der Art der Lagerung. Das ist absolutes Basiswissen. Von vier Bewerbern fragt h\u00f6chstens einer (!), ob er eine Fest-Los-Lagerung konstruieren soll. Einer ist absolut \u00fcberfordert und versteht die Aufgabenstellung nicht. Die beiden anderen beginnen sofort mit der Zeichnung. Der Frager bekommt in der Regel eine Zeichnung hin, auf der man erkennt, was es sein soll. Die anderen besch\u00e4ftigen sich als frei schaffende K\u00fcnstler. Versch\u00e4rfe ich das Ganze noch mit der Frage, wie eine Schraubenverbindung berechnet wird, sind die Grenzen jeglichen Wissens \u00fcberschritten. Ich hatte in den letzten sieben Jahren einen einzigen Kandidaten (von sch\u00e4tzungsweise \u00fcber hundert), der mir eine saubere Konstruktionszeichnung erstellte \u2026 Nochmals zur Verdeutlichung: Bei meinen damaligen Consemestern (sogar bei den Wirtschaftsingenieuren Maschinenbau) konnte das jeder nach dem Vordiplom und auch noch nach dem Hauptdiplom im Schlaf. Heute kann es anscheinend nur noch einer von Hundert. Das Ganze l\u00e4sst sich noch unendlich fortsetzen, aber eines noch als Sahneh\u00e4ubchen: Auf meine Frage, was man denn im Studium heutzutage so lernt, h\u00f6re ich die Begriffe Projektmanagement, Management, 3DKonstruktion, etc. Ingenieursinhalte sind dagegen rar.\u201c<\/p>\n<p><a href=\"https:\/\/www.dr-thomas-hartung.de\/wp-content\/uploads\/2013\/07\/20130608_080809.jpg\"><img decoding=\"async\" loading=\"lazy\" class=\"aligncenter size-full wp-image-1604\" title=\"20130608_080809\" src=\"https:\/\/www.dr-thomas-hartung.de\/wp-content\/uploads\/2013\/07\/20130608_080809.jpg\" alt=\"\" width=\"472\" height=\"630\" srcset=\"https:\/\/www.dr-thomas-hartung.de\/wp-content\/uploads\/2013\/07\/20130608_080809.jpg 472w, https:\/\/www.dr-thomas-hartung.de\/wp-content\/uploads\/2013\/07\/20130608_080809-224x300.jpg 224w\" sizes=\"(max-width: 472px) 100vw, 472px\" \/><\/a><\/p>\n<p>Die andere Seite der Medaille: Ingenieure aus China und Osteuropa sind inzwischen ebenso gut, ja teilweise besser ausgebildet. F\u00fcr Sch\u00e4ufler \u201eliegt dies nicht \u00fcberwiegend an der immer besser werdenden Ausbildung in den genannten Staaten, sondern fast ausschlie\u00dflich an unseren hausinternen Entwicklungen.\u201c Und genau darum muss es gehen! Die M\u00e4r vom Fachkr\u00e4ftemangel ist nichts anderes als die Angst der Regierenden, zum einen in Bildung investieren und zum anderen die so Gebildeten <a href=\"http:\/\/www.volksfreund.de\/nachrichten\/kolumnen\/Meinung-Kolumne-Meine-Wirtschaftswoche-Wirtschaftswoche-Das-Maerchen-vom-Fachkraeftemangel;art260064,3577023\" target=\"_blank\">gut bezahlen<\/a> zu m\u00fcssen! Da l\u00e4sst man Deutschland lieber brach liegen und setzt auf billige, willige, weil in ihren Heimatl\u00e4ndern perspektivlose Ausl\u00e4nder. Und das ist der eigentliche Skandal.<\/p>\n<p><a href=\"https:\/\/www.dr-thomas-hartung.de\/wp-content\/uploads\/2013\/07\/20130608_081320.jpg\"><img decoding=\"async\" loading=\"lazy\" class=\"aligncenter size-full wp-image-1603\" title=\"20130608_081320\" src=\"https:\/\/www.dr-thomas-hartung.de\/wp-content\/uploads\/2013\/07\/20130608_081320.jpg\" alt=\"\" width=\"472\" height=\"630\" srcset=\"https:\/\/www.dr-thomas-hartung.de\/wp-content\/uploads\/2013\/07\/20130608_081320.jpg 472w, https:\/\/www.dr-thomas-hartung.de\/wp-content\/uploads\/2013\/07\/20130608_081320-224x300.jpg 224w\" sizes=\"(max-width: 472px) 100vw, 472px\" \/><\/a><\/p>\n<p>\u201eIch war viel und lange im Ausland und habe erlebt, wie hochgeachtet der deutsche Ingenieur und der deutsche Meister sind. Aber ich sehe, wie das zerst\u00f6rt wird: von der Politik, von den Medien, von den Lobbyisten, von den fortschrittlichen Eltern, von Lehrern der antiautorit\u00e4ren oder antikonservativen oder antitraditionellen oder sonst irgendwelchen Anti-Richtungen. Oder aber auch von Eltern und Lehrern, die es nie besser erlebt und erlernt haben. Ich sehe keine Bem\u00fchung, irgendetwas zu \u00e4ndern. Ich sehe noch nicht einmal, dass andere es ebenfalls sehen\u201c erkl\u00e4rt Sch\u00e4ufler fast resignativ. Und sein Credo ist wenig ermutigend: \u201eH\u00f6rt Ihr im Hintergrund nicht auch die Ouvert\u00fcre der \u201eG\u00f6tterd\u00e4mmerung\u201c?\u201c<\/p>\n<p>PS: Auch Hersteller diverser Produkte scheinen der Institution &#8222;Schule&#8220; die Kompetenz zur Wissensvermittlung abzusprechen. Anders kann ich mir nicht erkl\u00e4ren, dass in einer hessischen Pension dem Toilettenpapier diese Aufgabe \u00fcbertragen wird \ud83d\ude42 ; Screenshots dieser Art &#8222;Lernen in der Freizeit&#8220; haben das Posting hoffentlich angenehm aufgelockert&#8230;<\/p>\n<p><iframe src=\"http:\/\/www.facebook.com\/plugins\/like.php?href=http%3A%2F%2Fwww.dr-thomas-hartung.de%2F%3Fp%3D1596&amp;send=true&amp;layout=standard&amp;width=450&amp;show_faces=true&amp;action=like&amp;colorscheme=light&amp;font&amp;height=80\" scrolling=\"no\" frameborder=\"0\" style=\"border:none; overflow:hidden; width:450px; height:80px;\" allowTransparency=\"true\"><\/iframe><\/p>\n","protected":false},"excerpt":{"rendered":"<p>Die \u201eAkademischen Monatsbl\u00e4tter\u201c vom Mai haben unter dem Top-Thema \u201eDie deutsche Bildungsw\u00fcste\u201c den Erfahrungsbericht des Gesch\u00e4ftsf\u00fchrers eines der weltweit f\u00fchrenden Hersteller von W\u00e4rmebehandlungsanlagen publiziert. Jener Dieter Sch\u00e4ufler, selbst Dipl.-Ing., beschreibt \u2013 bezeichnenderweise in f\u00fcnf \u201eJeremiaden\u201c \u2013 die Modi, wie er zu Firmennachwuchs kommt. Und vergleich sich dabei mit Oliver Hardy: \u201eIn typischen Szenen versucht Olli Stan etwas zu erkl\u00e4ren, die Reaktion von Stan besteht aus absolutem Unverst\u00e4ndnis, und das wiederum treibt Olli in den Wahnsinn. In den Bewerbungsgespr\u00e4chen versuche ich, die Eskalationsstufe des Wahnsinns zu vermeiden, aber ich f\u00fchle mich oft, als w\u00e4re ich Olli.\u201c<\/p>\n","protected":false},"author":1,"featured_media":0,"comment_status":"open","ping_status":"open","sticky":false,"template":"","format":"standard","meta":[],"categories":[1,6],"tags":[],"_links":{"self":[{"href":"https:\/\/www.dr-thomas-hartung.de\/index.php?rest_route=\/wp\/v2\/posts\/1596"}],"collection":[{"href":"https:\/\/www.dr-thomas-hartung.de\/index.php?rest_route=\/wp\/v2\/posts"}],"about":[{"href":"https:\/\/www.dr-thomas-hartung.de\/index.php?rest_route=\/wp\/v2\/types\/post"}],"author":[{"embeddable":true,"href":"https:\/\/www.dr-thomas-hartung.de\/index.php?rest_route=\/wp\/v2\/users\/1"}],"replies":[{"embeddable":true,"href":"https:\/\/www.dr-thomas-hartung.de\/index.php?rest_route=%2Fwp%2Fv2%2Fcomments&post=1596"}],"version-history":[{"count":13,"href":"https:\/\/www.dr-thomas-hartung.de\/index.php?rest_route=\/wp\/v2\/posts\/1596\/revisions"}],"predecessor-version":[{"id":1689,"href":"https:\/\/www.dr-thomas-hartung.de\/index.php?rest_route=\/wp\/v2\/posts\/1596\/revisions\/1689"}],"wp:attachment":[{"href":"https:\/\/www.dr-thomas-hartung.de\/index.php?rest_route=%2Fwp%2Fv2%2Fmedia&parent=1596"}],"wp:term":[{"taxonomy":"category","embeddable":true,"href":"https:\/\/www.dr-thomas-hartung.de\/index.php?rest_route=%2Fwp%2Fv2%2Fcategories&post=1596"},{"taxonomy":"post_tag","embeddable":true,"href":"https:\/\/www.dr-thomas-hartung.de\/index.php?rest_route=%2Fwp%2Fv2%2Ftags&post=1596"}],"curies":[{"name":"wp","href":"https:\/\/api.w.org\/{rel}","templated":true}]}}