{"id":2507,"date":"2014-11-25T19:31:13","date_gmt":"2014-11-25T18:31:13","guid":{"rendered":"http:\/\/www.dr-thomas-hartung.de\/?p=2507"},"modified":"2014-11-26T11:32:59","modified_gmt":"2014-11-26T10:32:59","slug":"lolke-ub%e2%80%98-dich-in-logik","status":"publish","type":"post","link":"https:\/\/www.dr-thomas-hartung.de\/?p=2507","title":{"rendered":"L\u00f6lke, \u00fcb\u2018 dich in Logik!"},"content":{"rendered":"<p>Da stellt einer im ach so staatsfernen <a href=\"http:\/\/www.mdr.de\/mdr-info\/kommentar-asyl100.html\" target=\"_blank\">Rundfunk<\/a> die richtigen Fragen, beantwortet sie aber nicht (wie auch) und \u00fcbt sich stattdessen in dem, was sowohl Politik als auch Fl\u00fcchtlinge gerade ebenso machen: Forderungen stellen. In diesem Fall die, dass die \u201eOssis\u201c (!) den Zuwanderern gegen\u00fcber gef\u00e4lligst tolerant zu sein h\u00e4tten. Weil: als DDR-Fl\u00fcchtlinge haben die Ossis \u201eja auch auf die Solidarit\u00e4t der St\u00e4rkeren gehofft\u201c. Mit Verlaub: geht\u2019s noch?<\/p>\n<p>Dass Toleranz und <a href=\"http:\/\/www.welt.de\/debatte\/kommentare\/article134429395\/Wer-Solidaritaet-sagt-will-das-Geld-anderer-Leute.html\" target=\"_blank\">Solidarit\u00e4t<\/a> zwei grundverschiedene Dinge sind \u2013 geschenkt.<\/p>\n<blockquote><p>\u201eWer Solidarit\u00e4t organisiert, kann im Gegenzug praktisch alles verlangen. Sie ist als Instrument immer Propaganda im Mantel der F\u00fcrsorge. Sie ist nie selbstlos, denn sonst w\u00e4re sie tats\u00e4chlich Philanthropie und Wohlt\u00e4tigkeit. Mit ihr werden immer moralische Schulden aufgebaut, die politisch nutzbar gemacht werden sollen.\u201c<\/p><\/blockquote>\n<p>Dass damit alle Fl\u00fcchtlinge in einen Topf geworfen und also auch Wirtschaftsfl\u00fcchtlinge verteidigt werden \u2013 geschenkt. Dass selbst wir damit als einstige \u201eWirtschaftsfl\u00fcchtlinge\u201c herabgew\u00fcrdigt werden, denen es damals nicht um ein neues Deutschland, sondern nur darum gegangen sei, Bananen zu bekommen, und denen es heute nur darum ginge, die Bananen zu behalten &#8211; auch geschenkt.<\/p>\n<p>Dass damit normalisiert wird, dass f\u00fcr ein neues Asylbewerberheim wie jetzt in Bautzen 15 Unternehmen ihre Gewerber\u00e4ume gek\u00fcndigt werden, Wohngegenden insgesamt unattraktiv werden\u2026 und dass das alles per Salamitaktik und viel zu sp\u00e4t kommuniziert wird \u2013 ebenfalls geschenkt.<\/p>\n<p>Aber dass damit die anderen Worte, Traditionen und Wertvorstellungen der Fl\u00fcchtlinge anderer V\u00f6lker und anderer Kontinente mit den gemeinsamen Worten, Traditionen und Wertvorstellungen in einen Topf geworfen werden, die uns als Ost- und Westdeutsche in einem geteilten Land desselben Kontinents einen \u2013 das nun ist nicht mehr geschenkt.<\/p>\n<p>Denn darum geht es der PEGIDA. Wir haben unsere Werte, die wir niemandem aufzwingen wollen, aber selbst gern behalten m\u00f6chten und von denen wir erwarten, dass sie von unseren G\u00e4sten akzeptiert werden &#8211; ebenso wie wir im Ausland die Werte der anderen zu akzeptieren haben. Dass die christliche Kirche zur Zeit der Kreuzz\u00fcge, die aber rund 800 Jahre zur\u00fcckliegen, eben das andernorts versuchte, rechtfertigt nicht, dass das der Islam heute in Europa ebenso versuchen darf. Insofern haben wir es hier mit einer v\u00f6llig anderen Dimension von Flucht zu tun, die nur der nicht erkennen kann, dessen politisches und historisches Hintergrundwissen, nun ja, ausbauf\u00e4hig ist.<\/p>\n<p>In Ihrer Argumentation bleibt dagegen ausgeblendet, dass in der DDR<a href=\"http:\/\/www.auslaender-in-der-ddr.com\" target=\"_blank\"> zuletzt<\/a> (1990) knapp 60 000 Vietnamesen arbeiteten, studierten, lebten, mehr als 40 000 Polen, \u00fcber 15 000 Mosambikaner, fast 10 000 Kubaner\u2026 weit \u00fcber 100 000 Ausl\u00e4nder also, mit denen die gut 16 Millionen \u201eOssis\u201c in der \u00fcbergro\u00dfen Mehrheit blendend klarkamen. \u201eAbkapselung\u201c definiere ich anders.<\/p>\n<p>Ebenso bliebt in Ihrer Argumentation ausgeblendet, dass von den 127.023 Asylantr\u00e4gen des letzten Jahres (fast zwei Drittel mehr als im Vorjahr) gerade 13,5 Prozent <a href=\"http:\/\/www.spiegel.de\/politik\/deutschland\/zahl-der-asylbewerber-in-deutschland-erneut-massiv-gestiegen-a-942890.html\" target=\"_blank\">anerkannt<\/a> (und 11,4 Prozent geduldet) wurden, andererseits die geringe Zahl an Abgeschobenen weitere Fl\u00fcchtlinge f\u00f6rmlich <a href=\"http:\/\/www.welt.de\/politik\/deutschland\/article133533153\/Niedrige-Abschiebezahl-lockt-Fluechtlinge-an.html\" target=\"_blank\">anlockt<\/a> \u2013 die jetzt im jahrelangen Duldungsfall sogar ein dauerhaftes Bleiberecht erhalten sollen. Ganz zu schweigen davon, dass Deutschland europaweit sowieso schon die Hauptlast schultern muss (da redet niemand mehr von <a href=\"http:\/\/de.wikipedia.org\/wiki\/Verordnung_%28EU%29_Nr._604\/2013_%28Dublin_III%29\" target=\"_blank\">Dublin<\/a>).<\/p>\n<div id=\"attachment_2509\" style=\"width: 511px\" class=\"wp-caption aligncenter\"><a href=\"https:\/\/www.dr-thomas-hartung.de\/wp-content\/uploads\/2014\/11\/DWO-IP-Asylanten-bn-Aufm.jpg\"><img aria-describedby=\"caption-attachment-2509\" decoding=\"async\" loading=\"lazy\" class=\"size-full wp-image-2509\" title=\"DWO-IP-Asylanten-bn-Aufm\" src=\"https:\/\/www.dr-thomas-hartung.de\/wp-content\/uploads\/2014\/11\/DWO-IP-Asylanten-bn-Aufm.jpg\" alt=\"Aufnahmen 2014. Quelle: http:\/\/img.welt.de\/img\/deutschland\/crop133304307\/5169407530-ci16x9-w780\/DWO-IP-Asylanten-bn-Aufm.jpg\" width=\"501\" height=\"281\" srcset=\"https:\/\/www.dr-thomas-hartung.de\/wp-content\/uploads\/2014\/11\/DWO-IP-Asylanten-bn-Aufm.jpg 780w, https:\/\/www.dr-thomas-hartung.de\/wp-content\/uploads\/2014\/11\/DWO-IP-Asylanten-bn-Aufm-300x168.jpg 300w\" sizes=\"(max-width: 501px) 100vw, 501px\" \/><\/a><p id=\"caption-attachment-2509\" class=\"wp-caption-text\">Aufnahmen 2014. Quelle: http:\/\/img.welt.de\/img\/deutschland\/crop133304307\/5169407530-ci16x9-w780\/DWO-IP-Asylanten-bn-Aufm.jpg<\/p><\/div>\n<p>Erst recht zu schweigen davon, dass es in der Regel junge M\u00e4nner sind (werden Frauen nicht verfolgt?) oder M\u00e4nner, die dann ein Geschrei um ihre verbliebenen Familien erheben, die sie offensichtlich im Stich gelassen haben?<\/p>\n<p>Ebenso bleibt in Ihrer Argumentation ausgeblendet, dass in Sachsen im letzten Jahr 1.972 Straftaten durch 5800 Asylbewerber (0,18 % der s\u00e4chsischen Bev\u00f6lkerung) begangen wurden. Das entspricht (ohne Mehrfacht\u00e4ter) einer Quote von 34 %; d.h. jeder dritte Asylbewerber wurde straff\u00e4llig. Von den ca. 100.000 Ausl\u00e4ndern in Sachsen (Bev\u00f6lkerungsanteil 2,5 %) wurden 15 689 Straftaten begangen, das sind ca. 15% aller Straftaten.<\/p>\n<p>Ebenso bliebt in Ihrer Argumentation ausgeblendet, dass einerseits Fl\u00fcchtlinge vielerorts ihre Unterk\u00fcnfte <a href=\"http:\/\/www.fr-online.de\/bad-homburg-und-hochtaunus\/hochtaunus-fluechtlinge-protestieren,1472864,29098532.html\" target=\"_blank\">kritisieren<\/a> (es gebe kein Internet, nur schwaches Mobilfunknetz, keine \u00c4rzte oder Apotheke, keinen Supermarkt und kaum Busse in benachbarte St\u00e4dte und Gemeinden &#8211; da will ich mir gar nicht vorstellen, wie es die ortsans\u00e4ssigen Deutschen so lange dort ausgehalten haben), ja dagegen (wie in Berlin sogar gewaltsam: Oranienplatz, Gr\u00fcnenzentrale, Fernsehturm&#8230;) demonstrieren und andererseits die Willkommenskultur bereits so weit gediehen ist, Burkinis in Schwimmhallen zuzulassen sowie m\u00e4nnerfreie Badezeiten f\u00fcr Muslima einzuf\u00fchren. Das nenne ich Diskriminierung Einheimischer.<\/p>\n<p>Das eigentlich Erb\u00e4rmliche dieser Orwell\u2018schen Propaganda aber ist die Perfidie, mit der hier von \u201eden Ossis\u201c als insul\u00e4r-gemeinschaftlicher Haufen gefaselt wird, der weder etwas anzuziehen noch Fernseher oder Autos hatte und also alles, was nach 25 Jahren Einheit geschieht, nur im Modus grenzenloser Akzeptanz und Dankbarkeit hinzunehmen habe.<\/p>\n<p>K\u00f6nnen Sie den Ossis in die Augen schauen, Herr L\u00f6lke, die teilweise jahrzehntelang arbeiteten, in das Sozialsystem einzahlten und dennoch ihre karge Rente aufstocken m\u00fcssen \u2013 und die jetzt erleben, dass es Fremden ohne deren Dazutun besser geht?  <\/p>\n<p>K\u00f6nnen Sie den Ossis in die Augen schauen, Herr L\u00f6lke, die als Arbeitslose, unterbezahlte Zeitarbeiter oder trotz zweier Jobs kaum \u00fcber die Runden kommen \u2013 und die jetzt erleben, dass es Fremden ohne deren Dazutun besser geht?<br \/>\n<div id=\"attachment_2522\" style=\"width: 310px\" class=\"wp-caption aligncenter\"><a href=\"https:\/\/www.dr-thomas-hartung.de\/wp-content\/uploads\/2014\/11\/Bild6.jpg\"><img aria-describedby=\"caption-attachment-2522\" decoding=\"async\" loading=\"lazy\" src=\"https:\/\/www.dr-thomas-hartung.de\/wp-content\/uploads\/2014\/11\/Bild6-300x206.jpg\" alt=\"Beispielrechnung. Quelle: http:\/\/www.netzplanet.net\/4-500-euro-monatlich-hartz-iv-problemlos-moeglich\" title=\"Bild6\" width=\"300\" height=\"206\" class=\"size-medium wp-image-2522\" srcset=\"https:\/\/www.dr-thomas-hartung.de\/wp-content\/uploads\/2014\/11\/Bild6-300x206.jpg 300w, https:\/\/www.dr-thomas-hartung.de\/wp-content\/uploads\/2014\/11\/Bild6-1024x704.jpg 1024w\" sizes=\"(max-width: 300px) 100vw, 300px\" \/><\/a><p id=\"caption-attachment-2522\" class=\"wp-caption-text\">Beispielrechnung. Quelle: http:\/\/www.netzplanet.net\/4-500-euro-monatlich-hartz-iv-problemlos-moeglich<\/p><\/div><br \/>\nLaut <a href=\"http:\/\/www.welt.de\/wirtschaft\/article134634585\/Jeder-Siebte-verdient-weniger-als-800-Euro-brutto.html?wtrid=socialmedia.socialflow....socialflow_facebook\">DGB<\/a> kommt mehr als jeder dritte Arbeitnehmer unter 35 Jahren nicht \u00fcber einen Monatslohn von 1500 Euro brutto hinaus, jeder siebte verdient sogar nur bis zu 800 Euro brutto!<\/p>\n<p>K\u00f6nnen Sie den Ossis in die Augen schauen, Herr L\u00f6lke, die unter schwierigen Verh\u00e4ltnissen Geld und Herzblut in ein Haus oder einen Garten investierten \u2013 und die jetzt erleben, dass es\/er allein durch die Anwesenheit von Fremden massiv an Wert verliert?<\/p>\n<p>K\u00f6nnen Sie den Ossis in die Augen schauen, Herr L\u00f6lke, die als<a href=\"http:\/\/www.l-iz.de\/Leben\/Gesellschaft\/2012\/09\/Immer-mehr-Obdachlose-in-Sachsen-44020.html\" target=\"_blank\"> Obdachlose<\/a> auf der Stra\u00dfe hausen, als Student in <a href=\"http:\/\/www.zeit.de\/studium\/uni-leben\/2014-10\/wohnungsnot-studenten-uni-goettingen\" target=\"_blank\">Zelten<\/a> oder als Sch\u00fcler in <a href=\"http:\/\/www.ostsee-zeitung.de\/Vorpommern\/Ruegen\/Werden-Schueler-bald-in-Containern-unterrichtet\" target=\"_blank\">Containerschulen<\/a> \u2013 und die jetzt erleben, dass Fremde in Zwei-, Drei-, ja <a href=\"http:\/\/www.sz-online.de\/sachsen\/bautzen-bringt-asylbewerber-in-vier-sterne-hotel-unter-2848699.html\" target=\"_blank\">Viersternehotels<\/a> einziehen?<\/p>\n<p>W\u00fcrde es allen Menschen in (Ost-)Deutschland gut gehen, Herr L\u00f6lke, w\u00fcrde es dieses Thema gar nicht geben! Was Sie \u2013 mit vielen anderen politischen und medialen Einfl\u00fcsterern \u2013 versuchen, ist nicht nur, uns das <strong>Denken<\/strong> vorzuschreiben, sondern inzwischen schon zu verordnen, was und wie wir <strong>wahrzunehmen<\/strong> haben. Das aber \u2013 gl\u00fccklicherweise \u2013 entzieht sich dem bewussten Zugriff; es ist kein Reflex (der n\u00e4mlich ist bereits eine<em> Reaktion<\/em>), sondern ein Perzept.<\/p>\n<p>Die SPD hat \u00fcbrigens heute <a href=\"http:\/\/jungefreiheit.de\/politik\/deutschland\/2014\/gabriel-fordert-eine-milliarde-euro-bundeshilfen-fuer-asylbewerber\/\" target=\"_blank\">gemeint<\/a><\/p>\n<blockquote><p>\u201eWenn die Kommunen wegen der Kosten f\u00fcr die Unterbringung und Versorgung der Asylbewerber kein Geld mehr f\u00fcr Museen und Freib\u00e4der h\u00e4tten, k\u00f6nnte die Zustimmung in der Bev\u00f6lkerung f\u00fcr die Aufnahme von weiteren Asylbewerbern kippen&#8230; und dies W\u00e4hler der Rechten in die H\u00e4nde spielen.\u201c<\/p><\/blockquote>\n<p>Scheinheiliger geht\u2018s nimmer: eine Regierungspartei interessiert mitnichten Fl\u00fcchtlinge oder von Fl\u00fcchtlingspolitik Betroffene, sondern h\u00f6chstens, wie sie per Milliardenforderung ihre Angst vor dem Verlust weiterer W\u00e4hlerstimmen kaschieren kann.<\/p>\n<p>Ebenso wie zu Ihrem Pamphlet fallen mir dazu nur drei Adjektive ein: l\u00e4cherlich, armselig, erb\u00e4rmlich.<\/p>\n<p><iframe src=\"http:\/\/www.facebook.com\/plugins\/like.php?href=http%3A%2F%2Fwww.dr-thomas-hartung.de%2F%3Fp%3D2507&amp;send=true&amp;layout=standard&amp;width=450&amp;show_faces=true&amp;action=like&amp;colorscheme=light&amp;font&amp;height=80\" scrolling=\"no\" frameborder=\"0\" style=\"border:none; overflow:hidden; width:450px; height:80px;\" allowTransparency=\"true\"><\/iframe><\/p>\n","protected":false},"excerpt":{"rendered":"<p>Da stellt einer im ach so staatsfernen Rundfunk die richtigen Fragen, beantwortet sie aber nicht (wie auch) und \u00fcbt sich stattdessen in dem, was sowohl Politik als auch Fl\u00fcchtlinge gerade ebenso machen: Forderungen stellen. In diesem Fall die, dass die \u201eOssis\u201c (!) den Zuwanderern gegen\u00fcber gef\u00e4lligst tolerant zu sein h\u00e4tten. Weil: als DDR-Fl\u00fcchtlinge haben die Ossis \u201eja auch auf die Solidarit\u00e4t der St\u00e4rkeren gehofft\u201c. Mit Verlaub: geht\u2019s noch?<\/p>\n","protected":false},"author":1,"featured_media":0,"comment_status":"open","ping_status":"open","sticky":false,"template":"","format":"standard","meta":[],"categories":[1,4,7],"tags":[],"_links":{"self":[{"href":"https:\/\/www.dr-thomas-hartung.de\/index.php?rest_route=\/wp\/v2\/posts\/2507"}],"collection":[{"href":"https:\/\/www.dr-thomas-hartung.de\/index.php?rest_route=\/wp\/v2\/posts"}],"about":[{"href":"https:\/\/www.dr-thomas-hartung.de\/index.php?rest_route=\/wp\/v2\/types\/post"}],"author":[{"embeddable":true,"href":"https:\/\/www.dr-thomas-hartung.de\/index.php?rest_route=\/wp\/v2\/users\/1"}],"replies":[{"embeddable":true,"href":"https:\/\/www.dr-thomas-hartung.de\/index.php?rest_route=%2Fwp%2Fv2%2Fcomments&post=2507"}],"version-history":[{"count":11,"href":"https:\/\/www.dr-thomas-hartung.de\/index.php?rest_route=\/wp\/v2\/posts\/2507\/revisions"}],"predecessor-version":[{"id":2521,"href":"https:\/\/www.dr-thomas-hartung.de\/index.php?rest_route=\/wp\/v2\/posts\/2507\/revisions\/2521"}],"wp:attachment":[{"href":"https:\/\/www.dr-thomas-hartung.de\/index.php?rest_route=%2Fwp%2Fv2%2Fmedia&parent=2507"}],"wp:term":[{"taxonomy":"category","embeddable":true,"href":"https:\/\/www.dr-thomas-hartung.de\/index.php?rest_route=%2Fwp%2Fv2%2Fcategories&post=2507"},{"taxonomy":"post_tag","embeddable":true,"href":"https:\/\/www.dr-thomas-hartung.de\/index.php?rest_route=%2Fwp%2Fv2%2Ftags&post=2507"}],"curies":[{"name":"wp","href":"https:\/\/api.w.org\/{rel}","templated":true}]}}