{"id":2807,"date":"2015-03-29T14:53:27","date_gmt":"2015-03-29T13:53:27","guid":{"rendered":"http:\/\/www.dr-thomas-hartung.de\/?p=2807"},"modified":"2015-03-29T16:46:14","modified_gmt":"2015-03-29T15:46:14","slug":"machtverstand-statt-sachverstand-ein-lehrstuck-zu-dresdens-linken","status":"publish","type":"post","link":"https:\/\/www.dr-thomas-hartung.de\/?p=2807","title":{"rendered":"Machtverstand statt Sachverstand: ein Lehrst\u00fcck zu Dresdens Linken"},"content":{"rendered":"<p>Der folgende Text \u2013 geschrieben als Reaktion auf einen BILD-Bericht, der mir wieder mal Gespr\u00e4chswert sicherte \u2013 kann als Lehrst\u00fcck daf\u00fcr gelten, wie selbstherrlich die rotgr\u00fcnrotorange Mehrheit in Dresden inzwischen selbst auf Ortsbeiratsebene agiert, ja (durch)regiert, und wie daf\u00fcr s\u00e4mtliche Historizit\u00e4t (um nicht Tradition zu schreiben), s\u00e4mtlicher politischer Anstand und s\u00e4mtlicher Sachverstand zugunsten von schierer Machtdemonstration auf der Strecke bleiben. Eingearbeitet sind w\u00f6rtliche Passagen der Protokolle der Ortsbeiratssitzungen, die ich nicht gesondert ausweise.<\/p>\n<p>Das Vermessungsamt der Landeshauptstadt Dresden hatte das Ortsamt Pieschen im Rahmen einer Ortsbeiratssitzung letztes Jahr gebeten, Namensvorschl\u00e4ge f\u00fcr die geplante Verbindung vom Konkordienplatz bis zur Moritzburger Stra\u00dfe sowie f\u00fcr zwei Wege innerhalb des Baugebiets \u201ePieschener Melodien\u201c vorzuschlagen. Dazu wurde den Ortsbeir\u00e4ten eine Liste aller im Ortsamt eingegangenen Namensvorschl\u00e4ge einschlie\u00dflich der beigef\u00fcgten Biografien \u00fcberreicht und darauf verwiesen, dass vorrangig bei der Stra\u00dfenbenennung Frauennamen bekannter Pers\u00f6nlichkeiten ber\u00fccksichtigt werden sollen.<\/p>\n<p>Schon gegen diesen &#8211; f\u00fcr Dresden leider bereits beschlossenen &#8211; <a href=\"http:\/\/www.dresden.de\/de\/02\/035\/07_gender_mainstreaming.php\" target=\"_blank\">Gender-Unsinn<\/a> ging ich dadurch vor, dass ich auf Anregung unseres Pieschener Urgesteins Martin Lenkeit den Namen <a href=\"http:\/\/de.pluspedia.org\/wiki\/Hans_Fromm \" target=\"_blank\">Hans Fromm<\/a> vorschlagen wollte. Der geb\u00fcrtige Augsburger war \u00fcber 20 Jahre Kantor in der St.-Markus-Kirche und wohnte von 1961 bis kurz vor seinem Tod 1982 in Pieschen auf der Mohnstra\u00dfe. Der Vorschlag sollte nicht nur dem Namen des Baugebiets Rechnung tragen, sondern vor allem einen Mann w\u00fcrdigen, der bereits mit 25 Jahren Dozent an der Landes-Kirchenmusikschule Dresden sowie mit der Vertretung von Kreuzorganist Herbert Collum an der Dresdner Kreuzkirche betraut wurde, als dessen Nachfolger er quasi feststand. Dass er daneben ein gefragter Organist und Cembalist bei Auff\u00fchrungen des Dresdner Kreuzchores unter Rudolf Mauersberger und Martin Fl\u00e4mig sowie bei der Dresdner Philharmonie war, sei nur am Rande erw\u00e4hnt. Lokal verwurzelt, verdient um Dresdens Musikszene, ja international beachtet \u2013 man mag den Vorschlag durchaus gut finden k\u00f6nnen.<\/p>\n<div id=\"attachment_2808\" style=\"width: 460px\" class=\"wp-caption aligncenter\"><a href=\"https:\/\/www.dr-thomas-hartung.de\/wp-content\/uploads\/2015\/03\/Untitled-2.jpg\"><img aria-describedby=\"caption-attachment-2808\" decoding=\"async\" loading=\"lazy\" class=\"size-medium wp-image-2808\" title=\"Untitled-2\" src=\"https:\/\/www.dr-thomas-hartung.de\/wp-content\/uploads\/2015\/03\/Untitled-2-248x300.jpg\" alt=\"Nachruf auf Hans Fromm. Quelle: privat.\" width=\"450\" height=\"543\" srcset=\"https:\/\/www.dr-thomas-hartung.de\/wp-content\/uploads\/2015\/03\/Untitled-2-248x300.jpg 248w, https:\/\/www.dr-thomas-hartung.de\/wp-content\/uploads\/2015\/03\/Untitled-2.jpg 688w\" sizes=\"(max-width: 450px) 100vw, 450px\" \/><\/a><p id=\"caption-attachment-2808\" class=\"wp-caption-text\">Nachruf auf Hans Fromm. Quelle: privat.<\/p><\/div>\n<p>Nur nebenbei: auch die \u201e<a href=\"http:\/\/www.sz-online.de\/nachrichten\/erinnerung-an-puppen-langner-bewahren-3009178.html\" target=\"_blank\">S\u00e4chsische Zeitung<\/a>\u201c hatte einen Aufruf zur Namensfindung gestartet, an dem sich immerhin 608 Leser beteiligten. Eine knappe Mehrheit von 42,27 Prozent (entspricht 257 Lesern) entschied sich daf\u00fcr, eine Stra\u00dfe oder einen Weg nach Hedwig Langner zu benennen. Die t\u00fcchtige Gesch\u00e4ftsfrau gr\u00fcndete 1894 auf der B\u00fcrgerstra\u00dfe das Gesch\u00e4ft \u201ePuppen Langner\u201c, in dem sie auch eine Puppenklinik betrieb und das vor wenigen Wochen schlie\u00dfen musste. Diesen Vorschlag brachten \u00fcbrigens die Freien B\u00fcrger ein, auch ihn kann man gut finden.<\/p>\n<p>Auf der Ortsbeiratssitzung im Dezember 2014 nun kaprizierte sich die Linke zun\u00e4chst auf ihren Vorschlag \u201e<a href=\"http:\/\/www.frauenwiki-dresden.de\/index.php?title=Rosa_Steinhart\" target=\"_blank\">Rosa Steinhart<\/a>\u201c, der in der SZ-Umfrage 41,45 Prozent erreichte. Die J\u00fcdin lebte in der Trachenberger Stra\u00dfe, wo ihr Mann mit einem Gesch\u00e4ftspartner ein Spezialgesch\u00e4ft f\u00fcr K\u00fcchen- und Haushaltsger\u00e4te betrieb. W\u00e4hrend der Nazi-Diktatur wurde das Paar zun\u00e4chst im \u201eJudenhaus\u201c in der Bautzner Stra\u00dfe, sp\u00e4ter im \u201eJudenlager Hellerberg\u201c zwangseinquartiert und 1943 im Konzentrationslager Ausschwitz-Birkenau ermordet.<\/p>\n<p>Zweifellos ist das Schicksal der Frau tragisch. Aber allein aufgrund eines Schicksals, also eines \u201eSeins\u201c, mit einer Stra\u00dfe gew\u00fcrdigt zu werden finde ich angesichts der Verdienste der anderen potentiellen Namenspatrone und -patroninnen, also Vertreter eines &#8222;Tuns&#8220;, gelinde geschrieben sehr problematisch. Darunter waren bspw. Frauenrechtlerinnen wie <a href=\"http:\/\/de.wikipedia.org\/wiki\/Marie_Stritt\" target=\"_blank\">Marie Stritt<\/a> oder\u00a0<a href=\"http:\/\/de.wikipedia.org\/wiki\/Amely_B%C3%B6lte\" target=\"_blank\"> Amely B\u00f6lte<\/a>, aber auch die erste in Dresden promovierte Architektin <a href=\"http:\/\/dresden.stadtwiki.de\/wiki\/Marie_Frommer\" target=\"_blank\">Marie Frommer<\/a>: eine J\u00fcdin (!!!), die tats\u00e4chlich Dinge \u201eerschuf\u201c, 1936 emigrierte und als Architektin des Staates New York in den USA sehr erfolgreich wurde. Aber eine \u00fcberlebende und beruflich erfolgreiche J\u00fcdin passt sicher nicht so recht in ein Schwarz-Wei\u00df-Konzept, das eine Kaufmannsfrau zur Heldin stilisieren will\u2026<\/p>\n<div id=\"attachment_2809\" style=\"width: 460px\" class=\"wp-caption aligncenter\"><a href=\"https:\/\/www.dr-thomas-hartung.de\/wp-content\/uploads\/2015\/03\/Untitled-3.jpg\"><img aria-describedby=\"caption-attachment-2809\" decoding=\"async\" loading=\"lazy\" class=\"size-medium wp-image-2809\" title=\"Untitled-3\" src=\"https:\/\/www.dr-thomas-hartung.de\/wp-content\/uploads\/2015\/03\/Untitled-3-219x300.jpg\" alt=\"Frommer-Bauten: Warenhaus \u201eTextilia\u201c Ostrava, Seidenhaus \u201eLeiser\u201c Berlin. Quelle: privat.\" width=\"450\" height=\"614\" \/><\/a><p id=\"caption-attachment-2809\" class=\"wp-caption-text\">Frommer-Bauten: Warenhaus \u201eTextilia\u201c Ostrava, Seidenhaus \u201eLeiser\u201c Berlin. Quelle: privat.<\/p><\/div>\n<p>Um dem Ansinnen Nachdruck zu verleihen, stellt Maurice Devantier dann tats\u00e4chlich den Antrag, bei der Namensvergabe auf der Folgesitzung im Januar auf M\u00e4nnernamen zu verzichten. Dieser Antrag, eine H\u00e4lfte der Dresdner Bev\u00f6lkerung per se zu quotieren, ging mehrheitlich durch! Damit blieben 16 Vorschl\u00e4ge auf der Liste. Im Januar nun \u00fcbergab Ortsamtsleiter Christian Wintrich diesen Abstimmungszettel, aus dem zun\u00e4chst drei Namen ausgew\u00e4hlt werden sollten. Aus diesen drei mehrheitlich am h\u00e4ufigsten gew\u00e4hlten sollten sich dann in Form einer Stichwahl der Stra\u00dfenname und die zwei Wegenamen heraus stellen.<\/p>\n<div id=\"attachment_2814\" style=\"width: 460px\" class=\"wp-caption aligncenter\"><a href=\"https:\/\/www.dr-thomas-hartung.de\/wp-content\/uploads\/2015\/03\/Untitled-1.jpg\"><img aria-describedby=\"caption-attachment-2814\" decoding=\"async\" loading=\"lazy\" class=\"size-medium wp-image-2814\" title=\"Untitled-1\" src=\"https:\/\/www.dr-thomas-hartung.de\/wp-content\/uploads\/2015\/03\/Untitled-1-204x300.jpg\" alt=\"Abstimmungsliste. Quelle: privat.\" width=\"450\" height=\"663\" \/><\/a><p id=\"caption-attachment-2814\" class=\"wp-caption-text\">Abstimmungsliste. Quelle: privat.<\/p><\/div>\n<p>Und wieder gr\u00e4tschte Maurice Devantier dazwischen: mit dem Antrag, die Namensfindung nach einem anderen Verfahren durchzuf\u00fchren. \u201eWir haben da schon mal was vorbereitet\u2026\u201c Hinterzimmerpolitik vom Feinsten! Der Ortsbeirat wurde also aufgefordert, \u00fcber die zwei unterschiedlichen Wahlverfahren zur Namensfindung abzustimmen. Das Abstimmungsergebnis war erwartbar: mit 7 Ja- gegen 8 Nein-Stimmen bei 3 Enthaltungen wurde das vom Vorsitzenden vorgeschlagene Auswahlverfahren mehrheitlich abgelehnt. Das nenne ich eine klassische Gremien-Spaltung!!! \u00dcbrig blieben nach dem Willen der neuen SED: Rosa-Steinhart-Stra\u00dfe, Hedwig-Langner-Weg und Neudorfer Weg.<\/p>\n<p>Der Gipfel der Unverfrorenheit des Gymnasiallehrers (!!!) Devantier war nun die Begr\u00fcndung, die er auf der Dezembersitzung \u00e4hnlich schon mal andeutete: ein Zeichen zu setzen angesichts des Klimas in der Stadt, das \u00e4hnlich sei wie das von 1933!!! Die Ungeheuerlichkeit dieses Vergleichs macht einfach nur sprachlos \u2013 zumal die Ortsbeiratssitzung einen Tag nach jenem PEGIDA-Spaziergang stattfand, der mit nach Veranstalterz\u00e4hlung 36 900 (laut Polizei 25 000) Protestb\u00fcrgern, unter denen auch ich war, seinen H\u00f6hepunkt erreichte! Nach dieser linken \u201eLogik\u201c gelten dann die Spazierg\u00e4nger als SS-Rotten, die nichts anderes im Kopf h\u00e4tten als Juden zu deportieren und ins Gas zu schicken??? Oder meinte der Herr Gymnasiallehrer gar, mit der Angst vor islamistischer Gewalt vieler Spazierg\u00e4nger kann nur eine Ablehnung aller Muslime gemeint sein, die dann also als sch\u00fctzenswerte \u201eneue Juden\u201c gelten m\u00fcssten? Geht\u2019s noch?<\/p>\n<p>Diese kindische, von keinerlei politischem Horizont oder gar historischer Bewusstheit getragene dumpfe Kurzschl\u00fcssigkeit entfaltet ihren perfiden Charakter vor allem, wenn man sich drei Ph\u00e4nomene vergegenw\u00e4rtigt, die hier nur plakativ angerissen sein sollen:<\/p>\n<p><strong>I)<\/strong> Das Verh\u00e4ltnis von Islam und Judentum. Abgesehen davon, dass Henryk M. Broder mit dem von Gesine Schwan aufgebrachten \u201egef\u00e4hrlichen Geplapper\u201c schon gr\u00fcndlich <a href=\"http:\/\/www.welt.de\/kultur\/article135405450\/Gefaehrliches-Geplapper-ueber-Judentum-und-Islam.html\" target=\"_blank\">abrechnete<\/a> \u2013 entscheidend ist folgender Zusammenhang, auf den Thorsten Hinz aufmerksam <a href=\"https:\/\/jungefreiheit.de\/debatte\/kommentar\/2015\/zum-opfer-stilisiert\/\" target=\"_blank\">machte<\/a>:<\/p>\n<blockquote><p>\u201eWenn erst einmal das Prinzip der \u00c4quivalenz von Jud\u00e4ophobie und Islamophobie durchgesetzt ist, kann man auch das Prinzip der Entsorgung angehen: eine subtile, aber effektive Methode der symbolischen Enteignung. Jetzt sind wir an der Reihe, sagen die Fundamentalisten. Auf diese Art kann sich der Islam als Gl\u00e4ubiger der gesamten Menschheit pr\u00e4sentieren: Wir sind ihm etwas schuldig f\u00fcr die erlittenen Qualen seit den Kreuzz\u00fcgen, die Erniedrigung des Kolonialismus, die Besetzung Pal\u00e4stinas durch die Zionisten und schlie\u00dflich f\u00fcr das schlechte Image, unter dem die Religion des Propheten leidet. Bei ihm m\u00fcssen wir die moralische Schuld abtragen, die wir bis dahin den Juden erbracht haben.\u201c<\/p><\/blockquote>\n<p>Dabei soll nur erw\u00e4hnt sein, dass es eben keine deutschen Mitb\u00fcrger sind, die gegenw\u00e4rtig Judenfeindlichkeit <a href=\"https:\/\/jungefreiheit.de\/debatte\/kommentar\/2015\/es-ist-der-islam-dummkopf\/ \" target=\"_blank\">demonstrieren<\/a>:<\/p>\n<blockquote><p>\u201eEs ist nicht der \u201eh\u00e4\u00dfliche Deutsche\u201c, der daf\u00fcr verantwortlich ist, da\u00df j\u00fcdische Schulen und Synagogen von der Polizei bewacht werden m\u00fcssen. Es sind keine \u201eNazis\u201c oder \u201eRechtsextremisten\u201c, die Juden auf offener Stra\u00dfe bespucken und attackieren oder \u201eJuden ins Gas\u201c skandieren. Es sind die radikalisierten Anh\u00e4nger jener Religion, die aufgrund ihrer Geschichte, ihrer Werte und ihrer Herkunft eben nicht zu Deutschland geh\u00f6rt: der Islam. Sie sind es, die daf\u00fcr sorgen, da\u00df in Braunschweig ein Karnevalsumzug abgesagt werden muss.\u201c<\/p><\/blockquote>\n<p><strong>II)<\/strong> Das Verh\u00e4ltnis der Linken zum Judentum, das von Anbeginn nur als \u201eHassliebe\u201c zu charakterisieren ist: was h\u00e4tte denn Fraktionschef Gregor Gysi dem Journalisten sagen k\u00f6nnen, der ihn da im November bis auf die Bundestags-Toilette verfolgte und rief: \u201eBin ich ein Antisemit?\u201c Die Antwort w\u00e4re nicht so leicht gewesen: Der Mann lebt in Israel, wirft aber Land und Regierung Rassismus vor, der letztlich nicht besser sei als jener der Nazis.<\/p>\n<p>Ein kurzer Blick in die Geschichte kl\u00e4rt auf: 1945 scheint zumindest im Westen klar zu sein, dass Linke und \u00fcberlebende Juden zusammengeh\u00f6ren. Beide verbindet der Antifaschismus, beide leiden an einer Gesellschaft, die verdr\u00e4ngen und vergessen will, beide k\u00e4mpfen gegen alte Nazis, die in der neuen Bundesrepublik wieder zu Amt und W\u00fcrden kommen. In der DDR ist da schon das Verh\u00e4ltnis ambivalent: Als NS-Opfer und Beweis, dass im Osten das bessere Deutschland lebt, sind Juden willkommen &#8211; als Zionisten sind sie Handlanger der imperialistischen USA. Der Bruch kommt mit dem Sechstagekrieg, in dem sich Israel nicht mehr als das kleine, bedrohte Land, sondern als Besatzungsmacht entpuppt und damit nach Meinung der 68er seine imperialistische Fratze zeigt: Juden sind in Israel faschistisch und rassistisch, gest\u00fctzt von den amerikanischen Kapitalisten.<\/p>\n<p>Aus der einstigen N\u00e4he also wurde gegenseitige Ablehnung &#8211; noch st\u00e4rker bei der westdeutschen Linken als bei der ostdeutschen, deren Antizionismus 1989 den Rang der Staatsr\u00e4son verlor. Der damalige taz-Redakteur Philipp Gessler hat das einmal so zusammengefasst: Es sei die &#8222;Identifikation ,der Juden&#8216; mit Geld, modernisiert durch das Vokabular der Globalisierungskritik&#8220;, das &#8222;Konstrukt einer globalen Verschw\u00f6rung&#8220; und die &#8222;erinnerungsabwehrende Haltung&#8220;, bei der Nazis und Juden gleichgesetzt w\u00fcrden.<\/p>\n<p>Matthias Drobinski schloss seine lesenswerte <a href=\"http:\/\/www.sueddeutsche.de\/politik\/beziehung-zwischen-linken-und-juden-geschichte-von-naehe-und-hass-1.2226545 \" target=\"_blank\">Betrachtung <\/a>dazu mit den Worten \u201eVielleicht war es wirklich am besten, dass Gregor Gysi nicht auf die Antisemitismus- Frage antwortete und einfach die Toilettent\u00fcr schloss.\u201c<\/p>\n<p><strong>III)<\/strong> Das Verh\u00e4ltnis der Dresdner (nicht nur der Linken) zum Benennen von Stra\u00dfen. Was nach 1945 in Dresden an Namen verschwand und durch neue ersetzt wurde, soll hier nicht thematisiert werden. Dass da manch ideologischer Unfug betrieben wurde, ist ebenso klar wie die Tatsache, dass da eben nicht nur Unfug im Spiel war. Wahllose Beispiele:<\/p>\n<ul>\n<li><a href=\"http:\/\/de.wikipedia.org\/wiki\/Julius_Fu%C4%8D%C3%ADk_%28Autor%29\" target=\"_blank\">Julius Fu\u010d\u00edk<\/a>s \u201eReportage unter dem Strang geschrieben\u201c ist das meist\u00fcbersetzte Werk tschechischer Sprache (in fast 90 Sprachen mit rund 300 Auflagen) \u2013 der Kommunist wurde 1943 in Pl\u00f6tzensee ermordet.<\/li>\n<li><a href=\"http:\/\/dresden.stadtwiki.de\/wiki\/Elsa_Fenske\" target=\"_blank\">Elsa Fenske<\/a> war Kommunistin und erste Dresdner Sozialdezernentin, sie starb 1946 bei einem Unfall.<\/li>\n<li><a href=\"http:\/\/de.wikipedia.org\/wiki\/Otto_Buchwitz\" target=\"_blank\">Otto Buchwitz<\/a> war Kommunist und s\u00e4chsischer Landtagspr\u00e4sident und ist bis heute Ehrenb\u00fcrger Dresdens.<\/li>\n<\/ul>\n<h3>Man bedenke kurz, was geschehen w\u00e4re, h\u00e4tte sich jemand bis 1989 erdreistet, diese Namensgebungen aus ideologischen Gr\u00fcnden zu kritisieren? Und jetzt, 25 Jahre danach, sind wir wieder so weit???<\/h3>\n<p>Die Pikanterie wird noch dadurch gesteigert, dass diese Namen ab 1991 tats\u00e4chlich verschwanden und wir jetzt wieder einen Stra\u00dfburger Platz, eine Theaterstra\u00dfe und eine K\u00f6nigsbr\u00fccker Stra\u00dfe haben!!! Erst recht gesteigert wird sie dadurch, dass mit <a href=\"http:\/\/dresden.stadtwiki.de\/wiki\/Fritz_Meinhardt\" target=\"_blank\">Fritz Meinhardt<\/a> ein arbeitsloser j\u00fcdischer Kommunist ohne Parteifunktion, der 1943  unter ungekl\u00e4rten Umst\u00e4nden auf der Schie\u00dfgasse ums Leben kam, seiner Stra\u00dfe ebenfalls schon 1991 verlustig gehen sollte, es diese aber bis heute gibt! Wie schizophren kann eine Stadt eigentlich noch sein?<\/p>\n<p>So entschied sich der Ortsbeirat Pieschen leider mehrheitlich gegen jeden Anstand und Verstand, dem diktatorischen Devantier-Vorschlag zu folgen, der dann so abgestimmt wurde:<\/p>\n<p>Planweg A = Hedwig-Langner-Weg 18 Ja-Stimmen, 0 Nein-Stimmen, 0 Enthaltungen. Dieser Vorschlag war konsensf\u00e4hig.<\/p>\n<p>Planweg B = Neudorfer Weg 17 Ja-Stimmen, 0 Nein-Stimmen, 1 Enthaltung. Dieser Vorschlag auch, aber hier enthielt ich mich aus Prinzip.<\/p>\n<p>Planstra\u00dfe = Rosa-Steinhart-Stra\u00dfe 16 Ja-Stimmen, 2 Nein-Stimmen. Eine davon kam von mir, jedes andere Stimmverhalten \u2013 wie es etwa auch die CDU an den Tag legte \u2013 h\u00e4tte ich als Verrat empfunden, einer Ideologie zur Durchsetzung zu verhelfen, die nicht meine ist.<\/p>\n<p>Die Stadtratsfraktion pr\u00fcft inzwischen anhand meines Protokolls und meiner m\u00fcndlichen Begr\u00fcndung alle m\u00f6glichen und n\u00f6tigen Schritte, um diesen Namen zu verhindern. Als eins dieser Protokolle von einem linken Onlinemedium \u201egew\u00fcrdigt\u201c wurde, kam dann mit mehrw\u00f6chiger Versp\u00e4tung die Zeitung mit den vier gro\u00dfen Buchstaben darauf, wieder mal gegen mich zu hetzen.<\/p>\n<div id=\"attachment_2813\" style=\"width: 460px\" class=\"wp-caption aligncenter\"><a href=\"https:\/\/www.dr-thomas-hartung.de\/wp-content\/uploads\/2015\/03\/Untitled-4.jpg\"><img aria-describedby=\"caption-attachment-2813\" decoding=\"async\" loading=\"lazy\" class=\"size-medium wp-image-2813\" title=\"Untitled-4\" src=\"https:\/\/www.dr-thomas-hartung.de\/wp-content\/uploads\/2015\/03\/Untitled-4-137x300.jpg\" alt=\"BILD-Bericht. Quelle: privat.\" width=\"450\" height=\"984\" srcset=\"https:\/\/www.dr-thomas-hartung.de\/wp-content\/uploads\/2015\/03\/Untitled-4-137x300.jpg 137w, https:\/\/www.dr-thomas-hartung.de\/wp-content\/uploads\/2015\/03\/Untitled-4-469x1024.jpg 469w\" sizes=\"(max-width: 450px) 100vw, 450px\" \/><\/a><p id=\"caption-attachment-2813\" class=\"wp-caption-text\">BILD-Bericht. Quelle: privat.<\/p><\/div>\n<p>Der Ortsbeirat der NPD war ob dieses Vorgehens (und nat\u00fcrlich des Ergebnisses) offenbar noch saurer als ich und beantragte auf der M\u00e4rzsitzung, aufgrund mehrerer Form- und Verfahrensfehler das Abstimmungsergebnis zu annullieren und eine Neuabstimmung vorzunehmen per Stimmzettel, wie das bereits am 13.01.2015 geplant \u00a0war. In der Begr\u00fcndung des Antrages f\u00fchrte er u.a. aus, dass das Verfahren, wie es zur Wahl der Namensfindung kam, weder vorgetragen noch dem Ortsbeirat erl\u00e4utert wurde. Der Ortsamtsleiter stellte diesen Antrag zur Abstimmung mit dem Ergebnis: 2 Ja-Stimmen, 15 Nein-Stimmungen, 1 Enthaltung. Damit war eine formale Neuabstimmung, unter anderem wieder gegen meine Stimme, gescheitert.<\/p>\n<p>Aber es stimmt hoffnungsvoll, dass aus der CDU jetzt wenigstens eine Enthaltung kam.<\/p>\n<p><iframe src=\"http:\/\/www.facebook.com\/plugins\/like.php?href=http%3A%2F%2Fwww.dr-thomas-hartung.de%2F%3Fp%3D2807&amp;send=true&amp;layout=standard&amp;width=450&amp;show_faces=true&amp;action=like&amp;colorscheme=light&amp;font&amp;height=80\" scrolling=\"no\" frameborder=\"0\" style=\"border:none; overflow:hidden; width:450px; height:80px;\" allowTransparency=\"true\"><\/iframe><\/p>\n","protected":false},"excerpt":{"rendered":"<p>Der folgende Text \u2013 geschrieben als Reaktion auf einen BILD-Bericht, der mir wieder mal Gespr\u00e4chswert sicherte \u2013 kann als Lehrst\u00fcck daf\u00fcr gelten, wie selbstherrlich die rotgr\u00fcnrotorange Mehrheit in Dresden inzwischen selbst auf Ortsbeiratsebene agiert, ja (durch)regiert, und wie daf\u00fcr s\u00e4mtliche Historizit\u00e4t (um nicht Tradition zu schreiben), s\u00e4mtlicher politischer Anstand und s\u00e4mtlicher Sachverstand zugunsten von schierer Machtdemonstration auf der Strecke bleiben.<\/p>\n","protected":false},"author":1,"featured_media":0,"comment_status":"open","ping_status":"open","sticky":false,"template":"","format":"standard","meta":[],"categories":[1,7,9],"tags":[],"_links":{"self":[{"href":"https:\/\/www.dr-thomas-hartung.de\/index.php?rest_route=\/wp\/v2\/posts\/2807"}],"collection":[{"href":"https:\/\/www.dr-thomas-hartung.de\/index.php?rest_route=\/wp\/v2\/posts"}],"about":[{"href":"https:\/\/www.dr-thomas-hartung.de\/index.php?rest_route=\/wp\/v2\/types\/post"}],"author":[{"embeddable":true,"href":"https:\/\/www.dr-thomas-hartung.de\/index.php?rest_route=\/wp\/v2\/users\/1"}],"replies":[{"embeddable":true,"href":"https:\/\/www.dr-thomas-hartung.de\/index.php?rest_route=%2Fwp%2Fv2%2Fcomments&post=2807"}],"version-history":[{"count":10,"href":"https:\/\/www.dr-thomas-hartung.de\/index.php?rest_route=\/wp\/v2\/posts\/2807\/revisions"}],"predecessor-version":[{"id":2820,"href":"https:\/\/www.dr-thomas-hartung.de\/index.php?rest_route=\/wp\/v2\/posts\/2807\/revisions\/2820"}],"wp:attachment":[{"href":"https:\/\/www.dr-thomas-hartung.de\/index.php?rest_route=%2Fwp%2Fv2%2Fmedia&parent=2807"}],"wp:term":[{"taxonomy":"category","embeddable":true,"href":"https:\/\/www.dr-thomas-hartung.de\/index.php?rest_route=%2Fwp%2Fv2%2Fcategories&post=2807"},{"taxonomy":"post_tag","embeddable":true,"href":"https:\/\/www.dr-thomas-hartung.de\/index.php?rest_route=%2Fwp%2Fv2%2Ftags&post=2807"}],"curies":[{"name":"wp","href":"https:\/\/api.w.org\/{rel}","templated":true}]}}