{"id":2866,"date":"2015-08-10T10:23:20","date_gmt":"2015-08-10T09:23:20","guid":{"rendered":"http:\/\/www.dr-thomas-hartung.de\/?p=2866"},"modified":"2015-08-10T18:37:39","modified_gmt":"2015-08-10T17:37:39","slug":"mir-reichts","status":"publish","type":"post","link":"https:\/\/www.dr-thomas-hartung.de\/?p=2866","title":{"rendered":"Mir reichts!"},"content":{"rendered":"<p>Gleich drei F\u00e4lle journalistischer Manipulation sind mir heute morgen binnen weniger Stunden aufgefallen.<\/p>\n<p>I) Mit Ausnahme der Passage \u201e&#8230;als Aktivisten der Bewegung am helllichten Tag  die verhasste EU-Flagge vom Fahnenmast auf dem Stadtschloss holten und  das ganze auch noch in einem Video dokumentierten\u201c geht es in diesem <a href=\"http:\/\/www.fr-online.de\/rhein-main\/identitaere-bewegung-pflicht-zur-unruhe,1472796,31421512.html?dmcid=sm_em\" target=\"_blank\">Text<\/a> nicht ein  einziges Mal um Worte oder Taten der IB &#8211; und diese Aktion ist wahrlich  keiner Erw\u00e4hnung wert; nebenbei: wie kommt der Autor zur Wertung  &#8222;verhasst&#8220;?. Am Ende dann aber taucht dieser behauptende Satz auf: \u201eWer  beim Thema Rassismus auf Ruhe setzt, der schafft nichts anderes als ein  ruhiges Hinterland f\u00fcr Rechtsextremisten.\u201c Wo aber geht es in diesem  Text um \u201eRassismus\u201c??? Und wo um Rechtsextremismus???<\/p>\n<p>II) Man rechne einfach mal die Prozentzahlen dieses <a href=\"http:\/\/www.welt.de\/wirtschaft\/article142840681\/Fluechtlinge-mit-Ausbildung-sollen-bleiben-duerfen.html\" target=\"_blank\">Artikels<\/a> zusammen, vor allem bei den Sprachkenntnissen.<\/p>\n<div id=\"attachment_2867\" style=\"width: 460px\" class=\"wp-caption aligncenter\"><a href=\"https:\/\/www.dr-thomas-hartung.de\/wp-content\/uploads\/2015\/08\/Bild1.jpg\"><img aria-describedby=\"caption-attachment-2867\" decoding=\"async\" loading=\"lazy\" class=\"size-medium wp-image-2867\" title=\"Bild1\" src=\"https:\/\/www.dr-thomas-hartung.de\/wp-content\/uploads\/2015\/08\/Bild1-300x222.jpg\" alt=\"Info-Grafik soziokulturelle Fl\u00fcchtlingsintegration. Quelle: http:\/\/www.welt.de\/wirtschaft\/article142840681\/Fluechtlinge-mit-Ausbildung-sollen-bleiben-duerfen.html\" width=\"450\" height=\"332\" \/><\/a><p id=\"caption-attachment-2867\" class=\"wp-caption-text\">Info-Grafik soziokulturelle Fl\u00fcchtlingsintegration. Quelle: http:\/\/www.welt.de\/wirtschaft\/article142840681\/Fluechtlinge-mit-Ausbildung-sollen-bleiben-duerfen.html<\/p><\/div>\n<p>III) Der <a href=\"http:\/\/www.mdr.de\/mdr-info\/fluechtlinge-maennlich100.html\" target=\"_blank\">mdr<\/a> hat sich der H\u00f6rerfrage angenommen, warum \u201efast nur m\u00e4nnliche Asylbewerber\u201c nach Deutschland kommen. Im Teaser hei\u00dft es \u201eWir haben recherchiert und sind einem typischen Betroffenen begegnet.\u201c Es geht um einen 45j\u00e4hrigen verheirateten pal\u00e4stinensischen Bauingenieur aus dem Gaza-Streifen, der Frau und 2 Kinder zur\u00fccklie\u00df, hier Asyl beantragte und dessen Haus dreimal zerst\u00f6rt worden sei \u2013 er habe es bis dato auch dreimal wieder aufgebaut.<br \/>\n&#8211; Die Personalisierung ist schon darum manipulativ, da (wie aus dem Text selbst hervorgeht!) der M\u00e4nneranteil bei 18- bis 35-J\u00e4hrigen knapp 75 Prozent betr\u00e4gt \u2013 ein 45 j\u00e4hriger Verheirateter ist nicht typisch, aber besser zum Emotionalisieren geeignet: die zur\u00fcckgelassene Familie lebt jetzt offenbar in Ruinen.<br \/>\n&#8211; Sie ist manipulativ, da &#8222;Pal\u00e4stina&#8220; in der <a href=\"http:\/\/de.statista.com\/statistik\/daten\/studie\/154287\/umfrage\/hauptherkunftslaender-von-asylbewerbern\/\" target=\"_blank\">Liste<\/a> der Hauptherkunftsl\u00e4nder von Asylbewerbern in Deutschland unter den ersten 10 Pl\u00e4tzen (2015) gar nicht auftaucht \u2013 hier f\u00fchrt in dieser Reihenfolge Syrien vor dem Kosovo und Albanien.<br \/>\n&#8211; Sie ist auch darum manipulativ, weil au\u00dfer dem Schluss, dass es der Mann offenbar leid ist, in einem Gebiet des Nahostkonflikts zu leben, keinerlei Asylgr\u00fcnde mitgeteilt werden. W\u00e4ren unsere Vorfahren immer ausgewandert, weil deren H\u00e4user zerst\u00f6rt wurden&#8230;<br \/>\n&#8211; Sie ist erst recht manipulativ ob des Satzes \u201eIn traditionelleren Gesellschaften kommt hinzu, dass Familien oft einen Sohn aussuchen, um alleine vorauszugehen.\u201c \u2013 hier aber geht es um den Vater.<br \/>\n&#8211; Und sie ist manipulativ, da ein Hochschulabsolvent mit zudem \u201ek\u00fcnstlerischer Zweitqualifikation\u201c die Ausnahme darstellt (warum eigentlich wird sein \u201ehochqualifizierter Beruf als Bauingenieur\u201c betont, sind unsere Ingenieure nicht hochqualifiziert?). Allein laut dem aktuellen <a href=\"http:\/\/www.bildungsbericht.de\/zeigen.html?seite=11123\" target=\"_blank\">Bildungsbericht 2014<\/a> haben allein unter den 30- bis 35-j\u00e4hrigen Migranten f\u00fcnf Mal so viele keinen allgemeinbildenden Schulabschluss und drei Mal so h\u00e4ufig keinen beruflichen Bildungsabschluss wie gleichaltrige Deutsche (u.a. <a href=\"http:\/\/www.jumpradio.de\/programm\/thema\/themenwoche_asyl102.html\" target=\"_blank\">hier<\/a> und <a href=\"http:\/\/www.welt.de\/politik\/deutschland\/article144759875\/Die-Zuwanderer-zieht-es-in-den-Westen-Deutschlands.html\" target=\"_blank\">hier<\/a>).<br \/>\nMit einem Wort: UNS\u00c4GLICH!<\/p>\n<p>Wof\u00fcr es seit 2009 ein <a href=\"http:\/\/www.mdr.de\/recherche-redaktion\/vorstellung102.html\" target=\"_blank\">Rechercheteam<\/a> beim mdr gibt, wei\u00df sicher niemand zu beantworten. Und warum wir immer noch solcherart &#8222;Journalismus&#8220; mit unseren Geb\u00fchren zwangsalimentieren, auch nicht.<\/p>\n<p><iframe src=\"http:\/\/www.facebook.com\/plugins\/like.php?href=http%3A%2F%2Fwww.dr-thomas-hartung.de%2F%3Fp%3D2866&amp;send=true&amp;layout=standard&amp;width=450&amp;show_faces=true&amp;action=like&amp;colorscheme=light&amp;font&amp;height=80\" scrolling=\"no\" frameborder=\"0\" style=\"border:none; overflow:hidden; width:450px; height:80px;\" allowTransparency=\"true\"><\/iframe><\/p>\n","protected":false},"excerpt":{"rendered":"<p>Gleich drei F\u00e4lle journalistischer Manipulation sind mir heute morgen binnen weniger Stunden aufgefallen. Auf diese Weise wird nicht nur die Diskussion des Begriffs &#8222;L\u00fcgenpresse&#8220; weiter befeuert, sondern auch die Entfremdung des politmedialen Komplexes von der Realit\u00e4t.<\/p>\n","protected":false},"author":1,"featured_media":0,"comment_status":"open","ping_status":"open","sticky":false,"template":"","format":"standard","meta":[],"categories":[1,4,7],"tags":[],"_links":{"self":[{"href":"https:\/\/www.dr-thomas-hartung.de\/index.php?rest_route=\/wp\/v2\/posts\/2866"}],"collection":[{"href":"https:\/\/www.dr-thomas-hartung.de\/index.php?rest_route=\/wp\/v2\/posts"}],"about":[{"href":"https:\/\/www.dr-thomas-hartung.de\/index.php?rest_route=\/wp\/v2\/types\/post"}],"author":[{"embeddable":true,"href":"https:\/\/www.dr-thomas-hartung.de\/index.php?rest_route=\/wp\/v2\/users\/1"}],"replies":[{"embeddable":true,"href":"https:\/\/www.dr-thomas-hartung.de\/index.php?rest_route=%2Fwp%2Fv2%2Fcomments&post=2866"}],"version-history":[{"count":3,"href":"https:\/\/www.dr-thomas-hartung.de\/index.php?rest_route=\/wp\/v2\/posts\/2866\/revisions"}],"predecessor-version":[{"id":2869,"href":"https:\/\/www.dr-thomas-hartung.de\/index.php?rest_route=\/wp\/v2\/posts\/2866\/revisions\/2869"}],"wp:attachment":[{"href":"https:\/\/www.dr-thomas-hartung.de\/index.php?rest_route=%2Fwp%2Fv2%2Fmedia&parent=2866"}],"wp:term":[{"taxonomy":"category","embeddable":true,"href":"https:\/\/www.dr-thomas-hartung.de\/index.php?rest_route=%2Fwp%2Fv2%2Fcategories&post=2866"},{"taxonomy":"post_tag","embeddable":true,"href":"https:\/\/www.dr-thomas-hartung.de\/index.php?rest_route=%2Fwp%2Fv2%2Ftags&post=2866"}],"curies":[{"name":"wp","href":"https:\/\/api.w.org\/{rel}","templated":true}]}}