{"id":3026,"date":"2016-11-07T20:30:58","date_gmt":"2016-11-07T19:30:58","guid":{"rendered":"http:\/\/www.dr-thomas-hartung.de\/?p=3026"},"modified":"2016-11-09T13:20:46","modified_gmt":"2016-11-09T12:20:46","slug":"pegida-eine-klarstellung","status":"publish","type":"post","link":"https:\/\/www.dr-thomas-hartung.de\/?p=3026","title":{"rendered":"Pegida? Eine Klarstellung"},"content":{"rendered":"<p>Ich erfuhr soeben, dass Lutz Bachmann \u00f6ffentlich eine Klarstellung meiner PEGIDA-Aktivit\u00e4ten forderte; die liefere ich doch gern.<\/p>\n<p>1) Vom 20. Dezember 2014 bis zur Spaltung am 28. Januar 2015 habe ich f\u00fcr PEGIDA die schriftliche Pressearbeit geleistet. Genauer und besser: f\u00fcr (und mit) Katrin Oertel, die als Pressesprecherin des PEGIDA e.V. fungierte, sowie Achim Exner, damals ebenso wie ich Kreisvorstand der AfD Dresden. Dass ich die Pressemitteilungen in diesem Zeitraum verfasst habe, versichere ich gern an Eides Statt &#8211; schizophren, daf\u00fcr jetzt angegriffen zu werden. Als Beispiel eine PM:<\/p>\n<div id=\"attachment_3027\" style=\"width: 610px\" class=\"wp-caption aligncenter\"><a href=\"https:\/\/www.dr-thomas-hartung.de\/wp-content\/uploads\/2016\/11\/Bachmann.jpg\"><img aria-describedby=\"caption-attachment-3027\" decoding=\"async\" loading=\"lazy\" class=\"size-large wp-image-3027\" title=\"Bachmann\" src=\"https:\/\/www.dr-thomas-hartung.de\/wp-content\/uploads\/2016\/11\/Bachmann-756x1024.jpg\" alt=\"PM Bachmann\" width=\"600\" height=\"810\" \/><\/a><p id=\"caption-attachment-3027\" class=\"wp-caption-text\">PM Bachmann<\/p><\/div>\n<p>1a) Die ersten zehn PEGIDA-Forderungen waren zehn aus unserem AfD-Landtagswahlprogramm zusammengeschriebene Forderungen.<\/p>\n<p>1b) Pressesprecher werden gew\u00e4hlt, um im Auftrag der sie gew\u00e4hlt Habenden (!) mit der Presse zu sprechen. Anbei drei STERN-Ausrisse, die nicht nur Zitate meiner obigen PM wiedergeben, sondern auch zeigen, dass Bachmann meine PM selbst auf Facebook geteilt hat.<\/p>\n<p><a href=\"https:\/\/www.dr-thomas-hartung.de\/wp-content\/uploads\/2016\/11\/Bachmann1.jpg\"><img decoding=\"async\" loading=\"lazy\" class=\"aligncenter size-large wp-image-3033\" title=\"Bachmann\" src=\"https:\/\/www.dr-thomas-hartung.de\/wp-content\/uploads\/2016\/11\/Bachmann1-1024x329.jpg\" alt=\"\" width=\"751\" height=\"241\" srcset=\"https:\/\/www.dr-thomas-hartung.de\/wp-content\/uploads\/2016\/11\/Bachmann1-1024x329.jpg 1024w, https:\/\/www.dr-thomas-hartung.de\/wp-content\/uploads\/2016\/11\/Bachmann1-300x96.jpg 300w\" sizes=\"(max-width: 751px) 100vw, 751px\" \/><\/a><\/p>\n<p>2) Mir waren einige Journalisten auf der Spur, die mir anhand formaler und stilistischer Analysen unterstellten, diese Pressemitteilungen geschrieben zu haben, bzw. mich dazu dr\u00e4ngen wollten, das zuzugeben. Ich habe diese Unterstellungen aus Gr\u00fcnden, die heute irrelevant sind, zur\u00fcckgewiesen. Es folgt die obige PM im Vergleich zu einer meiner Landes-PM:<\/p>\n<div id=\"attachment_3028\" style=\"width: 710px\" class=\"wp-caption aligncenter\"><a href=\"https:\/\/www.dr-thomas-hartung.de\/wp-content\/uploads\/2016\/11\/Bachmann2.jpg\"><img aria-describedby=\"caption-attachment-3028\" decoding=\"async\" loading=\"lazy\" class=\"size-large wp-image-3028\" title=\"Bachmann2\" src=\"https:\/\/www.dr-thomas-hartung.de\/wp-content\/uploads\/2016\/11\/Bachmann2-1024x846.jpg\" alt=\"\" width=\"700\" height=\"577\" srcset=\"https:\/\/www.dr-thomas-hartung.de\/wp-content\/uploads\/2016\/11\/Bachmann2-1024x846.jpg 1024w, https:\/\/www.dr-thomas-hartung.de\/wp-content\/uploads\/2016\/11\/Bachmann2-300x247.jpg 300w\" sizes=\"(max-width: 700px) 100vw, 700px\" \/><\/a><p id=\"caption-attachment-3028\" class=\"wp-caption-text\">PM-Vergleich<\/p><\/div>\n<p>2a) Ich hatte in meiner Rede am Sonntag Dieter Wonka (LVZ) zitiert, der sogar Siegmar Gabriel instrumentalisierte, um mich zu dieser Zugabe zu dr\u00e4ngen.<\/p>\n<p><a href=\"https:\/\/www.dr-thomas-hartung.de\/wp-content\/uploads\/2016\/11\/Bachmann21.jpg\"><img decoding=\"async\" loading=\"lazy\" class=\"aligncenter size-large wp-image-3034\" title=\"Bachmann2\" src=\"https:\/\/www.dr-thomas-hartung.de\/wp-content\/uploads\/2016\/11\/Bachmann21-1024x616.jpg\" alt=\"\" width=\"752\" height=\"452\" srcset=\"https:\/\/www.dr-thomas-hartung.de\/wp-content\/uploads\/2016\/11\/Bachmann21-1024x616.jpg 1024w, https:\/\/www.dr-thomas-hartung.de\/wp-content\/uploads\/2016\/11\/Bachmann21-300x180.jpg 300w, https:\/\/www.dr-thomas-hartung.de\/wp-content\/uploads\/2016\/11\/Bachmann21.jpg 1869w\" sizes=\"(max-width: 752px) 100vw, 752px\" \/><\/a><\/p>\n<p>2b) Wie u.a. dieser &#8222;Freie Presse&#8220;-Text zeigt, wurde die damalige Ann\u00e4herung von AfD und Pegida sehr wohl wahrgenommen.<\/p>\n<p><a href=\"https:\/\/www.dr-thomas-hartung.de\/wp-content\/uploads\/2016\/11\/Bachmann3.jpg\"><img decoding=\"async\" loading=\"lazy\" class=\"aligncenter size-large wp-image-3035\" title=\"Bachmann3\" src=\"https:\/\/www.dr-thomas-hartung.de\/wp-content\/uploads\/2016\/11\/Bachmann3-1024x550.jpg\" alt=\"\" width=\"751\" height=\"403\" srcset=\"https:\/\/www.dr-thomas-hartung.de\/wp-content\/uploads\/2016\/11\/Bachmann3-1024x550.jpg 1024w, https:\/\/www.dr-thomas-hartung.de\/wp-content\/uploads\/2016\/11\/Bachmann3-300x161.jpg 300w\" sizes=\"(max-width: 751px) 100vw, 751px\" \/><\/a><\/p>\n<p>3) Der entscheidende Passus meiner gern auch nachzuh\u00f6renden <a href=\"https:\/\/www.youtube.com\/watch?v=Wr--SUxiO1U\" target=\"_blank\">Rede<\/a> lautete: \u201eAber auch ein Herr Bachmann wird irgendwann sich klar und eindeutig zur AfD bekennen m\u00fcssen, wenn er einen Platz in den s\u00e4chsischen Geschichtsb\u00fcchern haben will. Das Leben bestraft nicht nur, wer zu sp\u00e4t kommt, sondern manchmal auch, wer zu sp\u00e4t geht.\u201c<\/p>\n<p>3a) Es gilt also: \u201eWenn ihr mich w\u00e4hlt, wird Pegida mit im Bundestag sitzen. Sicher nicht die Pegida, die Woche f\u00fcr Woche immer denselben, denselben viel zu langen und denselben redundanten Reden lauscht, dieselben Parolen skandiert und mit Spazierg\u00e4ngen meint, die Politik zu \u00e4ndern. Nein, es sitzt dann die Pegida im Bundestag, die tats\u00e4chlich die Politik \u00e4ndert, die unser Land \u00e4ndert, die unser Land dieser poststalinistischen Psychopathin und ihrer durchgeknallten Pseudoelite entrei\u00dft und wieder zu unserem Land macht.\u201c<\/p>\n<p>3b) Danke allen Lesern und Followern.<\/p>\n<p><iframe src=\"http:\/\/www.facebook.com\/plugins\/like.php?href=http%3A%2F%2Fwww.dr-thomas-hartung.de%2F%3Fp%3D3026&amp;send=true&amp;layout=standard&amp;width=450&amp;show_faces=true&amp;action=like&amp;colorscheme=light&amp;font&amp;height=80\" scrolling=\"no\" frameborder=\"0\" style=\"border:none; overflow:hidden; width:450px; height:80px;\" allowTransparency=\"true\"><\/iframe><\/p>\n","protected":false},"excerpt":{"rendered":"<p>Ich erfuhr soeben, dass Lutz Bachmann \u00f6ffentlich eine Klarstellung meiner PEGIDA-Aktivit\u00e4ten forderte; die liefere ich doch gern. <\/p>\n","protected":false},"author":1,"featured_media":0,"comment_status":"open","ping_status":"open","sticky":false,"template":"","format":"standard","meta":[],"categories":[1,4,7],"tags":[],"_links":{"self":[{"href":"https:\/\/www.dr-thomas-hartung.de\/index.php?rest_route=\/wp\/v2\/posts\/3026"}],"collection":[{"href":"https:\/\/www.dr-thomas-hartung.de\/index.php?rest_route=\/wp\/v2\/posts"}],"about":[{"href":"https:\/\/www.dr-thomas-hartung.de\/index.php?rest_route=\/wp\/v2\/types\/post"}],"author":[{"embeddable":true,"href":"https:\/\/www.dr-thomas-hartung.de\/index.php?rest_route=\/wp\/v2\/users\/1"}],"replies":[{"embeddable":true,"href":"https:\/\/www.dr-thomas-hartung.de\/index.php?rest_route=%2Fwp%2Fv2%2Fcomments&post=3026"}],"version-history":[{"count":6,"href":"https:\/\/www.dr-thomas-hartung.de\/index.php?rest_route=\/wp\/v2\/posts\/3026\/revisions"}],"predecessor-version":[{"id":3032,"href":"https:\/\/www.dr-thomas-hartung.de\/index.php?rest_route=\/wp\/v2\/posts\/3026\/revisions\/3032"}],"wp:attachment":[{"href":"https:\/\/www.dr-thomas-hartung.de\/index.php?rest_route=%2Fwp%2Fv2%2Fmedia&parent=3026"}],"wp:term":[{"taxonomy":"category","embeddable":true,"href":"https:\/\/www.dr-thomas-hartung.de\/index.php?rest_route=%2Fwp%2Fv2%2Fcategories&post=3026"},{"taxonomy":"post_tag","embeddable":true,"href":"https:\/\/www.dr-thomas-hartung.de\/index.php?rest_route=%2Fwp%2Fv2%2Ftags&post=3026"}],"curies":[{"name":"wp","href":"https:\/\/api.w.org\/{rel}","templated":true}]}}