{"id":3047,"date":"2016-12-16T16:32:44","date_gmt":"2016-12-16T15:32:44","guid":{"rendered":"http:\/\/www.dr-thomas-hartung.de\/?p=3047"},"modified":"2016-12-16T16:32:44","modified_gmt":"2016-12-16T15:32:44","slug":"sank-ju-karlheinz","status":"publish","type":"post","link":"https:\/\/www.dr-thomas-hartung.de\/?p=3047","title":{"rendered":"S\u00e4nk ju, Karlheinz!"},"content":{"rendered":"<p>Die Duplizit\u00e4t der Ereignisse mit 24-Stunden-Frist ist ungewollt: einerseits bringt die AfD einen Antrag auf Verfassungs\u00e4nderung in den S\u00e4chsischen Landtag ein, in dem die deutsche Sprache als Kulturgut verankert werden soll. Andererseits verleugnet VW seine Geschichte und Identit\u00e4t, in dem es ab 2021 Englisch als verbindliche Unternehmenssprache mit der Begr\u00fcndung einf\u00fchren will, attraktiver f\u00fcr internationale Top-Manager zu werden. Warum ist das falsch und muss dringend \u00fcberdacht werden?<\/p>\n<div id=\"attachment_3048\" style=\"width: 560px\" class=\"wp-caption aligncenter\"><a href=\"https:\/\/www.dr-thomas-hartung.de\/wp-content\/uploads\/2016\/12\/VW1.jpg\"><img aria-describedby=\"caption-attachment-3048\" decoding=\"async\" loading=\"lazy\" class=\"size-full wp-image-3048\" title=\"VW1\" src=\"https:\/\/www.dr-thomas-hartung.de\/wp-content\/uploads\/2016\/12\/VW1.jpg\" alt=\"\" width=\"550\" height=\"250\" srcset=\"https:\/\/www.dr-thomas-hartung.de\/wp-content\/uploads\/2016\/12\/VW1.jpg 866w, https:\/\/www.dr-thomas-hartung.de\/wp-content\/uploads\/2016\/12\/VW1-300x136.jpg 300w\" sizes=\"(max-width: 550px) 100vw, 550px\" \/><\/a><p id=\"caption-attachment-3048\" class=\"wp-caption-text\">Schlagzeilen vom 15.12.2016<\/p><\/div>\n<p>Da Humor ist, wenn man trotzdem lacht, freue ich mich zun\u00e4chst dar\u00fcber, dass diese Ank\u00fcndigung von Personalvorstand Karlheinz Blessing schon mal alle Integrationsbem\u00fchungen konterkariert, unseren vielen zugewanderten Fachkr\u00e4ften Deutsch beizubringen. Dann freue ich mich auf \u201eFolk-Car\u201c oder \u201ePeople-Wagon\u201c. Und ich freue mich auch, dass amerikanische Ermittler dann die konzerninternen Emails nicht mal mehr \u00fcbersetzen lassen m\u00fcssen. Und was sagt eigentlich der Anteilseigner Niedersachsen dazu? Wird demn\u00e4chst im nieders\u00e4chsischen Landtag auch Englisch gesprochen?<\/p>\n<p>Spass beiseite: Vorbei die Zeiten, da 2010 die Leser der Zeitschrift \u201eDeutsche Sprachwelt\u201c eine Porsche AG noch zum \u201eSprachwahrer des Jahres\u201c w\u00e4hlten. Unternehmensberater und Angewandte Linguisten erkl\u00e4ren st\u00e4ndig, dass der konsequente Einsatz des Deutschen als Unternehmenssprache aus vielen Gr\u00fcnden ein Erfolgsfaktor ist. Deutsch ist detailgenauer: unter \u201aerror\u2018 k\u00f6nnte sich Qualit\u00e4tsmangel, Versehen oder Fehlplanung verbergen. Daneben benachteiligt Englisch automatisch alle, f\u00fcr die es nicht die Muttersprache ist. Gerade in den Entwicklungsabteilungen geht es um Vorstellungskraft, Denksch\u00e4rfe und um reibungslose Verst\u00e4ndigung: der Einfallsreichtum der Ingenieure ist in ihrer Muttersprache am gr\u00f6\u00dften. Der Trend zur englischen Sprache ist auch aus Imagegr\u00fcnden eher sch\u00e4dlich, denn \u201aMade in Germany\u2018 ist nach wie vor ein Verkaufsgarant.<\/p>\n<div id=\"attachment_3049\" style=\"width: 560px\" class=\"wp-caption aligncenter\"><a href=\"https:\/\/www.dr-thomas-hartung.de\/wp-content\/uploads\/2016\/12\/VW2.jpg\"><img aria-describedby=\"caption-attachment-3049\" decoding=\"async\" loading=\"lazy\" class=\"size-full wp-image-3049\" title=\"VW2\" src=\"https:\/\/www.dr-thomas-hartung.de\/wp-content\/uploads\/2016\/12\/VW2.jpg\" alt=\"Quelle: http:\/\/www.absatzwirtschaft.de\/wp-content\/uploads\/2015\/10\/VW-1-626x352.jpg\" width=\"550\" height=\"309\" srcset=\"https:\/\/www.dr-thomas-hartung.de\/wp-content\/uploads\/2016\/12\/VW2.jpg 626w, https:\/\/www.dr-thomas-hartung.de\/wp-content\/uploads\/2016\/12\/VW2-300x168.jpg 300w\" sizes=\"(max-width: 550px) 100vw, 550px\" \/><\/a><p id=\"caption-attachment-3049\" class=\"wp-caption-text\">Quelle: http:\/\/www.absatzwirtschaft.de\/wp-content\/uploads\/2015\/10\/VW-1-626x352.jpg<\/p><\/div>\n<p>Und vor allem entwickelt sich in Firmen im Vergleich zum normalen Englisch meist ein sogenanntes Bad Simple English (BSE) &#8211; ein einfacheres, oft fehlerhaftes Englisch, dass die Gefahr von Missverst\u00e4ndnissen mit fatalen Folgen birgt. Schneider warnte 2013, dass die Internationalisierung zur Infantilisierung werden k\u00f6nne. F\u00fcr Kaehlbrandt 2015 ist die Ursache dieser Entwicklung ein Drang nach wirtschaftlicher Effizienz durch kulturelle Vereinheitlichung und Vereinfachung hin zu einer niedrigschwelligen Massengesellschaft. Und dieser Drang f\u00fchrt leider dazu, dass entscheidende gesellschaftliche Bereiche wie Wissenschaft, Politik und eben auch Wirtschaft aus eigener Initiative zunehmend ans Englische abgegeben werden. Die Forderung\u00a0 von Alexander Graf Lambsdorff (FDP) nach Englisch als weiterer deutscher Amtssprache ist ebenso Indiz wie der Plan des M\u00fcnchner TU-Pr\u00e4sidenten Wolfgang A. Herrmann, alle Masterstudieng\u00e4nge auf Englisch umzustellen.<\/p>\n<p>Hinzu tritt, dass viele deutsche Gesch\u00e4ftsleute und Betriebe den Internationalit\u00e4tsgrad der deutschen Sprache als ausgesprochen gering veranschlagen (vgl. Ammon 2015:427). Als wesentliches Indiz sieht Ammon die \u2013 nicht nur wirtschaftskommunikativ beobachtbare \u2013 Anbiederung\u00a0 an den internationalen Konsumenten als \u201eFremdsprachennachteil\u201c \u2013 eine Perspektive, die also vom prinzipiell \u201eschw\u00e4cheren\u201c\u00a0 Deutsch ausgeht, und das ist das eigentlich Tragische jener Sprache, die Goethe, Novalis oder Rilke sprachen&#8230;<\/p>\n<blockquote><p>\u201eWarum in der modernen Warenwirtschaft Anbieter sich sprachlich eher an Abnehmer anpassen als umgekehrt, erkl\u00e4rt sich einerseits aus der Marktstruktur, aufgrund deren sich erstere um letztere mehr bem\u00fchen m\u00fcssen, und andererseits aus den M\u00fchen des Fremdsprachengebrauchs und -erlernens, die der schw\u00e4chere Kommunikationspartner auf sich nehmen muss, um sie dem st\u00e4rkeren zu ersparen\u201c (ebd.:425).<\/p><\/blockquote>\n<p>Insgesamt, bilanziert Ammon in seiner lesenswerten, faktenreichen Untersuchung, k\u00f6nnten Unternehmen aus 37 Staaten mit deutschen Unternehmen auf Deutsch korrespondieren (ebd.:433). Diese Zahl habe sich seit 1989 zwar um zehn erh\u00f6ht, was allerdings ausschlie\u00dflich auf die Entstehung neuer Staaten in Ost- und S\u00fcdosteuropa zur\u00fcckzuf\u00fchren sei, die fr\u00fcher Teil der UdSSR, Jugoslawiens oder der Tschechoslowakei waren: \u201eIn Wirklichkeit ist der Anwendungsbereich von Deutsch eher geschrumpft, da Island, Israel und die T\u00fcrkei weggefallen sind\u201c (ebd.). Allerdings rangiert Deutsch damit immer noch auf Platz drei hinter Englisch (137 Staaten) und Franz\u00f6sisch (58 Staaten) noch vor Spanisch (28), Russisch (23) und Arabisch (17) (ebd.:438).<\/p>\n<div id=\"attachment_3050\" style=\"width: 560px\" class=\"wp-caption aligncenter\"><a href=\"https:\/\/www.dr-thomas-hartung.de\/wp-content\/uploads\/2016\/12\/VW3.jpg\"><img aria-describedby=\"caption-attachment-3050\" decoding=\"async\" loading=\"lazy\" class=\"size-full wp-image-3050\" title=\"Quelle: https:\/\/media.holidaycheck.com\/data\/urlaubsbilder\/images\/41\/1157260125.jpg\" src=\"https:\/\/www.dr-thomas-hartung.de\/wp-content\/uploads\/2016\/12\/VW3.jpg\" alt=\"Quelle: https:\/\/media.holidaycheck.com\/data\/urlaubsbilder\/images\/41\/1157260125.jpg\" width=\"550\" height=\"412\" srcset=\"https:\/\/www.dr-thomas-hartung.de\/wp-content\/uploads\/2016\/12\/VW3.jpg 1024w, https:\/\/www.dr-thomas-hartung.de\/wp-content\/uploads\/2016\/12\/VW3-300x225.jpg 300w\" sizes=\"(max-width: 550px) 100vw, 550px\" \/><\/a><p id=\"caption-attachment-3050\" class=\"wp-caption-text\">Quelle: https:\/\/media.holidaycheck.com\/data\/urlaubsbilder\/images\/41\/1157260125.jpg<\/p><\/div>\n<p>Und diesen Schrumpfungsprozess befeuert nach Daimler, Siemens oder BASF nun auch VW. Daneben f\u00fcrchte ich, dass es zu einer Trennung zwischen den oberen und unteren Unternehmensebenen kommen wird: nach und nach werden die Motivation der eigenen Mitarbeiter und in der Folge dann auch die Kunden ausbleiben. Es ist zum Haareraufen.<\/p>\n<p><iframe src=\"http:\/\/www.facebook.com\/plugins\/like.php?href=http%3A%2F%2Fwww.dr-thomas-hartung.de%2F%3Fp%3D3047&amp;send=true&amp;layout=standard&amp;width=450&amp;show_faces=true&amp;action=like&amp;colorscheme=light&amp;font&amp;height=80\" scrolling=\"no\" frameborder=\"0\" style=\"border:none; overflow:hidden; width:450px; height:80px;\" allowTransparency=\"true\"><\/iframe><\/p>\n","protected":false},"excerpt":{"rendered":"<p>Die Duplizit\u00e4t der Ereignisse mit 24-Stunden-Frist ist ungewollt: einerseits bringt die AfD einen Antrag auf Verfassungs\u00e4nderung in den S\u00e4chsischen Landtag ein, in dem die deutsche Sprache als Kulturgut verankert werden soll. Andererseits verleugnet VW seine Geschichte und Identit\u00e4t, in dem es ab 2021 Englisch als verbindliche Unternehmenssprache mit der Begr\u00fcndung einf\u00fchren will, attraktiver f\u00fcr internationale Top-Manager zu werden. Warum ist das falsch und muss dringend \u00fcberdacht werden?<\/p>\n","protected":false},"author":1,"featured_media":0,"comment_status":"open","ping_status":"open","sticky":false,"template":"","format":"standard","meta":[],"categories":[1,7,9],"tags":[],"_links":{"self":[{"href":"https:\/\/www.dr-thomas-hartung.de\/index.php?rest_route=\/wp\/v2\/posts\/3047"}],"collection":[{"href":"https:\/\/www.dr-thomas-hartung.de\/index.php?rest_route=\/wp\/v2\/posts"}],"about":[{"href":"https:\/\/www.dr-thomas-hartung.de\/index.php?rest_route=\/wp\/v2\/types\/post"}],"author":[{"embeddable":true,"href":"https:\/\/www.dr-thomas-hartung.de\/index.php?rest_route=\/wp\/v2\/users\/1"}],"replies":[{"embeddable":true,"href":"https:\/\/www.dr-thomas-hartung.de\/index.php?rest_route=%2Fwp%2Fv2%2Fcomments&post=3047"}],"version-history":[{"count":2,"href":"https:\/\/www.dr-thomas-hartung.de\/index.php?rest_route=\/wp\/v2\/posts\/3047\/revisions"}],"predecessor-version":[{"id":3052,"href":"https:\/\/www.dr-thomas-hartung.de\/index.php?rest_route=\/wp\/v2\/posts\/3047\/revisions\/3052"}],"wp:attachment":[{"href":"https:\/\/www.dr-thomas-hartung.de\/index.php?rest_route=%2Fwp%2Fv2%2Fmedia&parent=3047"}],"wp:term":[{"taxonomy":"category","embeddable":true,"href":"https:\/\/www.dr-thomas-hartung.de\/index.php?rest_route=%2Fwp%2Fv2%2Fcategories&post=3047"},{"taxonomy":"post_tag","embeddable":true,"href":"https:\/\/www.dr-thomas-hartung.de\/index.php?rest_route=%2Fwp%2Fv2%2Ftags&post=3047"}],"curies":[{"name":"wp","href":"https:\/\/api.w.org\/{rel}","templated":true}]}}