{"id":3378,"date":"2018-04-23T16:48:13","date_gmt":"2018-04-23T15:48:13","guid":{"rendered":"http:\/\/www.dr-thomas-hartung.de\/?p=3378"},"modified":"2018-04-25T19:00:10","modified_gmt":"2018-04-25T18:00:10","slug":"%e2%80%9ewo-man-singet-las-dich-ruhig-nieder%e2%80%9c","status":"publish","type":"post","link":"https:\/\/www.dr-thomas-hartung.de\/?p=3378","title":{"rendered":"\u201eWo man singet, la\u00df dich ruhig nieder\u201c"},"content":{"rendered":"<p>Was hat Heino mit dem aus Ghana geb\u00fcrtigen Ex-Fu\u00dfballnationalspieler Gerald Asamoah und dem t\u00fcrkischst\u00e4mmigen, ersten muslimisch-deutschen Sch\u00fctzenk\u00f6nig Mithat Gedik gemeinsam? Alle drei wurden von Nordrhein-Westfalens neuer Heimatministerin Ina Scharrenbach (CDU) im Dezember 2017 zu \u201eHeimatbotschaftern\u201c berufen. Auf dem ersten NRW-\u201eHeimatkongress\u201c im M\u00e4rz 2018 strebte die stets sehr korrekt und etwas streng auftretende Unions-Politikerin an, den Heimatbegriff und seine \u201eunsichtbaren Wurzeln\u201c individuell zu beleuchten. Ohne Asamoah und Gedik, aber mit Heino.<\/p>\n<p>Der Barde wollte einige Wurzeln in einem individuellen Geschenk an Scharrenbach sichtbar machen: seinem Doppelalbum \u201eDie sch\u00f6nsten deutschen Heimat- und Vaterlandslieder\u201c von 1981. H\u00e4tte er das mal lieber gelassen. Auf dem Cover der Schallplatte ist zwar der Vermerk enthalten, Kinder k\u00f6nnten damit im Schulunterricht bestens \u201emit dem deutschen Liedgut vertraut gemacht werden\u201c. Aber manche der 24 Lieder wurden zu Hitlers Zeiten auch ins \u201eLiederbuch der SS\u201c aufgenommen.<\/p>\n<p>Nein, es geht nicht um \u201eWann wir schreiten Seit\u2019 an Seit\u2019\u201c von Hermann Claudius von 1914, das bis heute Schlusslied von SPD-Parteitagen ist und sich nicht auf der Platte, wohl aber auf S. 45 des Liederbuchs findet. Es geht um ein Lied aus der Zeit der Befreiungskriege gegen Napoleon Anfang des 19. Jahrhunderts: das von Max von Schenkendorf 1814 (!) verfasste St\u00fcck \u201eWenn alle untreu werden\u201c, das sp\u00e4ter von der SS als \u201eTreuelied\u201c instrumentalisiert wurde und auf S. 13 abgedruckt ist.<\/p>\n<div id=\"attachment_3379\" style=\"width: 565px\" class=\"wp-caption aligncenter\"><a href=\"https:\/\/www.dr-thomas-hartung.de\/wp-content\/uploads\/2018\/04\/Auszug-SS-Liederbuch.jpg\"><img aria-describedby=\"caption-attachment-3379\" decoding=\"async\" loading=\"lazy\" class=\"size-full wp-image-3379\" title=\"Auszug SS-Liederbuch\" src=\"https:\/\/www.dr-thomas-hartung.de\/wp-content\/uploads\/2018\/04\/Auszug-SS-Liederbuch.jpg\" alt=\"Auszug SS-Liederbuch. Quelle: https:\/\/ia801202.us.archive.org\/BookReader\/BookReaderImages.php?zip=\/32\/items\/RasseUndSiedlungshauptamtSSSSLiederbuch180S.ScanFraktur\/Rasse-%20und%20Siedlungshauptamt%20SS%20-%20SS-Liederbuch%20(180%20S.%2C%20Scan%2C%20Fraktur)_jp2.zip&amp;file=Rasse-%20und%20Siedlungshauptamt%20SS%20-%20SS-Liederbuch%20(180%20S.%2C%20Scan%2C%20Fraktur)_jp2\/Rasse-%20und%20Siedlungshauptamt%20SS%20-%20SS-Liederbuch%20(180%20S.%2C%20Scan%2C%20Fraktur)_0046.jp2&amp;scale=4&amp;rotate=0\" width=\"555\" height=\"830\" srcset=\"https:\/\/www.dr-thomas-hartung.de\/wp-content\/uploads\/2018\/04\/Auszug-SS-Liederbuch.jpg 575w, https:\/\/www.dr-thomas-hartung.de\/wp-content\/uploads\/2018\/04\/Auszug-SS-Liederbuch-200x300.jpg 200w\" sizes=\"(max-width: 555px) 100vw, 555px\" \/><\/a><p id=\"caption-attachment-3379\" class=\"wp-caption-text\">Auszug SS-Liederbuch. Quelle: https:\/\/ia801202.us.archive.org\/BookReader\/BookReaderImages.php?zip=\/32\/items\/RasseUndSiedlungshauptamtSSSSLiederbuch180S.ScanFraktur\/Rasse-%20und%20Siedlungshauptamt%20SS%20-%20SS-Liederbuch%20(180%20S.%2C%20Scan%2C%20Fraktur)_jp2.zip&amp;file=Rasse-%20und%20Siedlungshauptamt%20SS%20-%20SS-Liederbuch%20(180%20S.%2C%20Scan%2C%20Fraktur)_jp2\/Rasse-%20und%20Siedlungshauptamt%20SS%20-%20SS-Liederbuch%20(180%20S.%2C%20Scan%2C%20Fraktur)_0046.jp2&amp;scale=4&amp;rotate=0<\/p><\/div>\n<p>Dass mit dem Lied in der NS-Zeit auch Widerstand gegen das Regime zum Ausdruck gebracht wurde, hat niemand interessiert. So berichtet Heinrich B\u00f6ll in seinen Lebenserinnerungen, dass er es mit einem Freund aus Widerstand gegen das von der Hitlerjugend gesungene Horst-Wessel-Lied anstimmte &#8211; und daf\u00fcr Schwierigkeiten bekam. Heino verwendete f\u00fcr seine Version sogar eine andere Melodie als sie in der SS \u00fcblich war \u2013 vergebens, der \u201eSkandal\u201c wurde hochgeschrieben.<\/p>\n<p>Denn dem Schlagers\u00e4nger wird seit langem eine unkritische Haltung zu v\u00f6lkischem Liedgut vorgeworfen, weswegen er auch in der DDR verboten war. Zu Zeiten der Apartheid hatte er in S\u00fcdafrika seinen Schlager \u201eSchwarzbraun ist die Haselnuss\u201c zum Besten gegeben. F\u00fcr den damaligen baden-w\u00fcrttembergischen Ministerpr\u00e4sidenten und einstigen NS-Marinerichter Hans Filbinger (CDU) sang er alle drei Strophen des Deutschlandlieds. Deswegen blieb das Bundesverdienstkreuz dem 79-J\u00e4hrigen versagt, der die Aufregung nicht versteht: \u201eWenn man danach sucht, findet man immer ein Lied, das missbraucht worden ist. Die Lieder k\u00f6nnen doch nichts daf\u00fcr, wenn sie instrumentalisiert worden sind\u201c.<\/p>\n<p>CDU-Politikerin Scharrenbach lie\u00df zun\u00e4chst mitteilen, das von Heino \u00fcberbrachte Geschenk sei \u201ebei der \u00dcbergabe nicht unter dem Aspekt der politischen Korrektheit \u00fcberpr\u00fcft worden\u201c. Sie habe vor der Annahme des Geschenks auch \u201enicht die Titel der Schallplatte zur Kenntnis genommen\u201c. Und aus einem beim Kongress entstandenen Foto mit ihr, Heino und der Schallplatte lasse sich keine inhaltliche N\u00e4he zu den Titeln konstruieren. Sie verwahre sich strikt dagegen, \u201ein irgendeiner Weise mit der nationalsozialistischen Ideologie in Verbindung gebracht zu werden\u201c. Tage sp\u00e4ter relativierte sie: \u201eWenn es da ein Interesse gibt, irgendeine Person zu besch\u00e4digen, dann nehme ich das zur Kenntnis. Heino macht seit vielen Jahrzehnten Musik &#8211; und ist bei vielen B\u00fcrgern beliebt.\u201c<\/p>\n<div id=\"attachment_3380\" style=\"width: 566px\" class=\"wp-caption aligncenter\"><a href=\"https:\/\/www.dr-thomas-hartung.de\/wp-content\/uploads\/2018\/04\/Auszug-SS-Liederbuch1.jpg\"><img aria-describedby=\"caption-attachment-3380\" decoding=\"async\" loading=\"lazy\" class=\"size-large wp-image-3380\" title=\"Pressefoto Platten\u00fcbergabe. Quelle: https:\/\/www.welt.de\/img\/regionales\/nrw\/mobile174802999\/6031627137-ci23x11-w1600\/Heimatkongress-in-NRW.jpg \" src=\"https:\/\/www.dr-thomas-hartung.de\/wp-content\/uploads\/2018\/04\/Auszug-SS-Liederbuch1-1024x489.jpg\" alt=\"Pressefoto Platten\u00fcbergabe. Quelle: https:\/\/www.welt.de\/img\/regionales\/nrw\/mobile174802999\/6031627137-ci23x11-w1600\/Heimatkongress-in-NRW.jpg \" width=\"556\" height=\"265\" srcset=\"https:\/\/www.dr-thomas-hartung.de\/wp-content\/uploads\/2018\/04\/Auszug-SS-Liederbuch1-1024x489.jpg 1024w, https:\/\/www.dr-thomas-hartung.de\/wp-content\/uploads\/2018\/04\/Auszug-SS-Liederbuch1-300x143.jpg 300w, https:\/\/www.dr-thomas-hartung.de\/wp-content\/uploads\/2018\/04\/Auszug-SS-Liederbuch1.jpg 1600w\" sizes=\"(max-width: 556px) 100vw, 556px\" \/><\/a><p id=\"caption-attachment-3380\" class=\"wp-caption-text\">Pressefoto Platten\u00fcbergabe. Quelle: https:\/\/www.welt.de\/img\/regionales\/nrw\/mobile174802999\/6031627137-ci23x11-w1600\/Heimatkongress-in-NRW.jpg <\/p><\/div>\n<p><strong>Tonkunst als Staatskunst<\/strong><\/p>\n<p>Der Vorgang ist der j\u00fcngste H\u00f6hepunkt einer musikpolitischen Entwicklung, die Tonkunst immer mehr als Staatskunst in zwei Formen mit je drei Indizien erscheinen l\u00e4sst. Einerseits wird der \u201eGesinnungskorridor\u201c (Uwe Tellkamp), in dem deutsches Musikgut unverd\u00e4chtig erscheint, stetig schmaler. Erstes Indiz: die Reglementierung \u201ebelasteter\u201c St\u00fccke, die nicht nur Heino betrifft. So k\u00fcndigte M\u00fcnchens Zweiter B\u00fcrgermeister Josef Schmid (CSU) f\u00fcr das Oktoberfest eine \u201eRote Liste\u201c einschl\u00e4giger St\u00fccke an, die nicht gespielt und den teilnehmenden Kapellen \u00fcbermittelt werden sollen.<\/p>\n<p>Drei Mitglieder des Stadtrats der Fraktion Die Gr\u00fcnen\/Rosa Liste hatten im Oktober 2017 sofort den Antrag gestellt, \u201eNazi-M\u00e4rsche\u201c von der Wiesn zu verbannen, nachdem die Zillertaler Blaskapelle den \u201eStandsch\u00fctzenmarsch\u201c gespielt hatte: Der Komponist des Liedes, Sepp Tanzer, dirigierte am Brenner einst sogar vor Hitler und Mussolini. Dass damit zugleich eingestanden wird, dass 70 Jahre lang in der BRD \u201eNazilieder\u201c gespielt worden sein m\u00fcssen, fiel niemandem auf. Je weiter man sich zeitlich von den bewussten \u201e12 Jahren\u201c entfernt, umso hysterischer fallen die Reaktionen aus.<\/p>\n<p>Ein zweites Indiz des Gesinnungskorridors ist die Unterstellung von Musik als \u201erechtsextrem\u201c, wie sie neben \u201eFreiWild\u201c vor allem Xavier Naidoo traf. Der Tourauftakt der \u201eS\u00f6hne Mannheims\u201c mit ihrem Leads\u00e4nger sorgte im Fr\u00fchjahr 2017 f\u00fcr panische Reaktionen \u2013 vor allem das Lied \u201eMarionetten\u201c: \u201eWie lange wollt ihr noch Marionetten sein? Seht ihr nicht, ihr seid nur Steigb\u00fcgelhalter. Merkt ihr nicht, ihr steht bald ganz allein. F\u00fcr eure Puppenspieler seid ihr nur Sachverwalter.\u201c Oberb\u00fcrgermeister Peter Kurz forderte \u201eseine\u201c S\u00f6hne auf, diese \u201eantistaatlichen Aussagen\u201c im Refrain zu erkl\u00e4ren.<\/p>\n<p><strong>ein S\u00e4nger im \u201eWutb\u00fcrger-Morast\u201c<\/strong><\/p>\n<div id=\"attachment_3381\" style=\"width: 565px\" class=\"wp-caption aligncenter\"><a href=\"https:\/\/www.dr-thomas-hartung.de\/wp-content\/uploads\/2018\/04\/Xavier-Naidoo.jpg\"><img aria-describedby=\"caption-attachment-3381\" decoding=\"async\" loading=\"lazy\" class=\"size-large wp-image-3381\" title=\"Xavier Naidoo. Quelle: https:\/\/saparena.de\/media\/bilder\/2015-2016\/2015-11-07_Soehne_Mannheims,_Xavier_Naidoo_%26_Friends\" src=\"https:\/\/www.dr-thomas-hartung.de\/wp-content\/uploads\/2018\/04\/Xavier-Naidoo-1024x680.jpg\" alt=\"Xavier Naidoo. Quelle: https:\/\/saparena.de\/media\/bilder\/2015-2016\/2015-11-07_Soehne_Mannheims,_Xavier_Naidoo_%26_Friends\" width=\"555\" height=\"368\" srcset=\"https:\/\/www.dr-thomas-hartung.de\/wp-content\/uploads\/2018\/04\/Xavier-Naidoo-1024x680.jpg 1024w, https:\/\/www.dr-thomas-hartung.de\/wp-content\/uploads\/2018\/04\/Xavier-Naidoo-300x199.jpg 300w, https:\/\/www.dr-thomas-hartung.de\/wp-content\/uploads\/2018\/04\/Xavier-Naidoo.jpg 1415w\" sizes=\"(max-width: 555px) 100vw, 555px\" \/><\/a><p id=\"caption-attachment-3381\" class=\"wp-caption-text\">Xavier Naidoo. Quelle: https:\/\/saparena.de\/media\/bilder\/2015-2016\/2015-11-07_Soehne_Mannheims,_Xavier_Naidoo_%26_Friends<\/p><\/div>\n<p>Laut der Brandenburgischen Landeszentrale f\u00fcr politische Bildung ist der  Begriff \u201eMarionetten\u201c ein Sprachbild aus dem Repertoire des klassischen  Antisemitismus. Die FAZ verstieg sich zur Behauptung  \u201eReichsb\u00fcrger-Hymne\u201c, die BZ textete \u201eEr benutzt radiofreundliche  Popmusik, um fundamentalistische und rechtsextremistische Positionen  mitten im deutschen Mainstream zu verankern\u201c. F\u00fcr den Spiegel ist das  \u201eumst\u00fcrzlerische, staatsfeindliche Rhetorik von Pegida und der  AfD-Rechten\u201c eines S\u00e4ngers im \u201eWutb\u00fcrger-Morast\u201c. Und in der ZEIT stand  tats\u00e4chlich dieser Satz: \u201eF\u00fcr die Zukunft w\u00fcnsche ich dir allen Boykott,  den du bekommen kannst.\u201c<\/p>\n<p>Jan B\u00f6hmermann parodierte die \u201eHurens\u00f6hne Mannheims\u201c, mit denen \u201ejeden Tag Montagsdemo in deinem CD-Player\u201c sei, und schlug den neuen Naidoo-Song f\u00fcr den \u201eLutz-Bachmann-Preis f\u00fcr nicht-entartete Kunst\u201c vor. Der Gipfel: \u201eDas ist plumper und gewaltverherrlichender Pegida-Sprech\u201c, sagte die gr\u00fcne Bundestagsvize Claudia Roth. Prompt verlangte in Rosenheim ein B\u00fcndnis namens \u201eKein Hass auf Rosenheims B\u00fchnen\u201c, die S\u00f6hne Mannheims aus dem \u00f6rtlichen Sommerfestival im Mangfallpark 2017 wieder auszuladen. Naidoo sei ein \u201eHassprediger\u201c, sagt B\u00fcndnissprecher Johannes M\u00fcller. Da kann man auch gleich die Spielerlaubnis der DDR wieder einf\u00fchren.<\/p>\n<p>Aber auch ausl\u00e4ndische K\u00fcnstler m\u00fcssen f\u00fcr \u201erechte\u201c S\u00e4tze Kritik einstecken. Der schon mal mit einem Tischtuch als Kopftuch dekorierte \u00d6sterreicher Andreas Gabalier ebenso wie Morrissey, der im \u201eSpiegel\u201c-Interview erkl\u00e4rte, dass Berlin wegen der von Angela Merkel offen gehaltenen Grenzen zur \u201eVergewaltigungshauptstadt\u201c geworden sei, und forderte: \u201eIch will, dass Deutschland deutsch ist.\u201c \u201eWelt\u201c-Journalist Alan Posener zeterte auf Twitter: \u201eWer gibt einen Schei\u00df drauf, was er denkt?\u201c<\/p>\n<div id=\"attachment_3382\" style=\"width: 565px\" class=\"wp-caption aligncenter\"><a href=\"https:\/\/www.dr-thomas-hartung.de\/wp-content\/uploads\/2018\/04\/Morissey.jpg\"><img aria-describedby=\"caption-attachment-3382\" decoding=\"async\" loading=\"lazy\" class=\"size-full wp-image-3382\" title=\"Morissey. Quelle: http:\/\/cdn2.spiegel.de\/images\/image-1215285-860_poster_16x9-bigm-1215285.jpg\" src=\"https:\/\/www.dr-thomas-hartung.de\/wp-content\/uploads\/2018\/04\/Morissey.jpg\" alt=\"Morissey. Quelle: http:\/\/cdn2.spiegel.de\/images\/image-1215285-860_poster_16x9-bigm-1215285.jpg\" width=\"555\" height=\"312\" srcset=\"https:\/\/www.dr-thomas-hartung.de\/wp-content\/uploads\/2018\/04\/Morissey.jpg 860w, https:\/\/www.dr-thomas-hartung.de\/wp-content\/uploads\/2018\/04\/Morissey-300x168.jpg 300w\" sizes=\"(max-width: 555px) 100vw, 555px\" \/><\/a><p id=\"caption-attachment-3382\" class=\"wp-caption-text\">Morissey. Quelle: http:\/\/cdn2.spiegel.de\/images\/image-1215285-860_poster_16x9-bigm-1215285.jpg<\/p><\/div>\n<p>Ein drittes Indiz des Gesinnungskorridors ist die Verurteilung vorgeblich \u201eunpolitischer\u201c Musik \u2013 von \u201epolitischem Eskapismus\u201c spricht Ex-\u201eSpex\u201c-Chef Torsten Gro\u00df, von \u201eBiedermeier-Stimmung in den Hitparaden\u201c Jens Balzer im DLF. B\u00f6hmermann attestierte den sogenannten neuen deutschen Pop-Poeten wie Max Giesinger, Tim Bendzko und Andreas Bourani eine \u201enur oberfl\u00e4chig camouflierte R\u00fcckkehr in die eskapistische Welt des Weitermach- und Verdr\u00e4ngungsschlagers der Nachkriegszeit\u201c, kurz \u201eIndustriemusik\u201c. Micky Beisenherz f\u00fcgte Anfang M\u00e4rz im \u201eStern\u201c auch noch Wincent Weiss, Adel Tawil und Lena Meyer-Landrut hinzu &#8211; in seiner Diktion \u201etumbe Gesellen\u201c.<\/p>\n<p>Vor allem Giesingers \u201eWenn sie tanzt\u201c stand in der Kritik: darin manifestiere sich der Vorzug kinderloser Selbstverwirklichung, die Mutterpflichten schl\u00fcge (!). Deswegen k\u00f6nne sie weder \u201eauf ein Date gehen\u201c noch \u201eeine Pause einlegen\u201c. Als Mittel gegen die Frustration aus dieser Gemengelage empfiehlt Giesinger eine sparsam dosierte Realit\u00e4tsflucht: \u201eWenn sie tanzt, ist sie woanders.\u201c<\/p>\n<p>Reimer Burstorff, S\u00e4nger und Bassist der explizit linken Band \u201eKettcar\u201c, meinte dagegen im DLF: \u201eWir haben f\u00fcr uns erkannt, dass es f\u00fcr uns nicht reicht, was gerade in der deutschsprachigen Musik passiert. Dass es nur noch um Liebeslieder geht und Gesellschaftkritisches, Politisches nicht stattfindet. Wenn man schon ein Mikrofon in der Hand hat, sollte man sich gegen Rassismus aussprechen\u201c. Clueso behauptete gar \u201eJeder K\u00fcnstler sollte eine politische Meinung haben, diese auch vertreten und Gesicht zeigen.\u201c <\/p>\n<p>Tote Hosen-S\u00e4nger Campino ging noch einen Schritt weiter und warf der ru\u00dflanddeutschen Helene Fischer vor, sich nicht gegen rechts zu positionieren. Er sieht dahinter Taktik von Fischers Management, das wom\u00f6glich keinen \u00c4rger wolle und sie daher anhalte, zu politischen Themen den Mund zu halten. F\u00fcr ihn keine Option: \u201eDie Tatsache ist doch, dass man eher bereit sein muss, bei den Fans Verluste hinzunehmen, wenn man sich politisch positioniert.\u201c<\/p>\n<div id=\"attachment_3383\" style=\"width: 565px\" class=\"wp-caption aligncenter\"><a href=\"https:\/\/www.dr-thomas-hartung.de\/wp-content\/uploads\/2018\/04\/reimer-bustorff.jpg\"><img aria-describedby=\"caption-attachment-3383\" decoding=\"async\" loading=\"lazy\" class=\"size-large wp-image-3383\" title=\"Reimer Burstorff. http:\/\/www.laut.de\/Kettcar\/Fotogalerien\/Koeln,-Palladium,-2017-6366\/kettcar-koeln-palladium-2017-reimer-bustorff-188534.jpg\" src=\"https:\/\/www.dr-thomas-hartung.de\/wp-content\/uploads\/2018\/04\/reimer-bustorff-1024x682.jpg\" alt=\"Reimer Burstorff. http:\/\/www.laut.de\/Kettcar\/Fotogalerien\/Koeln,-Palladium,-2017-6366\/kettcar-koeln-palladium-2017-reimer-bustorff-188534.jpg\" width=\"555\" height=\"369\" srcset=\"https:\/\/www.dr-thomas-hartung.de\/wp-content\/uploads\/2018\/04\/reimer-bustorff-1024x682.jpg 1024w, https:\/\/www.dr-thomas-hartung.de\/wp-content\/uploads\/2018\/04\/reimer-bustorff-300x200.jpg 300w, https:\/\/www.dr-thomas-hartung.de\/wp-content\/uploads\/2018\/04\/reimer-bustorff.jpg 1260w\" sizes=\"(max-width: 555px) 100vw, 555px\" \/><\/a><p id=\"caption-attachment-3383\" class=\"wp-caption-text\">Reimer Burstorff. http:\/\/www.laut.de\/Kettcar\/Fotogalerien\/Koeln,-Palladium,-2017-6366\/kettcar-koeln-palladium-2017-reimer-bustorff-188534.jpg<\/p><\/div>\n<p><strong>\u201eDeutschland verrecke, das w\u00e4re wunderbar!\u201c<\/strong><\/p>\n<p>Andererseits werden die Zuschreibungen politisch korrekter Musik immer h\u00e4ufiger und lauter. Erstes Indiz sind hier mehr W\u00fcrdigungen dezidiert \u201elinker\u201c Musik. Nun gelten Musik und Politik in Deutschland sowieso als vor allem linkslastig miteinander verbunden &#8211; man denke etwa an die Burg-Waldeck-Festivals oder gar Claudia Roth als einstige Managerin von Ton Steine Scherben, erst recht die DDR-Traditionen des \u201eFestivals des Politischen Liedes\u201c oder \u201eRock f\u00fcr den Frieden\u201c. In dieser Tradition steht heute immer noch der Punk. Etwa die Band \u201eFeine Sahne Fischfilet\u201c, die wegen \u201eexplizit anti-staatlicher Haltung\u201c im Verfassungsschutzbericht des Landes Mecklenburg-Vorpommern zwischen 2011 und 2014 erw\u00e4hnt und 2016 von damaligen Bundesjustizminister Heiko Maas f\u00fcr ihr \u201eEngagement gegen Rechts\u201c gelobt wurde.<\/p>\n<p>In den Texten finden sich Verse wie: \u201eDie n\u00e4chste Bullenwache ist nur einen Steinwurf entfernt\u201c (\u201eWut\u201c), \u201eDeutschland verrecke, das w\u00e4re wunderbar!\u201c (\u201eGef\u00e4llt mir\u201c) oder auch \u201eEure Kn\u00fcppel kriegt ihr in die Fresse rein und danach schicken wir euch nach Bayern, denn die Ostsee soll frei von Bullen sein\u201c (\u201eStaatsgewalt\u201c). \u201c Die Combo durfte im Januar ihr f\u00fcnftes Studioalbum \u201eSturm und Dreck\u201c in der ARD-Tagesschau umsonst bewerben. Prompt erreichte es Platz 3 der deutschen Charts. In Konzerten werden Songs wie \u201eSolange es brennt\u201c all jenen \u201eLeuten und Kids auf den D\u00f6rfern, die sich nicht diesem r\u00e4udigen Rechtsruck hingeben\u201c, gewidmet. Die \u201eDonots\u201c mit ihrem ebenfalls im Januar ver\u00f6ffentlichten elften Studio-Album \u201eLauter als Bomben\u201c geh\u00f6ren ebenso in diese Reihe.<\/p>\n<div id=\"attachment_3384\" style=\"width: 566px\" class=\"wp-caption aligncenter\"><a href=\"https:\/\/www.dr-thomas-hartung.de\/wp-content\/uploads\/2018\/04\/FSF.jpg\"><img aria-describedby=\"caption-attachment-3384\" decoding=\"async\" loading=\"lazy\" class=\"size-full wp-image-3384\" title=\"FSF. Sreenshot: https:\/\/twitter.com\/DoraGezwitscher\/status\/952949781013385217\" src=\"https:\/\/www.dr-thomas-hartung.de\/wp-content\/uploads\/2018\/04\/FSF.jpg\" alt=\"FSF. Sreenshot: https:\/\/twitter.com\/DoraGezwitscher\/status\/952949781013385217\" width=\"556\" height=\"318\" srcset=\"https:\/\/www.dr-thomas-hartung.de\/wp-content\/uploads\/2018\/04\/FSF.jpg 975w, https:\/\/www.dr-thomas-hartung.de\/wp-content\/uploads\/2018\/04\/FSF-300x172.jpg 300w\" sizes=\"(max-width: 556px) 100vw, 556px\" \/><\/a><p id=\"caption-attachment-3384\" class=\"wp-caption-text\">FSF. Sreenshot: https:\/\/twitter.com\/DoraGezwitscher\/status\/952949781013385217<\/p><\/div>\n<p>Zweites Indiz sind wohlfeile Statements korrekter bis linker Musiker, was nat\u00fcrlich die Gefahr von Fan-Abkehr bedeuten mag, wie Campino richtig erkannte. So unterbrach j\u00fcngst Santiano-Frontmann Bj\u00f6rn Both eine Zeitlang die Konzerte, um bedeutungsschwangere Worte zum Thema Freiheit anzuk\u00fcndigen, \u201eaus gegebenem Anlass\u201c. So gebe es in Europa bereits L\u00e4nder, in denen die V\u00f6lker freiwillig Despoten an die Macht gew\u00e4hlt h\u00e4tten. Auch hierzulande sei die Freiheit in Gefahr: Es gebe im Parlament inzwischen eine Partei \u2013 die AfD \u2013 die die Freiheit gef\u00e4hrde und gegen diese So\u00dfe, diese Arschl\u00f6cher, gelte es, die Freiheit zu verteidigen. Nach einem Facebook-Shitstorm sah sich die Band dann keine zwei Tage sp\u00e4ter zum Zur\u00fcckrudern gen\u00f6tigt und k\u00fcndigte an, ab sofort bei Live-Konzerten auf politische Inhalte zu verzichten.<\/p>\n<p>Schon als Roland Kaiser die Pegida-Bewegung kritisierte und dazu aufrief, sich \u201evorbehaltlos auf Menschen einzulassen\u201c, erntete er daf\u00fcr tausende \u201eBuhs\u201c. Darunter von Pegida-Mitgr\u00fcnderin Katrin Oertel, die Mitte Januar 2015 vor 25.000 Demonstranten beklagte: \u201eDa h\u00e4tten Sie etwas mehr Neutralit\u00e4t uns gegen\u00fcber zeigen k\u00f6nnen. Nie sind Sie auf uns zugekommen, um mit uns zu reden. Wir sind zu Ihnen gekommen. Was wollen Sie jetzt tun? Uns nicht mehr reinlassen?\u201c<\/p>\n<p><strong>\u201ewenn auch mal Populisten herumschreien\u201c<\/strong><\/p>\n<p>Als Statement sind nat\u00fcrlich auch spezielle Events willkommen. So sangen Ende M\u00e4rz am Zwickauer Kornmarkt rund 200 Besucher mit \u201ePrinzen\u201c-S\u00e4nger Sebastian Krumbiegel Lieder von Fr\u00fchling und Frieden. Der Grund f\u00fcr Krumbiegels Singen: ein paar Meter weiter auf dem Markt hatte die B\u00fcrgeroffensive Deutschland die vierfache Besucherzahl unter dem Motto \u201eFehlpolitik Deutschland&#8220; versammelt \u2013 obwohl dort niemand f\u00fcr Krieg demonstrierte. Bei Lesungen aus seiner Autobiographie \u201eCourage zeigen \u2013 Warum ein Leben mit Haltung gut tut\u201c gibt er zwar zu sich zu sch\u00e4men, die Montagsdemo am 9. Oktober 1989 aus Angst nicht besucht zu haben, andererseits gehe er aber heute gegen Pediga und deren Ableger auf die Stra\u00dfe, weil es wichtig sei, weiterhin Haltung zu zeigen.<\/p>\n<div id=\"attachment_3385\" style=\"width: 564px\" class=\"wp-caption aligncenter\"><a href=\"https:\/\/www.dr-thomas-hartung.de\/wp-content\/uploads\/2018\/04\/S.-Krumbiegel.jpg\"><img aria-describedby=\"caption-attachment-3385\" decoding=\"async\" loading=\"lazy\" class=\"size-full wp-image-3385\" title=\"S. Krumbiegel. Quelle: https:\/\/pics.freiepresse.de\/DYNGAL\/43357\/451737_M606x404.jpg\" src=\"https:\/\/www.dr-thomas-hartung.de\/wp-content\/uploads\/2018\/04\/S.-Krumbiegel.jpg\" alt=\"S. Krumbiegel. Quelle: https:\/\/pics.freiepresse.de\/DYNGAL\/43357\/451737_M606x404.jpg\" width=\"554\" height=\"369\" srcset=\"https:\/\/www.dr-thomas-hartung.de\/wp-content\/uploads\/2018\/04\/S.-Krumbiegel.jpg 606w, https:\/\/www.dr-thomas-hartung.de\/wp-content\/uploads\/2018\/04\/S.-Krumbiegel-300x200.jpg 300w\" sizes=\"(max-width: 554px) 100vw, 554px\" \/><\/a><p id=\"caption-attachment-3385\" class=\"wp-caption-text\">S. Krumbiegel. Quelle: https:\/\/pics.freiepresse.de\/DYNGAL\/43357\/451737_M606x404.jpg<\/p><\/div>\n<p>Aber schon zum AfD-Bundesparteiparteitag im April 2017 riefen viele einheimische Musiker und DJ\u2019s zu Aktionen unter Slogans wie \u201eK\u00f6ln stellt sich quer\u201c, \u201eK\u00f6ln gegen Rechts\u201c oder \u201eBunt statt Bla\u201c auf, darunter die \u201eBl\u00e4ck F\u00f6\u00f6ss\u201c, \u201eBrings\u201c, die \u201eH\u00f6hner\u201c und die \u201eArsch huh Allstar Band\u201c. Besonders aktiv zeigt sich Campino, der sich laut Interview mit dem Magazin \u201eRolling Stone\u201c bei Angela Merkel f\u00fcr deren Fl\u00fcchtlingspolitik noch bedanken w\u00fcrde. Als er 1982 die \u201eToten Hosen\u201c mitgr\u00fcndete, stand die Band vor allem f\u00fcr eines: eine radikale Ablehnung des Establishments, der B\u00fcrgerlichkeit, ja eine fundamentale Opposition zu allem, was irgendwie nach Mainstream oder gar Regierung roch. 35 Jahre sp\u00e4ter spielten sie auf einer Anti-Pegida-Veranstaltung in Dresden.<\/p>\n<p>\u201eMit diesem Auftritt lag die Band genau in der vorgegebenen Linie\u201c, erkl\u00e4rte damals die Dresdner AfD. \u201eAblehnung der B\u00fcrgerlichkeit? Kaum, denn erstens sind die Bandmitglieder mittlerweile allesamt gutb\u00fcrgerlich finanziell versorgt, und zweitens war dies eine Veranstaltung, die ganz explizit das \u201aB\u00fcrgertum\u2018 zum Protest gegen die Pegidianer aufrief. Fundamentale Opposition gegen die Regierung? Mitnichten, sondern ganz auf deren Linie. Oder wenigstens gegen den Mainstream? Vergessen wir das, die Mugge, die vor wenigen hundert Demonstranten stattfand, wurde von den Mainstreammedien bejubelt wie ein achtes Weltwunder.\u201c<\/p>\n<div id=\"attachment_3387\" style=\"width: 565px\" class=\"wp-caption aligncenter\"><a href=\"https:\/\/www.dr-thomas-hartung.de\/wp-content\/uploads\/2018\/04\/Campino-in-Dresden.jpg\"><img aria-describedby=\"caption-attachment-3387\" decoding=\"async\" loading=\"lazy\" class=\"size-large wp-image-3387\" title=\"Campino in Dresden. Quelle: https:\/\/www.tagesspiegel.de\/images\/campino-und-tote-hosen-in-dresden\/19578596\/1-format43.jpg\" src=\"https:\/\/www.dr-thomas-hartung.de\/wp-content\/uploads\/2018\/04\/Campino-in-Dresden-1024x682.jpg\" alt=\"Campino in Dresden. Quelle: https:\/\/www.tagesspiegel.de\/images\/campino-und-tote-hosen-in-dresden\/19578596\/1-format43.jpg\" width=\"555\" height=\"369\" srcset=\"https:\/\/www.dr-thomas-hartung.de\/wp-content\/uploads\/2018\/04\/Campino-in-Dresden-1024x682.jpg 1024w, https:\/\/www.dr-thomas-hartung.de\/wp-content\/uploads\/2018\/04\/Campino-in-Dresden-300x199.jpg 300w, https:\/\/www.dr-thomas-hartung.de\/wp-content\/uploads\/2018\/04\/Campino-in-Dresden.jpg 2048w\" sizes=\"(max-width: 555px) 100vw, 555px\" \/><\/a><p id=\"caption-attachment-3387\" class=\"wp-caption-text\">Campino in Dresden. Quelle: https:\/\/www.tagesspiegel.de\/images\/campino-und-tote-hosen-in-dresden\/19578596\/1-format43.jpg<\/p><\/div>\n<p><strong>Der Echo als \u201elinker\u201c GAU<\/strong><\/p>\n<p>Die andere Seite der derselben Medaille ist die (wenigstens anf\u00e4ngliche) Verharmlosung problematischer Inhalte, die aber augenscheinlich nicht \u201erechts\u201c interpretierbar sind, sondern im Gegenteil links semantisiert und\/oder gleich mit marktwirtschaftlicher Perspektive entschuldigt werden k\u00f6nnen. Das trifft vor allem auf den Hip-Hop und erst recht seine Spielart Rap zu &#8211; eine Musikrichtung mit Wurzeln in der afroamerikanischen Funk- und Soul-Musik, in die man damit Mythen von \u201eEmpanzipation\u201c, \u201eProtest\u201c oder gar \u201eBefreiung\u201c hinein interpretieren kann.<\/p>\n<p>Interpretationsw\u00fcrdig sind aber auch Zeilen wie \u201eMache wieder mal \u201anen Holocaust, komm\u2018 an mit dem Molotow\u201c der Rapper Kollegah und Farid Bang auf dem Album \u201eJung, brutal, gutaussehend 3\u201c, f\u00fcr das das Duo den Echo 2018 in der Kategorie Hip-Hop\/Urban National gewann. Die Antisemitismus-Debatte um diese und andere Zeilen nahm aber erst an Fahrt auf, nachdem viele Geehrte wie S\u00e4nger Marius M\u00fcller-Westernhagen, Bassist Klaus Voormann oder die Dirigenten Christian Thielemann und Daniel Barenboim ihre Preise zur\u00fcckgaben oder explizit \u201elinke Kollegen\u201c wie Campino oder Klaus-Voormann-Laudator Wolfgang Niedecken ihre Stimme erhoben. Mit letzterem rechnete Klaus Lelek unter der Schlagzeile \u201eEcho der eigenen Verlogenheit\u201c anhand des \u201eKristallnach\u201c-Textes scharf ab.<\/p>\n<p>Nun gab man sich bei Bertelsmann reum\u00fctig. \u201eWir hatten den Vertrag  \u00fcber ein Album. Jetzt lassen wir die Aktivit\u00e4ten ruhen, um die Haltung  beider Parteien zu besprechen&#8220;, sagte Vorstandschef Hartwig Masuch der  FAZ und entschuldigte sich bei \u201eden Menschen, die sich verletzt f\u00fchlen.  Meine Mitarbeiter und ich stehen mit den K\u00fcnstlern in Kontakt, und die  distanzieren sich klar von jeder Form von Antisemitismus. Das tun wir  auch.\u201c <\/p>\n<p>Hans Hoff kommentiert auf \u201eDWDL\u201c drastisch: \u201eGanz offensichtlich  will hier jemand akut Schadensbegrenzung betreiben, weil die ganze  Angelegenheit nun doch auf Bertelsmann zur\u00fcckzustrahlen droht. Man kennt  so ein Verhalten zur Gen\u00fcge. Ein Unternehmen macht sich klein, l\u00e4sst  Gras \u00fcber die Sache wachsen und macht dann weiter wie vorher. Da helfen  auch nicht 100 000 Euro aus der Konzernschatulle, die Projekte zur  Bek\u00e4mpfung der Welle von Antisemitismus an deutschen Schulen f\u00f6rdern  sollen.\u201c<\/p>\n<p>F\u00fcr Andreas Schnadwinkel geht es im \u201eWestfalen-Blatt\u201c um  die Glaubw\u00fcrdigkeit des Gesamtkonzerns: \u201eBertelsmann muss sich  entscheiden: Soll die Musiksparte BMG weiter mit anti-j\u00fcdischen Songs  muslimischer Rapper Geld verdienen? \u2026 Hier steht Reinhard Mohns Erbe auf  dem Spiel. Der Bertelsmann-Gr\u00fcnder war ein ausgewiesener Freund des  j\u00fcdischen Staates Israel und Tr\u00e4ger des Teddy-Kollek-Preises, benannt  nach dem legend\u00e4ren B\u00fcrgermeister Jerusalems.\u201c Den k\u00fcnstlerischen Wert  der \u201emusikalischen Primitivit\u00e4t\u201c dieser Rapper sucht Thomas Rietzschel  auf der \u201eAchse des Guten\u201c und kritisiert \u201edie kulturelle und moralische  Unterbelichtung einer Gesellschaft, der es unterdessen v\u00f6llig egal ist,  von wem sie sich aufheizen l\u00e4sst.\u201c<\/p>\n<div id=\"attachment_3386\" style=\"width: 564px\" class=\"wp-caption aligncenter\"><a href=\"https:\/\/www.dr-thomas-hartung.de\/wp-content\/uploads\/2018\/04\/Echo-2018-Kollegah-Farid-Bang.jpg\"><img aria-describedby=\"caption-attachment-3386\" decoding=\"async\" loading=\"lazy\" class=\"size-large wp-image-3386\" title=\"Echo 2018 - Kollegah &amp; Farid Bang. Quelle: https:\/\/www.tz.de\/bilder\/2018\/04\/11\/9774670\/1059793470-echo-2018-kollegah-farid-bang-JLs9FVWiAee.jpg\" src=\"https:\/\/www.dr-thomas-hartung.de\/wp-content\/uploads\/2018\/04\/Echo-2018-Kollegah-Farid-Bang-1024x690.jpg\" alt=\"Echo 2018 - Kollegah &amp; Farid Bang. Quelle: https:\/\/www.tz.de\/bilder\/2018\/04\/11\/9774670\/1059793470-echo-2018-kollegah-farid-bang-JLs9FVWiAee.jpg\" width=\"554\" height=\"373\" srcset=\"https:\/\/www.dr-thomas-hartung.de\/wp-content\/uploads\/2018\/04\/Echo-2018-Kollegah-Farid-Bang-1024x690.jpg 1024w, https:\/\/www.dr-thomas-hartung.de\/wp-content\/uploads\/2018\/04\/Echo-2018-Kollegah-Farid-Bang-300x202.jpg 300w, https:\/\/www.dr-thomas-hartung.de\/wp-content\/uploads\/2018\/04\/Echo-2018-Kollegah-Farid-Bang.jpg 1200w\" sizes=\"(max-width: 554px) 100vw, 554px\" \/><\/a><p id=\"caption-attachment-3386\" class=\"wp-caption-text\">Echo 2018 - Kollegah &amp; Farid Bang. Quelle: https:\/\/www.tz.de\/bilder\/2018\/04\/11\/9774670\/1059793470-echo-2018-kollegah-farid-bang-JLs9FVWiAee.jpg<\/p><\/div>\n<p>\u201eSchlimm sind nicht in erster Linie die Reaktionen auf das Ergebnis, auf die Nominierung, den Auftritt\u201c, haut Anabel Schunke in dieselbe Kerbe. \u201eSchlimm ist, welchen Erfolg Rapper wie diese vor allem bei der jungen Generation haben, die sie mittlerweile zu gro\u00dfen Teilen pr\u00e4gen und dass die Diskussion ausgerechnet an dieser Generation vollkommen vorbeigeht. Es sind vornehmlich jene jungen Muslime, deren rassistische und antisemitische Ausbr\u00fcche wir mittlerweile auf den Schulh\u00f6fen und auf den Stra\u00dfen dieses Landes erleben d\u00fcrfen.&#8220;<\/p>\n<p>Und so zeige sich einmal mehr, dass sich das Problem weder an Ausschl\u00fcssen oder Nicht-Ausschl\u00fcssen von Veranstaltungen, noch an den \u201eK\u00fcnstlern\u201c selbst manifestiert, sondern an den Fans, die ihre Musik, ihre Klamotten und Konzertkarten kaufen: &#8222;Der Erfolg eines K\u00fcnstlers am Markt bemisst sich eben nicht nach einer vorgegebenen Moral oder Kriterien des \u201eguten Geschmacks\u201c, sondern nach der Nachfrage. Nichts k\u00f6nnte das besser verdeutlichen als ein Musikpreis, der vorrangig nach Verkaufszahlen vergeben wird.\u201c<\/p>\n<p><strong>\u201ewenn auch mal Populisten in ihr herumschreien\u201c<\/strong><\/p>\n<p>Drittes Indiz ist die Verweigerung von Musik f\u00fcr unterstellt \u201efalsche\u201c Gesinnung. So ging der der \u201ebekennende Sozialdemokrat\u201c Paul van Dyk gegen die Verwendung seines Songs \u201eWir sind wir\u201c durch die AfD juristisch vor. Zwar war Dyk einst der Meinung, \u201eeine starke Demokratie m\u00fcsste es aushalten, wenn auch mal Populisten in ihr herumschreien\u201c. Das gelte aber, l\u00e4sst er sich im \u201eStern\u201c zitieren, nicht f\u00fcr sein geistiges Eigentum. Er erwirkte eine Abmahnung gegen die Partei ebenso wie Max Giesinger wegen der Nutzung seines Songs \u201e80 Millionen\u201c. Giesingers Begr\u00fcndung: \u201eEs ver\u00e4rgert mich extrem, dass eine Partei, deren politische Einstellung ich in keinster Weise teile, meine Musik f\u00fcr ihren Wahlkampf instrumentalisiert und ohne mein Wissen benutzt.\u201c<\/p>\n<p>Nicht \u00fcberliefert ist, worauf sich der interpretative Unmut beider K\u00fcnstler eigentlich bezieht. In einem legend\u00e4ren Antrag f\u00fcr den Europaparteitag der Linken Mitte Februar 2015 in Hamburg erkl\u00e4rte der Detmolder Horst Schmitt, dass bei Liedern bzw. Text mit Musik der politische Anteil allein durch die Musik immer mindestens 50 Prozent betrage. Daher sei die \u201egesangliche musikalische Intonierung des Liedes \u201aDie Internationale\u2018 zwar k\u00e4mpferisch, aber auch militaristisch, gewalt- und kriegsverherrlichend\u201c, \u00a0mithin ein Symbol des Kapitalismus und Militarismus und damit ein Element des rechten politischen Spektrums genauso wie die deutsche Nationalhymne sei. <\/p>\n<p>Der Wanderklassiker \u201eHoch auf dem gelben Wagen\u201c w\u00e4re etwa vom ehemaligen Bundespr\u00e4sidenten Scheel (FDP) gezielt eingesetzt worden, \u201eda es mit einem unbedeutendem Text aber von der musikalischen Grundintention monoton rhythmisch, damit militaristisch, kriegsverherrlichend und Symbol der Nationalisten wie Rechten ist, um rechtspolitische W\u00e4hlerschichten verdeckt anzuspielen und zu gewinnen\u201c. In k\u00fcnftigen Verhandlungen k\u00f6nnten dann Aspekte wie \u201eprozentualer Politikanteil\u201c oder \u201erhythmische Messbarkeit von Militarismus\u201c eine Rolle spielen.<\/p>\n<div id=\"attachment_3388\" style=\"width: 564px\" class=\"wp-caption aligncenter\"><a href=\"https:\/\/www.dr-thomas-hartung.de\/wp-content\/uploads\/2018\/04\/W.Scheel.jpg\"><img aria-describedby=\"caption-attachment-3388\" decoding=\"async\" loading=\"lazy\" class=\"size-full wp-image-3388\" title=\"W.Scheel. Quelle: https:\/\/images-na.ssl-images-amazon.com\/images\/I\/51UHKX1FohL.jpg\" src=\"https:\/\/www.dr-thomas-hartung.de\/wp-content\/uploads\/2018\/04\/W.Scheel.jpg\" alt=\"W.Scheel. Quelle: https:\/\/images-na.ssl-images-amazon.com\/images\/I\/51UHKX1FohL.jpg\" width=\"554\" height=\"491\" srcset=\"https:\/\/www.dr-thomas-hartung.de\/wp-content\/uploads\/2018\/04\/W.Scheel.jpg 500w, https:\/\/www.dr-thomas-hartung.de\/wp-content\/uploads\/2018\/04\/W.Scheel-300x266.jpg 300w\" sizes=\"(max-width: 554px) 100vw, 554px\" \/><\/a><p id=\"caption-attachment-3388\" class=\"wp-caption-text\">W.Scheel. Quelle: https:\/\/images-na.ssl-images-amazon.com\/images\/I\/51UHKX1FohL.jpg<\/p><\/div>\n<p>Zu diesem Indiz kann einem aber auch eine Gegenthese einfallen, die im DLF Jens Balzer beschrieb: \u201eAlso der coole politische Zeitgeist ist eben nicht mehr auf der Seite der Linken, sondern auf der Seite der Rechten. Aber wenn es tats\u00e4chlich die neuen 68er sind, dann sind es die neuen 68er ohne Musik. Also die alten hatten immerhin Joan Baez und Neil Young und Grateful Dead und in Deutschland Ton Steine Scherben oder die \u00c4rzte. Aber die angeblichen neuen 68er der deutschen Rechten, da gibt es gar nichts.\u201c <\/p>\n<p>Das wiederum w\u00e4re bedenklich, denkt man Johann Gottfried Seumes Gedicht \u201eDie Ges\u00e4nge\u201c konsequent zu Ende: \u201eWo man singet, la\u00df dich ruhig nieder, \/ Ohne Furcht, was man im Lande glaubt; \/ Wo man singet, wird kein Mensch beraubt; \/ B\u00f6sewichter haben keine Lieder.\u201c<\/p>\n<p>P.S.: Am 25.04. wurde vom Bundesverband Musikindustrie mitgeteilt, dass der &#8222;Echo&#8220; so stark besch\u00e4digt worden seit, dass es einen v\u00f6lligen Neuanfang geben m\u00fcsse. Der Preis existiert damit nicht mehr.<\/p>\n<p><iframe src=\"http:\/\/www.facebook.com\/plugins\/like.php?href=http%3A%2F%2Fwww.dr-thomas-hartung.de%2F%3Fp%3D3378&amp;send=true&amp;layout=standard&amp;width=450&amp;show_faces=true&amp;action=like&amp;colorscheme=light&amp;font&amp;height=80\"scrolling=\"no\" frameborder=\"0\" style=\"border:none; overflow:hidden; width:450px; height:80px;\" allowTransparency=\"true\"><\/iframe><\/p>\n","protected":false},"excerpt":{"rendered":"<p>Santiano beschimpft die AfD, Campino bek\u00e4mpft Pegida, Clueso will Gesicht zeigen, Naidoo ist so-wieso rechts \u2013 und Heino verschenkt \u201eSS-Lieder\u201c. Wie aus Tonkunst zunehmend Staatskunst wird.<\/p>\n","protected":false},"author":1,"featured_media":0,"comment_status":"open","ping_status":"open","sticky":false,"template":"","format":"standard","meta":[],"categories":[4,8],"tags":[],"_links":{"self":[{"href":"https:\/\/www.dr-thomas-hartung.de\/index.php?rest_route=\/wp\/v2\/posts\/3378"}],"collection":[{"href":"https:\/\/www.dr-thomas-hartung.de\/index.php?rest_route=\/wp\/v2\/posts"}],"about":[{"href":"https:\/\/www.dr-thomas-hartung.de\/index.php?rest_route=\/wp\/v2\/types\/post"}],"author":[{"embeddable":true,"href":"https:\/\/www.dr-thomas-hartung.de\/index.php?rest_route=\/wp\/v2\/users\/1"}],"replies":[{"embeddable":true,"href":"https:\/\/www.dr-thomas-hartung.de\/index.php?rest_route=%2Fwp%2Fv2%2Fcomments&post=3378"}],"version-history":[{"count":6,"href":"https:\/\/www.dr-thomas-hartung.de\/index.php?rest_route=\/wp\/v2\/posts\/3378\/revisions"}],"predecessor-version":[{"id":3392,"href":"https:\/\/www.dr-thomas-hartung.de\/index.php?rest_route=\/wp\/v2\/posts\/3378\/revisions\/3392"}],"wp:attachment":[{"href":"https:\/\/www.dr-thomas-hartung.de\/index.php?rest_route=%2Fwp%2Fv2%2Fmedia&parent=3378"}],"wp:term":[{"taxonomy":"category","embeddable":true,"href":"https:\/\/www.dr-thomas-hartung.de\/index.php?rest_route=%2Fwp%2Fv2%2Fcategories&post=3378"},{"taxonomy":"post_tag","embeddable":true,"href":"https:\/\/www.dr-thomas-hartung.de\/index.php?rest_route=%2Fwp%2Fv2%2Ftags&post=3378"}],"curies":[{"name":"wp","href":"https:\/\/api.w.org\/{rel}","templated":true}]}}