{"id":3530,"date":"2018-09-15T06:16:08","date_gmt":"2018-09-15T05:16:08","guid":{"rendered":"http:\/\/www.dr-thomas-hartung.de\/?p=3530"},"modified":"2018-08-23T06:39:54","modified_gmt":"2018-08-23T05:39:54","slug":"%e2%80%9ees-gibt-keinen-anderen-weg%e2%80%9c","status":"publish","type":"post","link":"https:\/\/www.dr-thomas-hartung.de\/?p=3530","title":{"rendered":"\u201eEs gibt keinen anderen Weg\u201c"},"content":{"rendered":"<p>Seine medialen Etikettierungen schwanken zwischen \u201eGenosse Rockstar\u201c (<em>Welt<\/em>), \u201eJonny Cash des Kommunismus\u201c (<em>New York Times<\/em>), \u201esingender Cowboy\u201c (<em>S\u00e4chsische Zeitung<\/em>), \u201eRock\u2019n\u2018Roll-Bolschewist\u201c (<em>Spiegel<\/em>) oder \u201eElvis des Ostens\u201c (<em>n-tv<\/em>): Dean Reed \u2013 neben dem Folks\u00e4nger Perry Friedman und dem Publizisten Victor Grossman der dritte prominente \u201eAmi\u201c in der DDR. Er spielte in 20 Filmen mit, produzierte 13 Platten und gab Konzerte in 32 L\u00e4ndern. Wer war dieser umtriebige Frauenheld, der einen einsamen Tod im Zeuthener See sterben musste?<\/p>\n<div id=\"attachment_3538\" style=\"width: 565px\" class=\"wp-caption aligncenter\"><a href=\"https:\/\/www.dr-thomas-hartung.de\/wp-content\/uploads\/2018\/08\/Allende.jpg\"><img aria-describedby=\"caption-attachment-3538\" decoding=\"async\" loading=\"lazy\" class=\"size-full wp-image-3538\" title=\"Reed mit Allende. Quelle: https:\/\/www.goethe.de\/resources\/files\/jpg574\/dean-reed-con-allende.jpg\" src=\"https:\/\/www.dr-thomas-hartung.de\/wp-content\/uploads\/2018\/08\/Allende.jpg\" alt=\"Reed mit Allende. Quelle: https:\/\/www.goethe.de\/resources\/files\/jpg574\/dean-reed-con-allende.jpg\" width=\"555\" height=\"415\" srcset=\"https:\/\/www.dr-thomas-hartung.de\/wp-content\/uploads\/2018\/08\/Allende.jpg 491w, https:\/\/www.dr-thomas-hartung.de\/wp-content\/uploads\/2018\/08\/Allende-300x224.jpg 300w\" sizes=\"(max-width: 555px) 100vw, 555px\" \/><\/a><p id=\"caption-attachment-3538\" class=\"wp-caption-text\">Reed mit Allende. Quelle: https:\/\/www.goethe.de\/resources\/files\/jpg574\/dean-reed-con-allende.jpg<\/p><\/div>\n<p>Der Sohn eines erzkonservativen High-School-Lehrers, der 1938 auf einer H\u00fchnerfarm in Wheat Ridge, einem Vorort von Denver am Fu\u00dfe der Rocky Mountains, zur Welt gekommen war, bekommt mit zw\u00f6lf Jahren seine erste Gitarre und bessert als S\u00e4nger und Rodeo-Reiter sein Taschengeld auf. Vater Reed hielt Popmusik f\u00fcr eine \u201einternationale kommunistische Verschw\u00f6rung\u201c, sein Sohn erkor sie nach abgebrochenem Meteorologiestudium zum Beruf. Zuvor versuchte er sein Gl\u00fcck in Hollywood. Die Warner-Studios schickten ihn auf die \u201eSchool Of Stars\u201c und lie\u00dfen ihn in Seifenopern spielen.<\/p>\n<p>1959 schaffte es sein s\u00fc\u00dflicher Sommerhit \u201eOur Summer Romance\u201c bis auf Platz 2 der Charts eines Regionalsenders in Colorado. Bald wurden seine Schnulzen auch in S\u00fcdamerika gespielt, wo ihn die Fans schon 1960 zum beliebtesten Popstar des Kontinents w\u00e4hlten &#8211; vor Elvis Presley, Paul Anka und Ray Charles. In Chile wurde er hysterischer als jeder andere Star begr\u00fc\u00dft, die Ankunft in Santiago de Chile wurde live im Radio \u00fcbertragen. Hier sang er f\u00fcr die Reichen in den Nachtclubs und, umsonst, f\u00fcr die Armen in Stadien und Elendsvierteln. Die Freiheitsbewegungen in den L\u00e4ndern S\u00fcdamerikas pr\u00e4gen ihn politisch. Als er sich 1962 zur Fu\u00dfball-WM mit dem Sowjettorwart Lew Jaschin verbr\u00fcderte, wurde Reed erstmals bei der CIA aktenkundig. Er protestiert gegen das Wettr\u00fcsten in den USA ebenso wie er den amerikanischen Vietnamkrieg verurteilt.<\/p>\n<div id=\"attachment_3531\" style=\"width: 566px\" class=\"wp-caption aligncenter\"><a href=\"https:\/\/www.dr-thomas-hartung.de\/wp-content\/uploads\/2018\/08\/UdSSR.jpg\"><img aria-describedby=\"caption-attachment-3531\" decoding=\"async\" loading=\"lazy\" class=\"size-full wp-image-3531\" title=\"Reed in den 60ern in der UdSSR. Quelle: http:\/\/weaponews.com\/images\/2017\/04\/28\/8b31222a5feb42b9173c2cb883a5d6ff.jpg\" src=\"https:\/\/www.dr-thomas-hartung.de\/wp-content\/uploads\/2018\/08\/UdSSR.jpg\" alt=\"Reed in den 60ern in der UdSSR. Quelle: http:\/\/weaponews.com\/images\/2017\/04\/28\/8b31222a5feb42b9173c2cb883a5d6ff.jpg\" width=\"556\" height=\"370\" srcset=\"https:\/\/www.dr-thomas-hartung.de\/wp-content\/uploads\/2018\/08\/UdSSR.jpg 800w, https:\/\/www.dr-thomas-hartung.de\/wp-content\/uploads\/2018\/08\/UdSSR-300x199.jpg 300w\" sizes=\"(max-width: 556px) 100vw, 556px\" \/><\/a><p id=\"caption-attachment-3531\" class=\"wp-caption-text\">Reed in den 60ern in der UdSSR. Quelle: http:\/\/weaponews.com\/images\/2017\/04\/28\/8b31222a5feb42b9173c2cb883a5d6ff.jpg<\/p><\/div>\n<p>Ab 1965 hatte er seine eigene \u201eDean-Reed-Show\u201c im argentinischen Fernsehen. Das Land schickte ihn im selben Jahr zum Weltfriedenskongress in Helsinki, wo seine Schlichtung eines Podiumsstreits zwischen der russischen Kosmonautin Valentina Tereschkowa, dem Dichter Pablo Neruda und Pfarrer Martin Niem\u00f6ller legend\u00e4r wurde: Er erhob sich, stimmte \u201eWe Shall Overcome\u201c an, der Kongress fiel gl\u00fccklich ein. Anschlie\u00dfend begab er sich auf Tournee in die Sowjetunion. Die Argentinier schickten ihn danach als Russenfreund zur\u00fcck in seine US-Heimat.<\/p>\n<p>Im Oktober 1966 startete Reed in der Sowjetunion eine neue Karriere, nahm Platten auf, tourte durch die russischen Republiken sowie die Mongolei und wurde dortselbst neben Pr\u00e4sident Gerald Ford und Au\u00dfenminister Henry Kissinger zum bekanntesten Amerikaner. Im Jahr darauf zog er mit seiner Frau Patricia nach Rom, eine Tochter kommt zur Welt. Bis 1973 spielte er in der Cinecitt\u00e0 in zw\u00f6lf Filmen mit, vor allem in Italowestern, u.a. an der Seite von Yul Brunner. Und sein politisches Engagement setzte er auch fort: 1970 unterst\u00fctzte er mit Konzerten in Chile den Wahlkampf der \u201eUnidad Popular\u201c Salvador Allendes, der im September 1973 als Pr\u00e4sident entmachtet und ebenso erschossen wurde wie Folks\u00e4nger Victor Jara, der Leiter der K\u00fcnstlerabteilung der Kommunistischen Partei Chiles, der ihn sehr beeinflusste \u2013 als IM Victor spitzelte Reed \u00fcbrigens sp\u00e4ter f\u00fcr die Stasi.<\/p>\n<div id=\"attachment_3532\" style=\"width: 565px\" class=\"wp-caption aligncenter\"><a href=\"https:\/\/www.dr-thomas-hartung.de\/wp-content\/uploads\/2018\/08\/Brunner.jpg\"><img aria-describedby=\"caption-attachment-3532\" decoding=\"async\" loading=\"lazy\" class=\"size-full wp-image-3532\" title=\"Read mit Brunner. Quelle: http:\/\/onceuponatimeinawestern.com\/wp-content\/uploads\/2013\/03\/Ballantine-and-Sabata.jpg\" src=\"https:\/\/www.dr-thomas-hartung.de\/wp-content\/uploads\/2018\/08\/Brunner.jpg\" alt=\"Read mit Brunner. Quelle: http:\/\/onceuponatimeinawestern.com\/wp-content\/uploads\/2013\/03\/Ballantine-and-Sabata.jpg\" width=\"555\" height=\"238\" srcset=\"https:\/\/www.dr-thomas-hartung.de\/wp-content\/uploads\/2018\/08\/Brunner.jpg 421w, https:\/\/www.dr-thomas-hartung.de\/wp-content\/uploads\/2018\/08\/Brunner-300x128.jpg 300w\" sizes=\"(max-width: 555px) 100vw, 555px\" \/><\/a><p id=\"caption-attachment-3532\" class=\"wp-caption-text\">Read mit Brunner. Quelle: http:\/\/onceuponatimeinawestern.com\/wp-content\/uploads\/2013\/03\/Ballantine-and-Sabata.jpg<\/p><\/div>\n<p><strong>\u201ebest looking man of the world\u201d<\/strong><\/p>\n<p>Im Herbst 1971 bekommt sein Leben eine neue Wendung. Reed ist zur Leipziger Dokumentar- und Kurzfilmwoche eingeladen, um einen Film \u00fcber Chile zu zeigen, den er mitproduziert hatte. Im Publikum sitzt die junge gr\u00fcn\u00e4ugige Lehrerin Wiebke Dorndeck. Beim Abschlussempfang prostete sie ihm nach dem zweiten Wodka zu: \u201eYou are the best looking man of the world\u201c. Am Ende soll der gro\u00dfe und schlanke, charmante und blendend aussehende Mann mit den blauen Augen sie gefragt haben: \u201eWollen wir von hier fliehen?\u201c Sie trennt sich von ihrem Mann und setzt die Pille ab; Reed verl\u00e4sst Patricia und zieht 1972 in die DDR. 1973 Heirat und Abtreibung, 1976 dann doch die Geburt einer Tochter.<\/p>\n<p>Das Land hie\u00df ihn herzlich willkommen. Von einem beiderseitigen Missverst\u00e4ndnis schreibt Michael Pilz in der <em>Welt<\/em>: \u201eW\u00e4hrend ihn die DDR f\u00fcr einen Weltstar hielt, hielt er die DDR f\u00fcr eine Keimzelle der Weltrevolution.\u201c \u201eDie haben sich gegenseitig gebraucht und genutzt. Dean Reeds Bekenntnis zur\u00a0 DDR war ja gleichzeitig auch ein Bekenntnis zur Inszenierung\u201c, erz\u00e4hlt im <em>MDR<\/em> Leopold Gr\u00fcn, dessen Dokumentarfilm \u201eDer Rote Elvis\u201c 2007 Premiere feierte. \u201eEr hat sich einfach dorthin begeben, wo er mit offenen Armen empfangen wurde, wo er pl\u00f6tzlich neue Arbeitsfelder f\u00fcr sich gesehen hat. Das haben ihm ja auch viele vorgeworfen: Angela Davis hat ihn aufgefordert, lieber die kommunistische Partei in den USA zu unterst\u00fctzen als im Osten rumzutanzen.\u201c Manche sprachen von Feigheit.<\/p>\n<div id=\"attachment_3533\" style=\"width: 565px\" class=\"wp-caption aligncenter\"><a href=\"https:\/\/www.dr-thomas-hartung.de\/wp-content\/uploads\/2018\/08\/Hochzeit.jpg\"><img aria-describedby=\"caption-attachment-3533\" decoding=\"async\" loading=\"lazy\" class=\"size-large wp-image-3533\" title=\"Reeds Hochzeit. Quelle: https:\/\/www.superillu.de\/sites\/default\/files\/styles\/article_full_large\/public\/2017-05\/suib20080520082_layout.jpg?h=715cb34a&amp;itok=nlU6UCsp\" src=\"https:\/\/www.dr-thomas-hartung.de\/wp-content\/uploads\/2018\/08\/Hochzeit-1024x573.jpg\" alt=\"Reeds Hochzeit. Quelle: https:\/\/www.superillu.de\/sites\/default\/files\/styles\/article_full_large\/public\/2017-05\/suib20080520082_layout.jpg?h=715cb34a&amp;itok=nlU6UCsp\" width=\"555\" height=\"310\" srcset=\"https:\/\/www.dr-thomas-hartung.de\/wp-content\/uploads\/2018\/08\/Hochzeit-1024x573.jpg 1024w, https:\/\/www.dr-thomas-hartung.de\/wp-content\/uploads\/2018\/08\/Hochzeit-300x168.jpg 300w, https:\/\/www.dr-thomas-hartung.de\/wp-content\/uploads\/2018\/08\/Hochzeit.jpg 1160w\" sizes=\"(max-width: 555px) 100vw, 555px\" \/><\/a><p id=\"caption-attachment-3533\" class=\"wp-caption-text\">Reeds Hochzeit. Quelle: https:\/\/www.superillu.de\/sites\/default\/files\/styles\/article_full_large\/public\/2017-05\/suib20080520082_layout.jpg?h=715cb34a&amp;itok=nlU6UCsp<\/p><\/div>\n<p>Innerhalb von sechs Jahren drehte Reed in der DDR f\u00fcnf Filme, darunter \u201eAus dem Leben eines Taugenichts\u201c nach Joseph von Eichendorff, \u201eKit &amp; Co.\u201c nach Jack London sowie \u201eEl Cantor\u201c, eine Verfilmung des Lebens von V\u00edctor Jara. Der \u201eMann aus Colorado\u201c, wie seine ab 1977 ausgestrahlte DDR-Fernsehshow hie\u00df, gibt zwei Jahre zuvor im DEFA-Streifen \u201eBlutsbr\u00fcder\u201c, f\u00fcr das er selbst das Drehbuch schreibt, an der Seite von DDR-Rothaut Gojko Mitic einen gel\u00e4uterten US-Kavalleristen, der nach einem Massaker an Indianern erst die US-Standarte zerbricht und sich dann den Cheyenne anschlie\u00dft. Der Film ist sein endg\u00fcltiger Durchbruch in der DDR.<\/p>\n<p>Zugleich gastiert er im Ostblock vor bis zu 70 000 Zuschauern und bringt mit seiner Ausstrahlung, die an den jungen Kennedy erinnert, ein bisschen Glanz der gro\u00dfen weiten Welt ins dr\u00f6ge Einerlei des sozialistischen Alltags. \u201eIch bin Marxist, was auch immer ich singe\u201c, hat Reed sp\u00e4ter bekannt. \u201eUnd ich wirke \u00fcberzeugender als Marxist, je besser ich als Showman bin.\u201c Von den Sowjets bekommt Reed als erster Ausl\u00e4nder den Lenin-Preis f\u00fcr Kunst und Literatur, eine von vielen Ehrungen. In der DDR erscheint eine offizielle Biografie, im vorpommerschen Pasewalk wird ein B\u00e4ckereikombinat nach ihm benannt, und sein Konterfei mit Gitarre zierte das Etikett f\u00fcr eine massenindustriell produzierte \u201eRum-Cola\u201c aus dem Getr\u00e4nkewerk Dessau.<\/p>\n<p><strong>\u201enarzisstischer Salon-Bolschewik\u201c<\/strong><\/p>\n<p>Obwohl Reed inzwischen Mieter eines Wassergrundst\u00fccks mit Haus und Motorboot in Rauchfangswerder wurde, einem Ortsteil von Berlin-Schm\u00f6ckwitz, hielt ihn das nicht von exzessiven politischen Reisen ab, auf denen er, der seinen US-Pass nie abgab, seine Popularit\u00e4t in ideologische Dienste stellte. Bilder aus dem Libanon zeigen ihn mit Arafat, Gitarre und Kalaschnikow. 1978 erschien er pl\u00f6tzlich zu einem Solidarit\u00e4tsauftritt f\u00fcr Farmer in Minnesota und wird festgenommen. Per Hungerstreik bringt er die Berichterstattung in Gang, Prominente wie Joan Baez und Pete Seeger appellieren an US-Pr\u00e4sident Jimmy Carter einzugreifen. Als Reed nach elf Tagen freikommt, ist er f\u00fcr Millionen Fans im ganzen Ostblock nicht mehr nur einfach ein Star, sondern ein Held.<\/p>\n<div id=\"attachment_3534\" style=\"width: 566px\" class=\"wp-caption aligncenter\"><a href=\"https:\/\/www.dr-thomas-hartung.de\/wp-content\/uploads\/2018\/08\/Blutsbr\u00fcder.jpg\"><img aria-describedby=\"caption-attachment-3534\" decoding=\"async\" loading=\"lazy\" class=\"size-large wp-image-3534\" title=\"Blutsbr\u00fcder (Szene). Quelle: https:\/\/www.superillu.de\/sites\/default\/files\/styles\/full_width_large\/public\/2017-05\/suib20060620004.jpg?itok=0mL_2ueI\" src=\"https:\/\/www.dr-thomas-hartung.de\/wp-content\/uploads\/2018\/08\/Blutsbr\u00fcder-1024x768.jpg\" alt=\"Blutsbr\u00fcder (Szene). Quelle: https:\/\/www.superillu.de\/sites\/default\/files\/styles\/full_width_large\/public\/2017-05\/suib20060620004.jpg?itok=0mL_2ueI\" width=\"556\" height=\"416\" srcset=\"https:\/\/www.dr-thomas-hartung.de\/wp-content\/uploads\/2018\/08\/Blutsbr\u00fcder-1024x768.jpg 1024w, https:\/\/www.dr-thomas-hartung.de\/wp-content\/uploads\/2018\/08\/Blutsbr\u00fcder-300x225.jpg 300w, https:\/\/www.dr-thomas-hartung.de\/wp-content\/uploads\/2018\/08\/Blutsbr\u00fcder.jpg 1560w\" sizes=\"(max-width: 556px) 100vw, 556px\" \/><\/a><p id=\"caption-attachment-3534\" class=\"wp-caption-text\">Blutsbr\u00fcder (Szene). Quelle: https:\/\/www.superillu.de\/sites\/default\/files\/styles\/full_width_large\/public\/2017-05\/suib20060620004.jpg?itok=0mL_2ueI<\/p><\/div>\n<p>Doch dieser Gef\u00e4ngnistourismus markiert den Anfang vom Ende: \u201eDa stilisierte sich ein S\u00e4nger zum politischen Gefangenen, w\u00e4hrend man in der DDR sehr schnell vom S\u00e4nger zum politischen Gefangenen werden konnte\u201c, bemerkt Pilz gallig, zumal Reed zwei Jahre zuvor die Unterschrift unter die K\u00fcnstlerresolution f\u00fcr den ausgeb\u00fcrgerten Wolf Biermann verweigert hatte. Und als die Ostdeutschen vielfach Ausreiseantr\u00e4ge zu stellen begannen, wird der US-B\u00fcrger mit Wohnsitz Ost-Berlin zu einem seltsamen Anachronismus. \u201eViele empfanden ihn inzwischen als l\u00e4cherlichen Anpasser und narzisstischen Salon-Bolschewiken\u201c, der ausgiebig seine Reisefreiheit nutzte und zugleich die Mauer verteidigte, glaubt sein Biograph Stefan Ernsting. \u201eEr wurde zum Opfer seiner eigenen Inszenierung\u201c.<\/p>\n<p>Zudem scheitert die Ehe mit Wiebke: \u201eEr erkl\u00e4rte, dass er diese Trennung f\u00fcr seine Selbstverwirklichung brauche, und hat mich mit meiner Tochter vor die T\u00fcr gesetzt. Da konnte er knallhart und ohne Gef\u00fchl sein. Es w\u00e4re ihm egal, ob wir wieder nach Leipzig gingen oder in Berlin eine Bleibe n\u00e4hmen. F\u00fcr ihn stand nur fest, dass er das Haus am See behalten w\u00fcrde\u201c, sagte sie 2007 der <em>SuperIllu<\/em>. Heute f\u00fchrt Wiebke Reed eine erfolgreiche Schauspieleragentur.<\/p>\n<p>Daneben st\u00fcrzen die Verkaufszahlen von Reeds Platten ab und floppt sein Western-Klamauk \u201eSing, Cowboy, sing\u201c: In der DEFA wird von einer Blamage gesprochen, die Filmkritik zerrei\u00dft die Parodie, Reed selbst spricht von einer \u201eKlamotte\u201c, glaubt sie aber gut gemacht zu haben. Ein weiteres Filmprojekt platzt, innerlich entfremdet er sich von der DDR. 1982 berichteten Mitarbeiter der Stasi, dass Reed beim Streit mit einem Verkehrspolizisten \u201edie DDR mit einem faschistischen Staat verglich und zum Ausdruck brachte, dass er, ebenso wie die 17 Millionen DDR-B\u00fcrger, es \u201abis oben hin satt\u2018 h\u00e4tte\u201c. Anschlie\u00dfend forderte er den Mann auf, ihn zu verhaften, was \u201ehier ja gang und g\u00e4be\u201c sei. Reed sang \u00f6ffentlich Bettina Wegners regimekritisches Lied \u201eKinder\u201c und wurde von der SED ermahnt. Er wurde depressiv, begann unter Heimweh zu leiden, telefonierte regelm\u00e4\u00dfig mit Freunden in den USA.<\/p>\n<p>Im April 1986 hat Reed seinen letzten gro\u00dfen Auftritt: eigentlich als erneute Bekanntmachung seiner Person in den USA geplant, verteidigte er in der CBS-Sendung \u201e60 Minutes\u201c neuerlich die Berliner Mauer und wirft Ronald Reagan Staatsterrorismus vor. Nach der Sendung, mit der er sich seine R\u00fcckkehr in die USA endg\u00fcltig verbaute, erh\u00e4lt Reed wilde Drohbriefe und wird als Verr\u00e4ter beschimpft. Tagelang habe er sich mit den Briefen in seinem Zimmer eingeschlossen, so Ernsting.<\/p>\n<div id=\"attachment_3535\" style=\"width: 565px\" class=\"wp-caption aligncenter\"><a href=\"https:\/\/www.dr-thomas-hartung.de\/wp-content\/uploads\/2018\/08\/Blume.jpg\"><img aria-describedby=\"caption-attachment-3535\" decoding=\"async\" loading=\"lazy\" class=\"size-full wp-image-3535\" title=\"Hochzeit mit Renate Blume. Quelle: http:\/\/nd06.jxs.cz\/222\/914\/411454e333_103050068_o2.jpg\" src=\"https:\/\/www.dr-thomas-hartung.de\/wp-content\/uploads\/2018\/08\/Blume.jpg\" alt=\"Hochzeit mit Renate Blume. Quelle: http:\/\/nd06.jxs.cz\/222\/914\/411454e333_103050068_o2.jpg\" width=\"555\" height=\"416\" srcset=\"https:\/\/www.dr-thomas-hartung.de\/wp-content\/uploads\/2018\/08\/Blume.jpg 500w, https:\/\/www.dr-thomas-hartung.de\/wp-content\/uploads\/2018\/08\/Blume-300x225.jpg 300w\" sizes=\"(max-width: 555px) 100vw, 555px\" \/><\/a><p id=\"caption-attachment-3535\" class=\"wp-caption-text\">Hochzeit mit Renate Blume. Quelle: http:\/\/nd06.jxs.cz\/222\/914\/411454e333_103050068_o2.jpg<\/p><\/div>\n<p>Vor allem aber macht ihm Renate Blume zu schaffen, mit der er in den 70er Jahren bereits gedreht hatte. Die dunkle, geheimnisvolle Sch\u00f6nheit war f\u00fcnf Jahre mit dem Erfolgsregisseur Frank Beyer (\u201eSpur der Steine\u201c, \u201eJakob der L\u00fcgner\u201c) verheiratet, lebt dann zwei Jahre mit Gojko Mitic zusammen, dem sportlichen \u201eH\u00e4uptling vom Dienst\u201c zahlreicher DDR-Indianer-Filme \u2013 und heiratet schlie\u00dflich 1981, ganz in wei\u00dfe Plauener Spitze geh\u00fcllt, den schillernden Kollegen, dessen Romantik sie beeindruckte.<\/p>\n<p>F\u00fcnf Jahre sp\u00e4ter schreibt Reed mit schlechtem Deutsch in seinem letzten Brief: \u201eIch habe sie gebeten, mich in Ruhe zu lassen, aber sie hat immer weiter angeschrien, dass ich war nur ein schlechter amerikanischer showman. Sie qu\u00e4lt mich und foltert mich seit Jahren, weil sie ist krank. Eifers\u00fcchtig auf alle die Leute, die ich liebe oder die mich lieben. Aber besonders meine ehemalige Frau Wiebke und meine Tochter&#8230; Sie und Wiebke sollen meine Feinde sein. ich weigere mich jemand zu hassen, die ich einmal als Ehefrau gehabt habe. Ich liebe Renate. Trotz ihrer Krankheit, aber ich kann keinen Weg finden aus von meinen Problem. \u2026 Sei nicht b\u00f6se. Es gibt keinen anderen Weg. Ich wollte bis der Tod uns scheidet mit Renate leben \u2013 aber sie hat mich umgebracht \u2013 Tag f\u00fcr Tag \u2013 und heute mir zu sagen, dass ich zu feige bin, mich umzubringen.\u201c<\/p>\n<p>\u201e<strong>Mein Tod hat nichts mit Politik zu tun\u201c<\/strong><\/p>\n<p>Am 13. Juni 1986 verschwindet der S\u00e4nger aus seinem Haus, in dem er zusammen mit Blume lebt. Nach zwei Tagen wird Reeds Auto keine zehn Gehminuten vom Haus entfernt an einem Waldweg unweit des Zeuthener Sees gefunden \u2013 mit dem 15seitigen Abschiedsbrief, in zittrigen Gro\u00dfbuchstaben verfasst. Wiederum zwei Tage sp\u00e4ter findet die Wasserschutzpolizei die Leiche. Die Ermittler erfahren, dass der singende Cowboy schon zwei Tage vor seinem Verschwinden versucht hatte, sich die Pulsadern aufzuschneiden. Die Leichenschau best\u00e4tigt das sp\u00e4ter, aber die Schnitte sind nur oberfl\u00e4chlich. Vermutlich hatte ihn der Mut verlassen. Das ergibt sich auch aus seinem Abschiedsbrief. Die Gerichtsmediziner stellen als Todesursache \u201eam ehesten Ertrinken unter toxischer medikament\u00f6ser Beeinflussung\u201c fest. Er hatte eine \u00dcberdosis Beruhigungsmittel geschluckt.<\/p>\n<div id=\"attachment_3536\" style=\"width: 565px\" class=\"wp-caption aligncenter\"><a href=\"https:\/\/www.dr-thomas-hartung.de\/wp-content\/uploads\/2018\/08\/1985.jpg\"><img aria-describedby=\"caption-attachment-3536\" decoding=\"async\" loading=\"lazy\" class=\"size-full wp-image-3536\" title=\"Reed 1985. Quelle. https:\/\/www.welt.de\/img\/kultur\/mobile100411865\/1491626537-ci23x11-w960\/Dean-Reed-DW-Kultur-Berlin-jpg.jpg\" src=\"https:\/\/www.dr-thomas-hartung.de\/wp-content\/uploads\/2018\/08\/1985.jpg\" alt=\"https:\/\/www.welt.de\/img\/kultur\/mobile100411865\/1491626537-ci23x11-w960\/Dean-Reed-DW-Kultur-Berlin-jpg.jpg\" width=\"555\" height=\"265\" srcset=\"https:\/\/www.dr-thomas-hartung.de\/wp-content\/uploads\/2018\/08\/1985.jpg 960w, https:\/\/www.dr-thomas-hartung.de\/wp-content\/uploads\/2018\/08\/1985-300x143.jpg 300w\" sizes=\"(max-width: 555px) 100vw, 555px\" \/><\/a><p id=\"caption-attachment-3536\" class=\"wp-caption-text\">Reed 1985 im DDR-Fernsehen. Quelle: https:\/\/www.welt.de\/img\/kultur\/mobile100411865\/1491626537-ci23x11-w960\/Dean-Reed-DW-Kultur-Berlin-jpg.jpg<\/p><\/div>\n<p>Renate Blume, die sich bis zuletzt weigerte, ihn zur\u00fcck in die USA zu begleiten, und ihm Szenen machte, schweigt bis heute zu den Vorw\u00fcrfen. Weil die menschliche Trag\u00f6die eines Friedensk\u00e4mpfers wie Dean Reed nicht ins Bild passte, erkl\u00e4rt Honecker pers\u00f6nlich den Selbstmord zur Geheimsache: \u201e\u2026niemand soll davon erfahren, auch nicht Deans Frau, um ihr die Entt\u00e4uschung zu ersparen\u201c, zitiert der <em>Tagesspiegel <\/em>aus einer ungenannten Quelle. Als Todesursache vermelden die DDR-Abendnachrichten einen \u201etragischen Ungl\u00fccksfall\u201c, auch in den Traueranzeigen ist von einem \u201etragischen Unfall\u201c die Rede. Geglaubt haben das die wenigsten, daf\u00fcr waren rasch Ger\u00fcchte vom Selbstmord und sogar von einem Mordkomplott ausl\u00e4ndischer Geheimdienste in der Welt. Der Brief ist \u00fcbrigens nicht an Blume gerichtet, sondern an seinen \u201eFreund und Genossen\u201c Eberhard Fensch, der von 1968 bis 1989 im SED-Zentralkomitee f\u00fcr Rundfunk und Fernsehen zust\u00e4ndig war.<\/p>\n<p>Erst 1990 l\u00e4sst der letzte DDR-Innenminister Peter-Michael Diestel den Fall nochmals untersuchen, das Ergebnis wird nur tr\u00f6pfchenweise bekannt. Anfang der 90er Jahre tauchen erste Ausz\u00fcge aus dem Abschiedsbrief in Boulevardbl\u00e4ttern auf. Fensch mutma\u00dft im <em>Tagesspiegel<\/em>, dass das Schreiben aus dem Panzerschrank des Innenministeriums heraus verkauft worden sein muss: \u201eIch denke, es gibt mindestens zehn Leute, die eine Ablichtung haben\u201c. Deutlich wird, dass Reed bis zuletzt seiner Haltung treu blieb: \u201eIch bin nicht mit alles einverstanden, aber Sozialismus ist noch nicht erwachsen. Es ist die einzigste L\u00f6sung f\u00fcr die Hauptprobleme f\u00fcr die Menschheit der Welt.\u201c Reed l\u00e4sst auch Gr\u00fc\u00dfe an SED-Chef Erich Honecker ausrichten und betont explizit \u201eMein Tod hat nichts mit Politik zu tun.\u201c<\/p>\n<div id=\"attachment_3537\" style=\"width: 565px\" class=\"wp-caption aligncenter\"><a href=\"https:\/\/www.dr-thomas-hartung.de\/wp-content\/uploads\/2018\/08\/Grab.jpg\"><img aria-describedby=\"caption-attachment-3537\" decoding=\"async\" loading=\"lazy\" class=\"size-full wp-image-3537\" title=\"Reeds Grab. Quelle: http:\/\/nd06.jxs.cz\/631\/813\/a4be562330_103050078_o2.jpg\" src=\"https:\/\/www.dr-thomas-hartung.de\/wp-content\/uploads\/2018\/08\/Grab.jpg\" alt=\"Reeds Grab. Quelle: http:\/\/nd06.jxs.cz\/631\/813\/a4be562330_103050078_o2.jpg\" width=\"555\" height=\"370\" srcset=\"https:\/\/www.dr-thomas-hartung.de\/wp-content\/uploads\/2018\/08\/Grab.jpg 500w, https:\/\/www.dr-thomas-hartung.de\/wp-content\/uploads\/2018\/08\/Grab-300x199.jpg 300w\" sizes=\"(max-width: 555px) 100vw, 555px\" \/><\/a><p id=\"caption-attachment-3537\" class=\"wp-caption-text\">Reeds Grab. Quelle: http:\/\/nd06.jxs.cz\/631\/813\/a4be562330_103050078_o2.jpg<\/p><\/div>\n<p>Doch obwohl &#8211; oder vielleicht weil &#8211; ihn im siegreichen Westen niemand wirklich kannte, zieht der \u201eMann aus Colorado\u201c auch mehr als drei\u00dfig Jahre nach seinem Tod Interesse auf sich \u2013 wenngleich heute sogar sein Grab verwaist ist, denn 1991 hat seine Mutter die sterblichen \u00dcberreste ihres Sohnes nach Boulder in die USA \u00fcberf\u00fchren lassen &#8211; \u201eAmerican Rebel\u201c steht dort auf seinem Grabstein. Im Web pflegt eine aktive Fangemeinde noch immer sein Andenken, Dutzende von B\u00fcchern und Dokumentarfilmen haben sich seit 1990 des Falls angenommen. Als Ritterschlag h\u00e4tte sicher die Verfilmung \u201eComrade Rockstar\u201c gelten k\u00f6nnen, die Hollywoodstar Tom Hanks mit sich in der Hauptrolle drehen wollte. Er hatte Renate Blume die Filmrechte f\u00fcr eine unbekannte Summe abgekauft, 2012 aber das Projekt aus Finanzgr\u00fcnden f\u00fcr eingestellt erkl\u00e4rt. Damit bleibt Reed endg\u00fcltig verwehrt, das zu werden, was er schon zu Zeiten des Kalten Krieges nie war: ein Weltstar.<\/p>\n<p><iframe src=\"http:\/\/www.facebook.com\/plugins\/like.php?href=http%3A%2F%2Fwww.dr-thomas-hartung.de%2F%3Fp%3D3530&amp;send=true&amp;layout=standard&amp;width=450&amp;show_faces=true&amp;action=like&amp;colorscheme=light&amp;font&amp;height=80\"scrolling=\"no\" frameborder=\"0\" style=\"border:none; overflow:hidden; width:450px; height:80px;\" allowTransparency=\"true\"><\/iframe><\/p>\n","protected":false},"excerpt":{"rendered":"<p>Er war in Lateinamerika ein Teeny-Idol, wurde in der DDR zum \u201eRoten Elvis\u201c und brachte sich wegen einer Frau um \u2013 der US-Sonnyboy Dean Reed. Im September w\u00fcrde der Revolutionsromantiker 80. <\/p>\n","protected":false},"author":1,"featured_media":0,"comment_status":"open","ping_status":"open","sticky":false,"template":"","format":"standard","meta":[],"categories":[4,8],"tags":[],"_links":{"self":[{"href":"https:\/\/www.dr-thomas-hartung.de\/index.php?rest_route=\/wp\/v2\/posts\/3530"}],"collection":[{"href":"https:\/\/www.dr-thomas-hartung.de\/index.php?rest_route=\/wp\/v2\/posts"}],"about":[{"href":"https:\/\/www.dr-thomas-hartung.de\/index.php?rest_route=\/wp\/v2\/types\/post"}],"author":[{"embeddable":true,"href":"https:\/\/www.dr-thomas-hartung.de\/index.php?rest_route=\/wp\/v2\/users\/1"}],"replies":[{"embeddable":true,"href":"https:\/\/www.dr-thomas-hartung.de\/index.php?rest_route=%2Fwp%2Fv2%2Fcomments&post=3530"}],"version-history":[{"count":6,"href":"https:\/\/www.dr-thomas-hartung.de\/index.php?rest_route=\/wp\/v2\/posts\/3530\/revisions"}],"predecessor-version":[{"id":3541,"href":"https:\/\/www.dr-thomas-hartung.de\/index.php?rest_route=\/wp\/v2\/posts\/3530\/revisions\/3541"}],"wp:attachment":[{"href":"https:\/\/www.dr-thomas-hartung.de\/index.php?rest_route=%2Fwp%2Fv2%2Fmedia&parent=3530"}],"wp:term":[{"taxonomy":"category","embeddable":true,"href":"https:\/\/www.dr-thomas-hartung.de\/index.php?rest_route=%2Fwp%2Fv2%2Fcategories&post=3530"},{"taxonomy":"post_tag","embeddable":true,"href":"https:\/\/www.dr-thomas-hartung.de\/index.php?rest_route=%2Fwp%2Fv2%2Ftags&post=3530"}],"curies":[{"name":"wp","href":"https:\/\/api.w.org\/{rel}","templated":true}]}}