{"id":3776,"date":"2019-01-20T07:25:30","date_gmt":"2019-01-20T06:25:30","guid":{"rendered":"http:\/\/www.dr-thomas-hartung.de\/?p=3776"},"modified":"2019-02-02T07:44:42","modified_gmt":"2019-02-02T06:44:42","slug":"%e2%80%9everdacht-auf-unerlaubte-entfernung-von-der-demokratie%e2%80%9c","status":"publish","type":"post","link":"https:\/\/www.dr-thomas-hartung.de\/?p=3776","title":{"rendered":"\u201eVerdacht auf unerlaubte Entfernung von der Demokratie\u201c"},"content":{"rendered":"<p>Die Aufl\u00f6sung des Online-Prangers setzte einer ereignisreichen Woche die Krone der Frechheit auf: Das \u201eZentrum f\u00fcr Politische Sch\u00f6nheit\u201c ZPS um den Aktionsk\u00fcnstler Philipp Ruch schaltete sein Denunziationsportal \u201esoko-chemnitz.de\u201c mit dem Hinweis ab, es habe sich um einen sogenannten \u201eHonigtopf\u201c gehandelt, der seine Funktion erf\u00fcllt h\u00e4tte. In nur drei Tagen h\u00e4tten 2,5 Millionen Nutzer die Seite besucht, so sei ein \u201eriesiger Datenschatz\u201c entstanden. \u00dcber einen Algorithmus k\u00f6nne nun ein breites Netzwerk des Rechtsextremismus in Deutschland abgebildet werden.<\/p>\n<p>\u201eDas ist das Relevanteste, was es an Daten in Sachen Rechtsextremismus in Deutschland aktuell gibt\u201c, erkl\u00e4rte Ruch in Berlin. Daf\u00fcr k\u00f6nnten sich auch zahlreiche Beh\u00f6rden interessieren. \u201eWenn zum Beispiel der Bundesinnenminister mehr wissen will und Lust auf einen Kaffee mit uns hat, dann soll er vorbeikommen.\u201c Und setzte, strotzend vor Selbstbewusstsein, hinzu, Horst Seehofer (CSU) m\u00fcsse sich dann vom ZPS-Team allerdings \u201eauch ein paar kritische T\u00f6ne anh\u00f6ren f\u00fcr das, was er in diesem Jahr geliefert hat\u201c. Insgesamt seien etwa 1.500 Beteiligte an den rechten Demonstrationen in Chemnitz von Ende August identifiziert worden. \u201eRichtig\u201c, bejubelt die <em>taz<\/em> die Aktion.<\/p>\n<p><strong>\u201eWo arbeiten diese Idioten?\u201c<\/strong><\/p>\n<p>R\u00fcckblende: am Vormittag des ersten Dezembermontags schaltete das ZPS eine Denunziationsplattform im Internet frei, mit der nach Teilnehmern der Demonstrationen gesucht wurde, die im Nachhall der t\u00f6dlichen Messerattacke beim Stadtfest in Chemnitz Ende August stattgefunden hatten. Ein Deutscher war mutma\u00dflich von Fl\u00fcchtlingen erstochen worden. \u201eDenunzieren Sie noch heute Ihren Arbeitskollegen, Nachbarn oder Bekannten und kassieren Sie Sofort-Bargeld\u201c, warb die Aktion rei\u00dferisch und zeigte hunderte Fotos von mutma\u00dflich rechten Demonstranten. Das ZPS will daf\u00fcr nach eigener Aussage drei Millionen Bilder von 7000 Verd\u00e4chtigen ausgewertet haben. \u201eW\u00e4hrend normale Menschen arbeiten, treiben tausende Arbeitnehmer oder Staatsdiener Ausl\u00e4nder durch Chemnitz, attackieren Presse und Polizeibeamte und gr\u00fc\u00dfen Hitler\u201c, hei\u00dft es weiter.<\/p>\n<p style=\"text-align: center;\">\n<div id=\"attachment_3777\" style=\"width: 624px\" class=\"wp-caption aligncenter\"><a href=\"https:\/\/www.dr-thomas-hartung.de\/wp-content\/uploads\/2019\/02\/Soko-Chemnitz.jpg\"><img aria-describedby=\"caption-attachment-3777\" decoding=\"async\" loading=\"lazy\" class=\"size-full wp-image-3777 \" title=\"&quot;Soko Chemnitz&quot;. Quelle: https:\/\/www.hna.de\/bilder\/2018\/12\/03\/10791771\/550786611-soko-chemnitz-zentrum-fuer-politische-schoenheit-4bMCH2Lbza7.jpg\" src=\"https:\/\/www.dr-thomas-hartung.de\/wp-content\/uploads\/2019\/02\/Soko-Chemnitz.jpg\" alt=\"&quot;Soko Chemnitz&quot;. Quelle: https:\/\/www.hna.de\/bilder\/2018\/12\/03\/10791771\/550786611-soko-chemnitz-zentrum-fuer-politische-schoenheit-4bMCH2Lbza7.jpg\" width=\"614\" height=\"346\" srcset=\"https:\/\/www.dr-thomas-hartung.de\/wp-content\/uploads\/2019\/02\/Soko-Chemnitz.jpg 1024w, https:\/\/www.dr-thomas-hartung.de\/wp-content\/uploads\/2019\/02\/Soko-Chemnitz-300x168.jpg 300w\" sizes=\"(max-width: 614px) 100vw, 614px\" \/><\/a><p id=\"caption-attachment-3777\" class=\"wp-caption-text\">&quot;Soko Chemnitz&quot;. Quelle: https:\/\/www.hna.de\/bilder\/2018\/12\/03\/10791771\/550786611-soko-chemnitz-zentrum-fuer-politische-schoenheit-4bMCH2Lbza7.jpg<\/p><\/div>\n<p>Die Fotos wurden mit abgek\u00fcrzten Namen und steckbriefartigen Informationen benannt, ihre Fotos mit Augenbalken unkenntlich gemacht. Eine weitere Galerie zeigt unverpixelte Nahaufnahmen einzelner Personen, angeblich aus dem Demogeschehen, und fragt nach Namen und Arbeitgeber. Damit soll der Rechtsextremismus 2018 systematisch erfasst, identifiziert und unsch\u00e4dlich gemacht werden: \u201eHelfen Sie uns, die entsprechenden Problemdeutschen aus der Wirtschaft und dem \u00f6ffentlichen Dienst zu entfernen\u201c. F\u00fcr Hinweise loben die K\u00fcnstler \u201eKopfgelder\u201c aus, die sich die Tippgeber ab Donnerstag an einer Adresse in der Chemnitzer Innenstadt abholen k\u00f6nnen: einem Ladenlokal, dessen Schaufenster mit steckbriefartigen Postern von 18 Demonstrationsteilnehmern beklebt waren. Darunter waren f\u00fchrende AfD-Politiker, auch Landtagsabgeordnete und weitere Mandatstr\u00e4ger.<\/p>\n<p>Vermieterin ist die Grundst\u00fccks- und Geb\u00e4udewirtschaftsgesellschaft (GGG), eine Tochter der Stadt Chemnitz. Nach Hinweisen von Passanten k\u00fcndigte sie noch am Montag den Mietvertrag, weil sie sich zur Nutzung der R\u00e4ume get\u00e4uscht sah, und lie\u00df das Lokal von einem Schl\u00fcsseldienst \u00f6ffnen, um die Steckbriefe zu entfernen. Die R\u00e4ume seien als Popup-Store f\u00fcr die Dauer weniger Wochen angemietet worden. \u201eDurch die Aush\u00e4ngung von selbst kreierten Fahndungsplakaten, was f\u00fcr uns als Vermieter im Vorfeld nicht erkennbar war, sehen wir den vertraglich vereinbarten Nutzungszweck verletzt und beenden die \u00dcberlassung der Gewerbefl\u00e4che umgehend\u201c, so ein GGG-Sprecher.<\/p>\n<p>Die ebenfalls eingeschaltete Polizei verwies am Abend auf \u201eGefahrenabwehr\u201c als Grund f\u00fcr die \u00d6ffnung des Lokals: Immerhin war der Laden zuvor von Gruppen teils kopfsch\u00fcttelnder, teils emp\u00f6rter Passanten umlagert. \u201eDie Polizei Chemnitz droht uns gerade, unser Rechercheb\u00fcro \u2026 aufzubrechen und die Kunst zu stehlen!\u201c, twitterte das ZPS. \u201eDie Wut der \u201aB\u00fcrger\u2018 wog schwerer als unsere Eigentumsrechte, ein g\u00fcltiger Mietvertrag und das Recht auf Kunstfreiheit\u201c, hie\u00df es dann in einer Stellungnahme. Von der s\u00e4chsischen Landesregierung wurde die Gruppe abgemahnt, weil sie auf ihrer Website das Marketing-Logo \u201eSo geht s\u00e4chsisch\u201c verwendet hat. Laut <em>MDR <\/em>will der Berliner Verband J\u00fcdisches Forum wegen unautorisierten Verwendens von Filmmaterial gegen die Aktion klagen. Insgesamt neun Anzeigen gingen ein. Laut Polizeisprecher Andrzej Rydzik steht als m\u00f6gliches Delikt das Kunsturhebergesetz im Raum sowie Beleidigung.<\/p>\n<p style=\"text-align: center;\">\n<div id=\"attachment_3778\" style=\"width: 586px\" class=\"wp-caption aligncenter\"><a href=\"https:\/\/www.dr-thomas-hartung.de\/wp-content\/uploads\/2019\/02\/Soko-Chemnitz2.jpg\"><img aria-describedby=\"caption-attachment-3778\" decoding=\"async\" loading=\"lazy\" class=\"size-full wp-image-3778 \" title=\"Soko-Chemnitz-&quot;Steckbrief&quot;. Quelle: https:\/\/files.newsnetz.ch\/story\/3\/0\/2\/30285949\/14\/topelement.jpg\" src=\"https:\/\/www.dr-thomas-hartung.de\/wp-content\/uploads\/2019\/02\/Soko-Chemnitz2.jpg\" alt=\"Soko-Chemnitz-&quot;Steckbrief&quot;. Quelle: https:\/\/files.newsnetz.ch\/story\/3\/0\/2\/30285949\/14\/topelement.jpg\" width=\"576\" height=\"420\" srcset=\"https:\/\/www.dr-thomas-hartung.de\/wp-content\/uploads\/2019\/02\/Soko-Chemnitz2.jpg 640w, https:\/\/www.dr-thomas-hartung.de\/wp-content\/uploads\/2019\/02\/Soko-Chemnitz2-300x218.jpg 300w\" sizes=\"(max-width: 576px) 100vw, 576px\" \/><\/a><p id=\"caption-attachment-3778\" class=\"wp-caption-text\">Soko-Chemnitz-&quot;Steckbrief&quot;. Quelle: https:\/\/files.newsnetz.ch\/story\/3\/0\/2\/30285949\/14\/topelement.jpg<\/p><\/div>\n<p>Die K\u00fcnstlergruppe erl\u00e4uterte ihre Aktion mit ru\u00dfverschmierten Gesichtern auf einer Pressekonferenz als ein Angebot \u201ef\u00fcr die Strafverfolgung des Freistaats Sachsen und den Allgemeinen Arbeitgeberverband Sachsen e.V.\u201c Die Rede ist von einem \u201eKatalog der Gesinnungskranken\u201c. Denn Ziel der Aktion sei, \u00fcber den Arbeitgeber Druck auf \u201erechtsextreme Besch\u00e4ftigte\u201c auszu\u00fcben. So hie\u00df es gleich oben auf der Seite: \u201eWo arbeiten diese Idioten?\u201c Weiter unten gibt es Felder, um angeblich direkt den Chef eines bestimmten Rechtsextremen zu kontaktieren. Zugleich gibt es f\u00fcr s\u00e4chsische Unternehmer das Angebot, ihre Werbeanzeigen auf der Seite zu platzieren. Gesucht w\u00fcrden die \u201eFahnenfl\u00fcchtigen von Chemnitz\u201c.<\/p>\n<p><strong>\u201ees ist Zeit f\u00fcr eine Entnazifizierung\u201c<\/strong><\/p>\n<p>Die \u201eK\u00fcnstler\u201c ver\u00f6ffentlichten neben den Fotos und dem Beruf der, wie sie sie nennen, \u201eVerd\u00e4chtigen\u201c, auch pers\u00f6nliche Angaben: Hobbys, Ern\u00e4hrungsgewohnheiten, Lieblingsverein und vieles mehr. Dazu hat man die Fotografierten offenbar bis ins Privateste ausspioniert. Die Vorw\u00fcrfe reichten von Mitgliedschaft in der AfD \u00fcber das Teilen kritischer Beitr\u00e4ge \u00fcber Angela Merkel bis hin zu knallhartem Rechtsextremismus. Wie rechts jemand in den Augen des Zentrums ist, wurde einem anhand eines entsprechend ausschwenkenden Gesinnungs-Barometers angezeigt.<\/p>\n<p>In der Konsequenz machte dies aber keinen Unterschied f\u00fcr die Betroffenen. Denn der Pauschalvorwurf gegen alle aufgef\u00fchrten Personen hie\u00df: \u201eVerdacht auf unerlaubte Entfernung von der Demokratie.\u201c Die Gemeldeten k\u00f6nnen selbst ihre Daten entfernen lassen, solange sie sich in einer Erkl\u00e4rung zur freiheitlich demokratischen Grundordnung und gegen die AfD bekennen. Gefragt, warum gerade sie sich berufen f\u00fchlten, Staatsschutz zu spielen, antworteten die Initiatoren auf der Pressekonferenz: \u201eWeil es sonst keiner macht.\u201c Nebenbei: der DDR-Geborene Ruch nutzt mit der Wendung \u201eunerlaubte Entfernung\u201c (U.E.) eine aus der Disziplinarsprache der DDR-Volksarmee. Finanziert w\u00fcrden alle Aktionen des ZPS ausschlie\u00dflich aus Spenden, so auch diese.<\/p>\n<p style=\"text-align: center;\">\n<div id=\"attachment_3779\" style=\"width: 530px\" class=\"wp-caption aligncenter\"><a href=\"https:\/\/www.dr-thomas-hartung.de\/wp-content\/uploads\/2019\/02\/Mietlokal-der-Soko-Chemnitz.jpg\"><img aria-describedby=\"caption-attachment-3779\" decoding=\"async\" loading=\"lazy\" class=\"size-full wp-image-3779 \" title=\"Mietlokal der Soko-Chemnitz. Quelle: https:\/\/pics.freiepresse.de\/DYNIMG\/42\/93\/6594293_M650x433.jpg\" src=\"https:\/\/www.dr-thomas-hartung.de\/wp-content\/uploads\/2019\/02\/Mietlokal-der-Soko-Chemnitz.jpg\" alt=\"Mietlokal der Soko-Chemnitz. Quelle: https:\/\/pics.freiepresse.de\/DYNIMG\/42\/93\/6594293_M650x433.jpg\" width=\"520\" height=\"346\" srcset=\"https:\/\/www.dr-thomas-hartung.de\/wp-content\/uploads\/2019\/02\/Mietlokal-der-Soko-Chemnitz.jpg 650w, https:\/\/www.dr-thomas-hartung.de\/wp-content\/uploads\/2019\/02\/Mietlokal-der-Soko-Chemnitz-300x199.jpg 300w\" sizes=\"(max-width: 520px) 100vw, 520px\" \/><\/a><p id=\"caption-attachment-3779\" class=\"wp-caption-text\">Mietlokal der Soko-Chemnitz. Quelle: https:\/\/pics.freiepresse.de\/DYNIMG\/42\/93\/6594293_M650x433.jpg<\/p><\/div>\n<p>Die als solche deklarierte \u201eSatire\u201c best\u00e4tigt genau die Logik der Ausgrenzung und Einsch\u00fcchterung, gegen die sie sich angeblich richtet: Statt Andersdenkende politisch zu stellen, werden sie pathologisiert, statt Demokratie als st\u00e4ndigen Konflikt zu begreifen, wird sie als Sektengesinnung inszeniert. Diese Inszenierung lebt von der Fiktion eines Ausnahmezustands, in dem Philipp Ruch und die Seinen vorgeblich gezwungen sind, die Aufgaben von Verfassungsschutz, Polizei, Justiz und Presse zugleich zu \u00fcbernehmen, regt sich Jens Bisky in der <em>S\u00fcddeutschen<\/em> auf: \u201eSie ma\u00dfen sich in dieser Aktion die Rolle eines Souver\u00e4ns an, der im Besitz der Wahrheit agiert.\u201c<\/p>\n<p>Das ZPS spricht von: \u201eVolksverr\u00e4tern\u201c, \u201erechten Deutschlandhassern\u201c oder \u201eDr\u00fcckebergern\u201c und setzt diese in Gegensatz zu den \u201eNormalen\u201c. Diese Sprache h\u00e4tte man in den Achtzigerjahren \u201efaschistoid\u201c genannt. Als Kunstsanktion taugt die Pranger-Denunziations-Inszenierung politisch folgenreich dazu, sich demokratiefreundliche Eigenschaften abzutrainieren, von der Gespr\u00e4chsf\u00e4higkeit \u00fcber die Kompromissbereitschaft bis hin zur Lust an der Differenzierung, \u00e4rgert sich Bisky. Mit Verweis auf die Nachkriegsjahre sprach Philipp Ruch von einer \u201eEntnazifizierung\u201c, die es nun wieder durchzuf\u00fchren gelte. Seine Hauptstrategie ist: soziale \u00c4chtung und Ausschluss der Verd\u00e4chtigen. Dabei gewinnt die Omnipotenzfantasie des\u00a0K\u00fcnstlerkollektivs.<\/p>\n<p>Stefan Pelzer, \u201eEskalationsbeauftragter\u201c des ZPS, machte zwar deutlich, dass sich die Gruppe vor dem Start des Portals rechtlich hat beraten lassen, besonders was Bild- und Pers\u00f6nlichkeitsrechte anbelangt. Juristisch heikel d\u00fcrfte die Anschw\u00e4rzungsfunktion dennoch sein, mit der Mitarbeiter bei ihrem Arbeitgeber gemeldet werden sollen. Die Berliner Beauftragte f\u00fcr Datenschutz, Maja Smoltczyk, wird sich mit der Kunstaktion besch\u00e4ftigen: Die Berliner Beh\u00f6rden seien zust\u00e4ndig, da die K\u00fcnstlergruppe auf der Internetseite einen Ansprechpartner in Berlin nenne. Voraussichtlich Mitte\/Ende Januar werde dann die Datenschutzbeauftragte eine Einsch\u00e4tzung zum konkreten Fall abgeben.<\/p>\n<p><strong>\u201eKunst ist frei, hat aber Verantwortung\u201c<\/strong><\/p>\n<p>ZPS-Gr\u00fcnder Philipp Ruch erkl\u00e4rt in Floskeln der Politikersprache, das Portal sei ein Beitrag, um an einem anderen Bild von Chemnitz zu arbeiten, \u201evon einem Chemnitz, das weltoffen ist, das interkulturell ist\u201c. Dann betont Ruch: \u201eWir denken, es ist Zeit f\u00fcr eine Entnazifizierung.\u201c Dies sei \u201eein gesamtgesellschaftlicher Prozess\u201c, in den jetzt mit dem Online-Portal alle eintreten k\u00f6nnten. \u201eEs ist ein Angebot an die Bev\u00f6lkerung, sich intensiv mit Intensivt\u00e4tern auseinanderzusetzen.\u201c Und f\u00e4hrt fort: \u201eEine Schl\u00fcsselrolle kommt der Wirtschaft bei der Entnazifizierung zu. Wir m\u00fcssen sie in die Lage versetzen, zu handeln.\u201c Es gehe darum, ein Gegenbild zu zeichnen, \u201ef\u00fcr die Wirtschaft der Region ist das existenziell\u201c. Das Portal sei ein Angebot an die Wirtschaft, rechtsextreme Gewaltt\u00e4ter im eigenen Unternehmen \u201ezu erkennen und m\u00f6glicherweise dagegen vorzugehen\u201c.<\/p>\n<p style=\"text-align: center;\">\n<div id=\"attachment_3780\" style=\"width: 518px\" class=\"wp-caption aligncenter\"><a href=\"https:\/\/www.dr-thomas-hartung.de\/wp-content\/uploads\/2019\/02\/PK-des-Zentrums.jpg\"><img aria-describedby=\"caption-attachment-3780\" decoding=\"async\" loading=\"lazy\" class=\"size-full wp-image-3780 \" title=\"PK des &quot;Zentrums&quot;. Quelle: https:\/\/www.deutschlandfunkkultur.de\/media\/thumbs\/6\/6a03155d47783ee0cf751d17924fa87av1_max_635x357_b3535db83dc50e27c1bb1392364c95a2.jpg?key=b715f0\" src=\"https:\/\/www.dr-thomas-hartung.de\/wp-content\/uploads\/2019\/02\/PK-des-Zentrums.jpg\" alt=\"PK des &quot;Zentrums&quot;. Quelle: https:\/\/www.deutschlandfunkkultur.de\/media\/thumbs\/6\/6a03155d47783ee0cf751d17924fa87av1_max_635x357_b3535db83dc50e27c1bb1392364c95a2.jpg?key=b715f0\" width=\"508\" height=\"286\" srcset=\"https:\/\/www.dr-thomas-hartung.de\/wp-content\/uploads\/2019\/02\/PK-des-Zentrums.jpg 635w, https:\/\/www.dr-thomas-hartung.de\/wp-content\/uploads\/2019\/02\/PK-des-Zentrums-300x168.jpg 300w\" sizes=\"(max-width: 508px) 100vw, 508px\" \/><\/a><p id=\"caption-attachment-3780\" class=\"wp-caption-text\">PK des &quot;Zentrums&quot;. Quelle: https:\/\/www.deutschlandfunkkultur.de\/media\/thumbs\/6\/6a03155d47783ee0cf751d17924fa87av1_max_635x357_b3535db83dc50e27c1bb1392364c95a2.jpg?key=b715f0<\/p><\/div>\n<p>Zudem wolle das ZPS mithelfen, damit \u201emarodierende Nazis\u201c nicht jenes Ereignis seien, welches \u00fcber Jahre im kollektiven Ged\u00e4chtnis mit dem Namen Chemnitz verbunden bleibe. Das Signal an rechtsextreme Demonstranten sei: \u201eWir haben Euch gesehen, und es war kein Ausrutscher. Es ist uns nicht egal, was ihr mit unserer Stadt und unserem Land macht. Wir lassen uns das nicht gefallen.\u201c Wohlbemerkt: Ruch ist Berliner. Aber er freute sich, bislang drei \u201eBelohnungen\u201c ausbezahlt zu haben. \u201e\u00dcbrigens: Die Tippgeber stammten nicht gerade aus der linken Szene. Und: Die Tipps waren derart relevant, dass wir sie den Strafverfolgungsbeh\u00f6rden weiterleiten werden\u201c, erkl\u00e4rte er auf <em>bazonline<\/em>.<\/p>\n<p>\u201eChristoph Schlingensief f\u00fcr geistig Arme\u201c, kontert Boris T. Kaiser in der <em>Jungen Freiheit<\/em>. \u201eWor\u00fcber muss man sich als Akteur eigentlich klar sein, um eine Denunziation von einer Anzeige unterscheiden zu k\u00f6nnen? Es ist ja wirklich allein der politische Geist, in dessen Hand die Videos der einmal installierten \u00dcberwachungstechnologie sind, der bestimmt, wer \u201aGef\u00e4hrder\u2018 ist\u201c, z\u00fcrnt Tim Hofmann in der <em>Freien Presse<\/em> Chemnitz(!). \u201eSoko-Chemnitz.de\u201c sei so derb unangenehm, dass man trotz einiger unwillig satirischer Farbspritzer schon geh\u00f6rige Wut br\u00e4uchte, um sie gebr\u00e4uchlich zu finden: \u201eWas macht diese Wut nun mit einem? Kann man das Falsche tun, um das Richtige zu erreichen?\u201c, fragt er und kritisiert einen protofaschistischen Grundansatz mit Begriffen wie \u201eGesinnungskranken\u201c. Ein \u201etotalit\u00e4res Vokabular der Selbstbehauptung\u201c, erkennt Kolja Reichert in der <em>FAZ<\/em>.<\/p>\n<p>Der Gesch\u00e4ftsf\u00fchrer des Deutschen Kulturrates, Olaf Zimmermann, sprach von einer problematischen Kunstaktion, die nicht zur Aufkl\u00e4rung beitrage, sondern nur der Spaltung der Gesellschaft weiter Vorschub leiste. \u201eEs spielt keine Rolle, ob der Pranger real oder Fake ist und schon gar nicht rechtfertigt das Ziel dieses Mittel\u201c, erkl\u00e4rte Zimmermann und warnte: \u201eWie wird unsere Gesellschaft in f\u00fcnf Jahren aussehen, wenn solche Pranger-Aktionen im Netz weiter Schule machen? Kunst ist frei, hat aber Verantwortung.\u201c Auch der s\u00e4chsische Innenminister Roland W\u00f6ller (CDU) warf dem ZPS vor, mit der Aktion den gesellschaftlichen Zusammenhalt zu gef\u00e4hrden.<\/p>\n<p><strong>\u201eschnelle politische Triebabfuhr\u201c<\/strong><\/p>\n<p>\u201eIst man nicht schlicht versucht, ein gravierendes Gesellschaftsproblem mit einem m\u00fchelos schmerzfreien Mausklick l\u00f6sen zu wollen? Was will man denn erreichen: Offenheit? Oder schnelle politische Triebabfuhr?\u201c fragt Hofmann in seinem sehr lesenswerten Kommentar weiter. \u201e\u2018Soko Chemnitz\u2018 illustriert eindringlich die aktuelle Hilflosigkeit im gesellschaftlichen Gegeneinander &#8211; und die Notwendigkeit, Phrasen gegen echte Argumente zu tauschen.\u201c Der aus Israel stammende Firmenchef der Cabka Group GmbH, Gat Ramon, erwartet in einem Offenen Brief, dass diese Art der Hetze und Denunziation unterbleibe. \u201eEine \u00f6ffentliche Denunziation ist f\u00fcr mich pers\u00f6nlich und auch f\u00fcr unser Unternehmen nicht die geeignete Antwort.\u201c Einer seiner Mitarbeiter war auf einem Foto gezeigt und namentlich genannt worden. Auf seiner Facebook-Seite war ein Banner zu sehen, auf dem in altdeutscher Schrift stand: \u201eWeniger Lohn! Weniger Rente! Mehr Fl\u00fcchtlinge! Heil Merkel!\u201c<\/p>\n<p>Der schreckliche Zufall wollte es, dass am Tag von Ruchs ruchlosem Kampagnenstart der Tod eines 17-j\u00e4hrigen M\u00e4dchens in einem Bonner Fl\u00fcchtlingsheim bekannt wurde. Die Meldungen \u00fcber beide Ereignisse seien leider charakteristisch f\u00fcr den Zustand geistiger Verwahrlosung, den wir in Deutschland haben, klagt Vera Lengsfeld auf ihrem Blog. W\u00e4hrend der Tod des M\u00e4dchens in vielen Medien nur eine Randnotiz war, wurde Ruchs Aktion als eine von \u201eK\u00fcnstlern gegen rechts\u201c bejubelt, \u00fcber deren kleine Sch\u00f6nheitsfehler man um der guten Sache willen hinwegsehen m\u00fcsse.<\/p>\n<p style=\"text-align: center;\">\n<div id=\"attachment_3781\" style=\"width: 563px\" class=\"wp-caption aligncenter\"><a href=\"https:\/\/www.dr-thomas-hartung.de\/wp-content\/uploads\/2019\/02\/Anlass-der-Kunstaktion-Chemnitzer-Demo.jpg\"><img aria-describedby=\"caption-attachment-3781\" decoding=\"async\" loading=\"lazy\" class=\"size-full wp-image-3781 \" title=\"Anlass der &quot;Kunstaktion&quot;: Chemnitzer Demo. Quelle: https:\/\/cdni.rt.com\/deutsch\/images\/2018.12\/article\/5c08eb504c96bb95608b4568.JPG\" src=\"https:\/\/www.dr-thomas-hartung.de\/wp-content\/uploads\/2019\/02\/Anlass-der-Kunstaktion-Chemnitzer-Demo.jpg\" alt=\"Anlass der &quot;Kunstaktion&quot;: Chemnitzer Demo. Quelle: https:\/\/cdni.rt.com\/deutsch\/images\/2018.12\/article\/5c08eb504c96bb95608b4568.JPG\" width=\"553\" height=\"311\" srcset=\"https:\/\/www.dr-thomas-hartung.de\/wp-content\/uploads\/2019\/02\/Anlass-der-Kunstaktion-Chemnitzer-Demo.jpg 790w, https:\/\/www.dr-thomas-hartung.de\/wp-content\/uploads\/2019\/02\/Anlass-der-Kunstaktion-Chemnitzer-Demo-300x168.jpg 300w\" sizes=\"(max-width: 553px) 100vw, 553px\" \/><\/a><p id=\"caption-attachment-3781\" class=\"wp-caption-text\">Anlass der &quot;Kunstaktion&quot;: Chemnitzer Demo. Quelle: https:\/\/cdni.rt.com\/deutsch\/images\/2018.12\/article\/5c08eb504c96bb95608b4568.JPG<\/p><\/div>\n<p>Genau diesen Jubel praktizierte leider auch der <em>SPIEGEL<\/em>, das \u201eSturmgesch\u00fctz der herrschenden politisch korrekten, toleranten, vielf\u00e4ltigen Borniertheit\u201c, so Lengsfeld. \u201eAktivisten wollen \u00fcber eine Onlineplattform Rechtsextreme identifizieren. Die Macher halten das nicht f\u00fcr Denunziantentum. Sondern f\u00fcr Kunst. Richtig so.\u201c, hei\u00dft es da. Das war das Motto der fatalen Gro\u00dfv\u00e4ter: \u201ePardon wird nicht gegeben\u201c. Ihr Geist ist zur\u00fcck und zerst\u00f6rt die Grundlagen unserer demokratischen Gesellschaft, indem Recht, Gesetz und Verfassung unter ideologischen Vorbehalt gestellt werden\u201c, klagt Lengsfeld. Zum Vergleich: Als<em> BILD<\/em> nach mutma\u00dflichen G20-Randalierern suchen lie\u00df, \u201eobwohl die Beh\u00f6rden nach denen gar nicht fahnden\u201c, textete das Blatt: \u201eDa hat jemand den Rechtsstaat nicht verstanden\u201c. Die Grenzen zwischen Aktivismus und Vandalismus sind inzwischen ins Irreale, ja Surreale gekippt.<\/p>\n<p>Das ZPS sorgte bereits in der Vergangenheit mit provokanten Aktionen f\u00fcr Aufmerksamkeit, zuletzt vor rund einem Jahr mit einem Nachbau des Holocaust-Mahnmals vor dem Haus von Th\u00fcringens AfD-Landeschef Bj\u00f6rn H\u00f6cke. Hintergrund war dessen Rede, in der er Anfang 2017 das Holocaust-Mahnmal als \u201eDenkmal der Schande\u201c bezeichnet und eine \u201eerinnerungspolitische Wende um 180 Grad\u201c gefordert hatte. Nachdem H\u00f6cke vor dem K\u00f6lner Landgericht mit einer Klage auf Verletzung der Privatsph\u00e4re gescheitert war, stellte zuletzt auch die Staatsanwaltschaft M\u00fchlhausen ihre Ermittlungen wegen Verdachts auf gemeinschaftliche N\u00f6tigung ein. Es blieb der Beigeschmack der Feme, der in der neuesten Aktion des Zentrums potenziert wurde. Einen \u201eAnschlag von Gesinnungsterroristen auf unser Grundgesetz\u201c nannte das ein Kommentator. Das ist leider richtig. Richtig schlimm.<\/p>\n<p><iframe src=\"http:\/\/www.facebook.com\/plugins\/like.php?href=http%3A%2F%2Fwww.dr-thomas-hartung.de%2F%3Fp%3D3776&amp;send=true&amp;layout=standard&amp;width=450&amp;show_faces=true&amp;action=like&amp;colorscheme=light&amp;font&amp;height=80\"scrolling=\"no\" frameborder=\"0\" style=\"border:none; overflow:hidden; width:450px; height:80px;\" allowTransparency=\"true\"><\/iframe><\/p>\n","protected":false},"excerpt":{"rendered":"<p>Als Kunst deklariert eine Aktivistengruppe ein in Chemnitz angesiedeltes Denunziationsportal. B\u00fcrger sind geschockt, Politik und Justiz ver\u00e4rgert, manche Medien am\u00fcsiert. Deutschland fliegt auseinander.<\/p>\n","protected":false},"author":1,"featured_media":0,"comment_status":"open","ping_status":"open","sticky":false,"template":"","format":"standard","meta":[],"categories":[4,7],"tags":[],"_links":{"self":[{"href":"https:\/\/www.dr-thomas-hartung.de\/index.php?rest_route=\/wp\/v2\/posts\/3776"}],"collection":[{"href":"https:\/\/www.dr-thomas-hartung.de\/index.php?rest_route=\/wp\/v2\/posts"}],"about":[{"href":"https:\/\/www.dr-thomas-hartung.de\/index.php?rest_route=\/wp\/v2\/types\/post"}],"author":[{"embeddable":true,"href":"https:\/\/www.dr-thomas-hartung.de\/index.php?rest_route=\/wp\/v2\/users\/1"}],"replies":[{"embeddable":true,"href":"https:\/\/www.dr-thomas-hartung.de\/index.php?rest_route=%2Fwp%2Fv2%2Fcomments&post=3776"}],"version-history":[{"count":2,"href":"https:\/\/www.dr-thomas-hartung.de\/index.php?rest_route=\/wp\/v2\/posts\/3776\/revisions"}],"predecessor-version":[{"id":3783,"href":"https:\/\/www.dr-thomas-hartung.de\/index.php?rest_route=\/wp\/v2\/posts\/3776\/revisions\/3783"}],"wp:attachment":[{"href":"https:\/\/www.dr-thomas-hartung.de\/index.php?rest_route=%2Fwp%2Fv2%2Fmedia&parent=3776"}],"wp:term":[{"taxonomy":"category","embeddable":true,"href":"https:\/\/www.dr-thomas-hartung.de\/index.php?rest_route=%2Fwp%2Fv2%2Fcategories&post=3776"},{"taxonomy":"post_tag","embeddable":true,"href":"https:\/\/www.dr-thomas-hartung.de\/index.php?rest_route=%2Fwp%2Fv2%2Ftags&post=3776"}],"curies":[{"name":"wp","href":"https:\/\/api.w.org\/{rel}","templated":true}]}}