{"id":4139,"date":"2019-06-03T16:47:10","date_gmt":"2019-06-03T15:47:10","guid":{"rendered":"http:\/\/www.dr-thomas-hartung.de\/?p=4139"},"modified":"2019-06-03T16:47:11","modified_gmt":"2019-06-03T15:47:11","slug":"der-fall-axel-krause","status":"publish","type":"post","link":"https:\/\/www.dr-thomas-hartung.de\/?p=4139","title":{"rendered":"Der Fall Axel Krause"},"content":{"rendered":"\n<p>Aus meinem Text f\u00fcr den Tumult-Blog. Vollst\u00e4ndig ist er <a href=\"https:\/\/www.tumult-magazine.net\/blog\/thomas-hartung-der-fall-axel-krause\" target=\"_blank\" rel=\"noreferrer noopener\" aria-label=\"hier (\u00f6ffnet in neuem Tab)\">hier<\/a> nachzulesen.<\/p>\n\n\n\n<p>&#8230; Letztlich wurde der Druck so stark, dass der Verein, leider auf unkluge Weise, kapitulierte. Am 31. Mai schloss der Vorstand erst Krause von der Teilnahme aus, weil seine \u00f6ffentlichen \u00c4u\u00dferungen \u201eden ethischen Grunds\u00e4tzen unseres Vereins\u201c widerspr\u00e4chen: \u201eWir k\u00f6nnen an dieser Stelle nicht mehr die Kunst vom K\u00fcnstler trennen. Die Ereignisse der letzten Tage haben uns die politischen Dimensionen der Auswahl der Bilder Axel Krauses vor Augen gef\u00fchrt.\u201c <\/p>\n\n\n\n<p>Zugleich trat der Vorstand zur\u00fcck und sagte am 1. Juni die 26. Leipziger Jahresausstellung vollst\u00e4ndig ab, die vor dem Ersten Weltkrieg urspr\u00fcnglich von Max Klinger und anderen Leipziger K\u00fcnstlern gegr\u00fcndet und 1992 wiederbelebt worden war. Die Begr\u00fcndung daf\u00fcr: <em>\u201eDie Ereignisse der letzten Tage haben zu dieser Entscheidung gef\u00fchrt. Der komplett ehrenamtlich arbeitende Verein sieht sich nicht in der Lage, einen Veranstaltungsablauf wie in den vergangenen 25 Jahren zu gew\u00e4hrleisten. Zudem ist Vereinsmitgliedern, ausstellenden K\u00fcnstlern, F\u00f6rderern und Besuchern die insbesondere in den letzten beiden Tagen stark politisierte und aufgeheizte Situation nicht zuzumuten\u201c, hei\u00dft es in einer Pressemitteilung. \u201ePolitische Neutralit\u00e4t erweist sich in diesen Zeiten als unm\u00f6glich.\u201c<\/em><\/p>\n\n\n\n<p>Schade und sein Vorstand haben damit einen Kotau vor dem jakobinischen Kunstw\u00e4chterrat der Messestadt vollzogen. Wer Axel Krause ausschlie\u00dft, dann aus Feigheit vor den Konsequenzen dieses Ausschlusses zur\u00fccktritt und die Ausstellung absagt, besch\u00e4digt das Ansehen der Jahresausstellung, der Stadt Leipzig, der Kunstszene Sachsens und nicht zuletzt der Demokratie. Das ist unw\u00fcrdig und best\u00e4tigt einmal mehr nicht allein die AfD, sondern alle, die vor linken Einschr\u00e4nkungen der Kunst- und Wissenschaftsfreiheit warnen. Krause selbst hatte bereits 2018 gegen\u00fcber <em>anbruch<\/em> zu bedenken gegeben, dass der K\u00fcnstler unfreier werde.<\/p>\n\n\n\n<p><strong>\u201eVolle Solidarit\u00e4t!\u201c<\/strong><\/p>\n\n\n\n<p>Mit diesem Vorgang setzt sich eine missliche Reihe fort, die nicht erst mit der Tilgung des Gomringer-Gedichts \u201e<em>avenidas<\/em>\u201c von der Fassade der Alice-Salomon-Hochschule in Berlin begann und in die aktuell auch die parallele Besetzung der Bibliothek der <em>Dresdner Hochschule f\u00fcr Bildende K\u00fcnste HfbK<\/em> f\u00e4llt, deren Leiterin Barbara Lenk f\u00fcr die AfD Mei\u00dfen zum Kreistag kandidierte. Wenn gesinnungseifrige Kunststudenten fordern, dass Lenk umgehend ihre Arbeitsstelle an der <em>HfBK <\/em>oder ihre Aktivit\u00e4ten im Zusammenhang mit der AfD aufzugeben habe, dann finden auch in diesem Fall Methoden Anwendung, die man seit 70, sp\u00e4testens aber seit 30 Jahren f\u00fcr historisch ausrangiert gehalten h\u00e4tte. Dass hier eine ihrerseits Parteilose betroffen ist, die bisher noch nicht einmal gew\u00e4hlt wurde, macht den Vorgang umso unbegreiflicher. <\/p>\n\n\n\n<figure class=\"wp-block-image\"><img decoding=\"async\" src=\"https:\/\/static.wixstatic.com\/media\/7edb56_028b6ffb4a0b4d51aaa6e32a281214a6~mv2.png\/v1\/fill\/w_888,h_514,al_c,q_90,usm_0.66_1.00_0.01\/7edb56_028b6ffb4a0b4d51aaa6e32a281214a6~mv2.webp\" alt=\"\"\/><figcaption>Quelle: Tumult-Blog<\/figcaption><\/figure>\n\n\n\n<p>Die SPD \u00e4nderte f\u00fcr das inzwischen parteilose Ex-CDU-Mitglied Frank Richter sogar die Parteisatzung, um ihn auf einen aussichtsreichen Landtags-Listenplatz zu hieven \u2013 diese Partei denkt \u00fcber Enteignungen nach und hat kein Problem mit Antifa-Kooperationen. Andererseits wird das politische Engagement einer unbescholtenen B\u00fcrgerin f\u00fcr eine demokratische Partei, die in der W\u00e4hlergunst inzwischen an der SPD mit Schwung vorbeigezogen ist, zu einer existenzbedrohenden Angelegenheit. Dass sich Rektor, Kanzler und Bibliothekskommissarin hinter Lenk stellten, tr\u00f6stet dabei wenig. All diese Vorg\u00e4nge lassen deutlich werden, wie sehr linksgr\u00fcne Umerziehung und neosozialistisches Moraldiktat in diesem Land inzwischen die Freiheit der Kunst, der Kultur und auch der Wissenschaft beeintr\u00e4chtigen. &#8230;<\/p>\n\n\n\n<iframe src=\"http:\/\/www.facebook.com\/plugins\/like.php?href=http%3A%2F%2Fwww.dr-thomas-hartung.de%2F%3Fp%3D4139&amp;send=true&amp;layout=standard&amp;width=450&amp;show_faces=true&amp;action=like&amp;colorscheme=light&amp;font&amp;height=80\"scrolling=\"no\" frameborder=\"0\" style=\"border:none; overflow:hidden; width:450px; height:80px;\" allowTransparency=\"true\"><\/iframe>\n","protected":false},"excerpt":{"rendered":"<p>Wegen eines \u201eAfD-nahen\u201c Malers wird eine Ausstellung abgesagt. Wegen einer \u201eAfD-nahen\u201c Biblio-thekarin besetzen Studenten eine Kunsthochschule. Linksfaschismus ruiniert gerade Sachsens Kultur.<\/p>\n","protected":false},"author":1,"featured_media":0,"comment_status":"open","ping_status":"open","sticky":false,"template":"","format":"standard","meta":[],"categories":[6,4],"tags":[],"_links":{"self":[{"href":"https:\/\/www.dr-thomas-hartung.de\/index.php?rest_route=\/wp\/v2\/posts\/4139"}],"collection":[{"href":"https:\/\/www.dr-thomas-hartung.de\/index.php?rest_route=\/wp\/v2\/posts"}],"about":[{"href":"https:\/\/www.dr-thomas-hartung.de\/index.php?rest_route=\/wp\/v2\/types\/post"}],"author":[{"embeddable":true,"href":"https:\/\/www.dr-thomas-hartung.de\/index.php?rest_route=\/wp\/v2\/users\/1"}],"replies":[{"embeddable":true,"href":"https:\/\/www.dr-thomas-hartung.de\/index.php?rest_route=%2Fwp%2Fv2%2Fcomments&post=4139"}],"version-history":[{"count":2,"href":"https:\/\/www.dr-thomas-hartung.de\/index.php?rest_route=\/wp\/v2\/posts\/4139\/revisions"}],"predecessor-version":[{"id":4141,"href":"https:\/\/www.dr-thomas-hartung.de\/index.php?rest_route=\/wp\/v2\/posts\/4139\/revisions\/4141"}],"wp:attachment":[{"href":"https:\/\/www.dr-thomas-hartung.de\/index.php?rest_route=%2Fwp%2Fv2%2Fmedia&parent=4139"}],"wp:term":[{"taxonomy":"category","embeddable":true,"href":"https:\/\/www.dr-thomas-hartung.de\/index.php?rest_route=%2Fwp%2Fv2%2Fcategories&post=4139"},{"taxonomy":"post_tag","embeddable":true,"href":"https:\/\/www.dr-thomas-hartung.de\/index.php?rest_route=%2Fwp%2Fv2%2Ftags&post=4139"}],"curies":[{"name":"wp","href":"https:\/\/api.w.org\/{rel}","templated":true}]}}