{"id":4296,"date":"2019-09-05T07:06:46","date_gmt":"2019-09-05T06:06:46","guid":{"rendered":"http:\/\/www.dr-thomas-hartung.de\/?p=4296"},"modified":"2019-09-05T07:06:48","modified_gmt":"2019-09-05T06:06:48","slug":"versprecher-fuer-den-wir-uns-entschuldigen","status":"publish","type":"post","link":"https:\/\/www.dr-thomas-hartung.de\/?p=4296","title":{"rendered":"\u201eVersprecher, f\u00fcr den wir uns entschuldigen\u201c"},"content":{"rendered":"<p>Der einzige, der diese Narrative in Frage stellte, war Jasper von Altenbockum in der FAZ. \u201eWeit und breit ist niemand, weder in der Union noch in der SPD, der es wagte, sich \u201arechts\u2018 zu nennen, oder akzeptierte, als solcher wahrgenommen zu werden\u201c, kommentierte er. \u201eEr m\u00fcsste n\u00e4mlich zugeben, weite Teile der AfD-Wahlprogramme unterschreiben zu k\u00f6nnen, ohne rechtsradikale Hetze mitmachen oder auch nur dulden zu wollen. Dennoch tr\u00e4fe ihn das Verdikt, ein \u201aNazi\u2018 oder ein \u201aRassist\u2018 zu sein.\u201c Wenn das kein Eingest\u00e4ndnis von Gesinnungskorridoren ist \u2013 was dann?<\/p>\n<p>Es kann also nur darum gehen, entweder die Narrative zu durchbrechen (das werden die Medien nicht tun) oder aber einen Weg der Vernunft zu beschreiten. Und hier pirschen sich wenige nach der Wahl vor.<\/p>\n<p>Meine Anmerkungen zur Causa Binder sind <a href=\"https:\/\/www.tumult-magazine.net\/post\/thomas-hartung-ein-versprecher-f%C3%BCr-den-wir-uns-entschuldigen?fbclid=IwAR21tGTKWJDejzOU27raSCF89T9nDbU0iGAhn8owc7eBGvA0DVnnxvOXVlE\">hier<\/a> nachzulesen.<\/p>\n","protected":false},"excerpt":{"rendered":"<p>CDU und AfD als stabile b\u00fcrgerliche Zweierkoalition? F\u00fcr diese Frage am Wahlabend wird einer MDR-Moderatorin AfD-N\u00e4he, der Partei selbst Rassismus und v\u00f6lkisches Denken unterstellt.<\/p>\n","protected":false},"author":1,"featured_media":0,"comment_status":"open","ping_status":"open","sticky":false,"template":"","format":"standard","meta":[],"categories":[4,7],"tags":[],"_links":{"self":[{"href":"https:\/\/www.dr-thomas-hartung.de\/index.php?rest_route=\/wp\/v2\/posts\/4296"}],"collection":[{"href":"https:\/\/www.dr-thomas-hartung.de\/index.php?rest_route=\/wp\/v2\/posts"}],"about":[{"href":"https:\/\/www.dr-thomas-hartung.de\/index.php?rest_route=\/wp\/v2\/types\/post"}],"author":[{"embeddable":true,"href":"https:\/\/www.dr-thomas-hartung.de\/index.php?rest_route=\/wp\/v2\/users\/1"}],"replies":[{"embeddable":true,"href":"https:\/\/www.dr-thomas-hartung.de\/index.php?rest_route=%2Fwp%2Fv2%2Fcomments&post=4296"}],"version-history":[{"count":3,"href":"https:\/\/www.dr-thomas-hartung.de\/index.php?rest_route=\/wp\/v2\/posts\/4296\/revisions"}],"predecessor-version":[{"id":4300,"href":"https:\/\/www.dr-thomas-hartung.de\/index.php?rest_route=\/wp\/v2\/posts\/4296\/revisions\/4300"}],"wp:attachment":[{"href":"https:\/\/www.dr-thomas-hartung.de\/index.php?rest_route=%2Fwp%2Fv2%2Fmedia&parent=4296"}],"wp:term":[{"taxonomy":"category","embeddable":true,"href":"https:\/\/www.dr-thomas-hartung.de\/index.php?rest_route=%2Fwp%2Fv2%2Fcategories&post=4296"},{"taxonomy":"post_tag","embeddable":true,"href":"https:\/\/www.dr-thomas-hartung.de\/index.php?rest_route=%2Fwp%2Fv2%2Ftags&post=4296"}],"curies":[{"name":"wp","href":"https:\/\/api.w.org\/{rel}","templated":true}]}}