{"id":488,"date":"2011-03-22T13:18:29","date_gmt":"2011-03-22T12:18:29","guid":{"rendered":"http:\/\/www.dr-thomas-hartung.de\/?p=488"},"modified":"2011-03-31T22:44:10","modified_gmt":"2011-03-31T21:44:10","slug":"zahlungsmoral-exzellent","status":"publish","type":"post","link":"https:\/\/www.dr-thomas-hartung.de\/?p=488","title":{"rendered":"Zahlungsmoral: exzellent!"},"content":{"rendered":"<p>Schon 2007 beklagte der <a href=\"http:\/\/www.bds-dgv.de\/\" target=\"_blank\">Bundesverband<\/a> der Selbstst\u00e4ndigen den stetigen Verfall der Zahlungsmoral. Inzwischen muss auch ich immer \u00f6fter meinen Honoraren hinterherlaufen, parallel dazu werden Schuldner in ihrem Verhalten immer dreister. Da werden Zahlungsziele (die in Deutschland \u00fcblichen 2 Wochen sind schon zunehmend auf 4 Wochen gedehnt) offenbar nur darum vertraglich vereinbart, um sie dann zu ignorieren. Da werden f\u00fcr feste Mitarbeiter Bier- und Bratwurstevents veranstaltet, aber die Rechnungen der Freien selbst nach 8 Wochen (Zahlungsziel PLUS \u00dcberschreitung) nicht bezahlt. Da werden ebenso inhaltslose wie feige Entschuldigungsmails geschrieben, wenn man ein pers\u00f6nliches Gespr\u00e4ch oder mindestens ein Telefonat erwartet, in dem gemeinsam Alternativen wie Ratenzahlung, Stundung usw. besprochen werden k\u00f6nnten. Und da wird sogar bestritten, dass man sich als Schuldner mit den einbehaltenen Honoraren einen stillen <a href=\"http:\/\/www.wirtschaftslexikon24.net\/d\/zahlungsverzug\/zahlungsverzug.htm\" target=\"_blank\">Kredit<\/a> verschafft, und also berechtigte Zinsnachforderungen unbeachtet gelassen. Der Gang zum Anwalt als letztes Mittel, das ich auch schon nutzen musste, ist zwar kurzfristig hilfreich, um das selbstverst\u00e4ndliche Honorar einzutreiben, aber langfristig sch\u00e4dlich, da solch unbequemen Dozenten nat\u00fcrlich keine Lehrauftr\u00e4ge mehr erteilt werden.<\/p>\n<div id=\"attachment_491\" style=\"width: 464px\" class=\"wp-caption aligncenter\"><a href=\"https:\/\/www.dr-thomas-hartung.de\/wp-content\/uploads\/2011\/03\/\u00c4thik.jpg\"><img aria-describedby=\"caption-attachment-491\" decoding=\"async\" loading=\"lazy\" class=\"size-full wp-image-491\" title=\"\u00c4thik\" src=\"https:\/\/www.dr-thomas-hartung.de\/wp-content\/uploads\/2011\/03\/\u00c4thik.jpg\" alt=\"\" width=\"454\" height=\"269\" srcset=\"https:\/\/www.dr-thomas-hartung.de\/wp-content\/uploads\/2011\/03\/\u00c4thik.jpg 454w, https:\/\/www.dr-thomas-hartung.de\/wp-content\/uploads\/2011\/03\/\u00c4thik-300x177.jpg 300w\" sizes=\"(max-width: 454px) 100vw, 454px\" \/><\/a><p id=\"caption-attachment-491\" class=\"wp-caption-text\">Quelle: http:\/\/brandismission.de\/wp-content\/uploads\/2009\/01\/tagcloud-ethik.jpg<\/p><\/div>\n<p>Das allerdings waren bis ins letzte Jahr hinein vor allem privatwirtschaftliche Erfahrungen. Aktuell aber lassen sich die auch von staatlicher Seite best\u00e4tigen \u2013 obwohl die Ursachen hier andere scheinen. Ein Telefonat mit einer Mitarbeiterin der Dresdner TU ergab soeben, dass f\u00fcr die Abrechnung aller (!) Lehrauftr\u00e4ge der Universit\u00e4t nebst anderen Rechnungsdingen ganze ZWEI Mitarbeiterinnen zust\u00e4ndig sind. Dass die derart \u00dcberlasteten auch ab und zu krank werden und dann keinerlei Bearbeitung mehr erfolgt, liegt auf der Hand. Das bedeutet: aufgrund des universit\u00e4ren Abrechnungsmodus per Semester statt per Monat habe ich f\u00fcr die TU Dresden seit der ersten Oktoberwoche 2010 gearbeitet, ohne bis heute daf\u00fcr einen Cent auf dem Konto zu sehen. Wohlbemerkt: an einer Universit\u00e4t, die im Rahmen der <a href=\"http:\/\/tu-dresden.de\/exzellenz\/news\/news_article.2011-03-02.3248756960\" target=\"_blank\">Exzellenzinitiative<\/a> noch im Rennen ist.<\/p>\n<p>Nun &#8211; ob fehlende Moral oder fehlendes Personal: das Resultat ist identisch. Und l\u00e4sst des Gl\u00e4ubigers Glauben, dass in diesem Land Einsatz, Qualit\u00e4t und Zuverl\u00e4ssigkeit honoriert werden, weiter sinken. Eine Beschwerdestelle daf\u00fcr ist jedoch nirgends zu finden.<\/p>\n<p>Aber wenn, wer freiwillig und zudem p\u00fcnktlich zahlt, inzwischen eine Minderheit bildet, dann l\u00e4uft grunds\u00e4tzlich etwas falsch.<br \/>\n<iframe src=\"http:\/\/www.facebook.com\/plugins\/like.php?href=http%3A%2F%2Fwww.dr-thomas-hartung.de%2F&amp;layout=button_count&amp;show_faces=true&amp;width=450&amp;action=like&amp;font=tahoma&amp;colorscheme=light&amp;height=21\" scrolling=\"no\" frameborder=\"0\" style=\"border:none; overflow:hidden; width:450px; height:21px;\" allowTransparency=\"true\"><\/iframe><\/p>\n","protected":false},"excerpt":{"rendered":"<p>Schon 2007 beklagte der Bundesverband der Selbstst\u00e4ndigen den stetigen Verfall der Zahlungsmoral. Inzwischen muss auch ich immer \u00f6fter meinen Honoraren hinterherlaufen, parallel dazu werden Schuldner in ihrem Verhalten immer dreister. Waren das bis ins letzte Jahr hinein vor allem privatwirtschaftliche Erfahrungen, lassen die sich aktuell aber auch von staatlicher Seite best\u00e4tigen.<\/p>\n","protected":false},"author":1,"featured_media":0,"comment_status":"open","ping_status":"open","sticky":false,"template":"","format":"standard","meta":[],"categories":[1,6],"tags":[],"_links":{"self":[{"href":"https:\/\/www.dr-thomas-hartung.de\/index.php?rest_route=\/wp\/v2\/posts\/488"}],"collection":[{"href":"https:\/\/www.dr-thomas-hartung.de\/index.php?rest_route=\/wp\/v2\/posts"}],"about":[{"href":"https:\/\/www.dr-thomas-hartung.de\/index.php?rest_route=\/wp\/v2\/types\/post"}],"author":[{"embeddable":true,"href":"https:\/\/www.dr-thomas-hartung.de\/index.php?rest_route=\/wp\/v2\/users\/1"}],"replies":[{"embeddable":true,"href":"https:\/\/www.dr-thomas-hartung.de\/index.php?rest_route=%2Fwp%2Fv2%2Fcomments&post=488"}],"version-history":[{"count":11,"href":"https:\/\/www.dr-thomas-hartung.de\/index.php?rest_route=\/wp\/v2\/posts\/488\/revisions"}],"predecessor-version":[{"id":496,"href":"https:\/\/www.dr-thomas-hartung.de\/index.php?rest_route=\/wp\/v2\/posts\/488\/revisions\/496"}],"wp:attachment":[{"href":"https:\/\/www.dr-thomas-hartung.de\/index.php?rest_route=%2Fwp%2Fv2%2Fmedia&parent=488"}],"wp:term":[{"taxonomy":"category","embeddable":true,"href":"https:\/\/www.dr-thomas-hartung.de\/index.php?rest_route=%2Fwp%2Fv2%2Fcategories&post=488"},{"taxonomy":"post_tag","embeddable":true,"href":"https:\/\/www.dr-thomas-hartung.de\/index.php?rest_route=%2Fwp%2Fv2%2Ftags&post=488"}],"curies":[{"name":"wp","href":"https:\/\/api.w.org\/{rel}","templated":true}]}}