{"id":6578,"date":"2024-07-04T20:31:44","date_gmt":"2024-07-04T19:31:44","guid":{"rendered":"https:\/\/www.dr-thomas-hartung.de\/?p=6578"},"modified":"2024-07-05T23:47:18","modified_gmt":"2024-07-05T22:47:18","slug":"offener-brief-an-dawid-statnik","status":"publish","type":"post","link":"https:\/\/www.dr-thomas-hartung.de\/?p=6578","title":{"rendered":"Offener Brief an Dawid Statnik"},"content":{"rendered":"\n<p><\/p>\n\n\n\n<p>Stuttgart, 04.07. 2024<\/p>\n\n\n\n<p>Sehr geehrter Herr Statnik,<\/p>\n\n\n\n<p>als Angeh\u00f6riger eines Volkes, das sich wie die Samen, Kurden oder Tibeter \u00fcberhaupt nur durch einen ethnischen Volksbegriff definiert, haben Sie im Tagesspiegel massive Vorw\u00fcrfe gegen die AfD erheben d\u00fcrfen. Handelten Sie im Auftrag ihrer CDU oder wollen Sie sich damit f\u00fcr h\u00f6here Parteiweihen empfehlen? Einerlei, da ich die AfD in Sachsen 2013 nicht nur mitgegr\u00fcndet, sondern als Bautzner SAEK-Studioleiter auch 2001 das erste TV-Magazin in obersorbischer Sprache Serbske wokno produziert habe und mit einigen durchaus nicht unbekannten Sorben wie Cordula Ratajczak oder Beata Nasticky bis heute freundschaftlich verbunden bin, sehe ich mich zu diesem Widerspruch aus Stuttgart herausgefordert, den ich in Form eines Offenes Briefes versende. Zwei Schnappsch\u00fcsse m\u00f6gen mein einstiges Engagement in Bautzen illustrieren.<\/p>\n\n\n\n<p><a href=\"https:\/\/www.dr-thomas-hartung.de\/wp-content\/uploads\/2011\/03\/Serbske-Wokno.jpg\">https:\/\/www.dr-thomas-hartung.de\/wp-content\/uploads\/2011\/03\/Serbske-Wokno.jpg<\/a><\/p>\n\n\n\n<p>Dass sich Geschichte wiederholt, ist eine Binsenweisheit. Vor einigen Monaten pl\u00e4dierte Bertold Franke f\u00fcr einen \u201eneuen Faschismusbegriff\u201c in den Bl\u00e4ttern f\u00fcr deutsche und internationale Politik. Den bef\u00fcrworte ich auch \u2013 allerdings in einer g\u00e4nzlich anderen Intention als Sie hier schwadronieren; und das schreibe ich Ihnen nicht nur als in der DDR ausgebildeter Geschichtslehrer, sondern auch als Mensch, der im Gegensatz zu Ihnen die ersten drei Lebensjahrzehnte in diesem Land verbrachte. Ja, ich spreche inzwischen von Coronafaschismus; alles andere w\u00e4re euphemistisch. Ob es um Lockdowns oder Maskenpflicht ging, um die Vertreibung von Menschen von Uferpromenaden oder Parkb\u00e4nken oder um die Impfkampagne mit 2G und teilweiser Impfpflicht: Mit dem Sch\u00fcren von \u00c4ngsten seitens einer vereinseitigenden Wissenschaft und der bewussten Spaltung der Bev\u00f6lkerung wurde gezielt Politik gemacht, die Bev\u00f6lkerung auf zwangsvereinheitlichende Linie gebracht.<\/p>\n\n\n\n<p>Die Ratio sollte ausgeschaltet werden, um Widerstand gegen freiheitseinschr\u00e4nkende Ma\u00dfnahmen im Keim zu ersticken. Den Individuen wurden Handlungsmacht, M\u00fcndigkeit und W\u00fcrde genommen. Das hat die Demokratie besch\u00e4digt und Konformismus zum neuen gesellschaftlichen Ideal werden lassen. Und wenn sich ein Richter dieser Besch\u00e4digung entgegenstellte \u2013 etwa mit einem Beschluss gegen die Maskenpflicht an Schulen \u2013 wurde das Urteil kassiert und er wegen Rechtsbeugung zu einer Bew\u00e4hrungsstrafe von zwei Jahren verurteilt. Eminenz- statt evidenzbasiert: In einer freiheitlich-demokratischen Grundordnung aber ist kein Platz f\u00fcr zwanghaft-autorit\u00e4res Regierungshandeln! Die RKI-Files sind inzwischen bekannt, f\u00fcr das Th\u00fcringer Verfassungsgericht ist das Ausgangsverbot f\u00fcr Ungeimpfte w\u00e4hrend der Corona-Pandemie verfassungswidrig gewesen.<\/p>\n\n\n\n<p>Doch nicht nur von Coronafaschismus, auch von Klimafaschismus, Sprachfaschismus, Geschlechtsfaschismus\u2026 muss man inzwischen sprechen. Einst hie\u00df das Narrativ \u201eVolkssch\u00e4dling\u201c, heute \u201eImpfgegner\u201c, \u201eQuerdenker\u201c, \u201eKlimaleugner\u201c etc. Einst hie\u00df das Narrativ \u201eVolk ohne Raum\u201c, heute \u201eVolk mit Raum f\u00fcr alle\u201c. Das Feindbild des Russen konnte man gar problemlos \u00fcbernehmen. Ich breche an dieser Stelle ab, der Beispiele sind Legion. Was mir \u2013 als ostdeutschem Agnostiker (!) \u2013 dazu einf\u00e4llt, ist ein Bibelwort: \u201eWeh denen, die das B\u00f6se gut und das Gute b\u00f6se nennen, \/ die die Finsternis zum Licht und das Licht zur Finsternis machen, \/ die das Bittere s\u00fc\u00df und das S\u00fc\u00dfe bitter machen. Weh denen, die in ihren eigenen Augen weise sind \/ und sich selbst f\u00fcr klug halten\u201c (Jes 5, 20\/21).<\/p>\n\n\n\n<p>Welche \u201ekonkreten Gefahren f\u00fcr die sorbische Minderheit durch AfD-Programmatik\u201c dagegen drohen denn? Wer ist schuld, dass Deutschland das Land mit dem niedrigsten privaten Median-Haushaltsverm\u00f6gen der EU ist, mit der zweith\u00f6chsten Steuer-\/Abgabenquote der OECD-Staaten, mit einem der EU-weit geringsten Rentenniveaus, mit nicht oder nur wenig \u00fcber der Preissteigerung liegenden Lohnzuw\u00e4chsen, mit den zweith\u00f6chsten Strompreisen in der EU, mit der h\u00f6chsten Zunahme an Leiharbeit und Erwerbsarmut in der EU, daf\u00fcr aber mit einer sich \u00fcberproportional bedienenden politischen Kaste, mit der h\u00f6chsten Zuwanderung in die Sozialsysteme und deutlich zunehmender Kriminalit\u00e4t, mit einer trotz sprudelnder Steuereinnahmen teilweise verfallenden Schul- und Verkehrsinfrastruktur und unterfinanzierter Polizei und Bundeswehr\u2026 ist das die Schuld der AfD, die dieses Land seit Jahren regiert? F\u00fcr 2024 werden 0,1 Prozent BIP-Wachstum in Deutschland prognostiziert &#8211; der drittletzte Platz in der gesamten EU &#8211; ist das die Schuld der AfD? Mit dem auf EU-Ebene beschlossenen Verbrenner-Aus ab dem Jahr 2035 ist die gesamte Autoindustrie nicht nur in Sachsen oder Deutschland, sondern in ganz Europa erpressbar geworden \u2013 ist das die Schuld der AfD? Haben Sie das Programm der AfD Sachsen \u00fcberhaupt gelesen?<\/p>\n\n\n\n<p>Mit dem, was uns derzeit an Politikermaterial zugemutet wird, wissen wir, \u201ewo es hingeht\u201c: n\u00e4mlich genau in diese totalit\u00e4ren Verh\u00e4ltnisse. Wer 1989 der SED-Diktatur die Stirn bot &#8211; tat er das daf\u00fcr, wie auch schon Michael Klonowsky befand, dass seine Kinder und Enkel einmal das Weltklima retten und einen \u00f6kosozialistischen Ma\u00dfnahmestaat errichten d\u00fcrfen: \u201eDie Partei, die Partei, die hat immer recht\u201c (Achtung, Ironie)? Daf\u00fcr, dass seine Kinder und Enkel sich, von kritischen \u201eWei\u00dfseinsforschenden\u201c (Achtung, auch Ironie) belehrt, als wei\u00dfe Rassisten begreifen lernen, die inzwischen wegen eines falschen Worts, das die neuen IM an staatsfinanzierte Meldestellen geben, oder wegen falscher Parteimitgliedschaft ihren Job verlieren k\u00f6nnen, aber in einem Siedlungsgebiet ohne Grenzen leben d\u00fcrfen, wo \u201eKartoffel\u201c ein beliebter Kosename auf den Schulh\u00f6fen ist?<\/p>\n\n\n\n<p>Daf\u00fcr, dass seine Kinder und Enkel einmal gendern und ihre heteronormativen Geschlechterrollen ablegen k\u00f6nnen? Oder gar daf\u00fcr, dass der Staat f\u00fcr Radwege in Peru und Krankenversicherung in Afrika sorgt und Zuwanderer einfach so, ohne Gegenleistung, nur f\u00fcr das illegale \u00dcberwinden einer Grenze beschenkt, w\u00e4hrend man sich fr\u00fcher genau daf\u00fcr in Lebensgefahr begab? Wie kommen Sie als Sorbe eigentlich zu dem infamen Vorwurf, das Beharren auf das Eigene sei \u201eExklusion\u201c? Ich bewohne meine Wohnung, du nicht. Ich fahre mit meinem Fahrrad, du nicht. Ich telefoniere mit meinem Handy, du nicht. Bin ich jetzt Rassist oder Nazi, weil ich f\u00fcr mich \u201eDinge\u201c beanspruche, die ich anderen vorenthalte?<\/p>\n\n\n\n<p><a href=\"https:\/\/www.dr-thomas-hartung.de\/wp-content\/uploads\/2013\/09\/Bild1.jpg\">https:\/\/www.dr-thomas-hartung.de\/wp-content\/uploads\/2013\/09\/Bild1.jpg<\/a><\/p>\n\n\n\n<p>Hinzu kommt: Der Anteil Ostdeutscher in Spitzenpositionen in Wissenschaft, Verwaltung, Jurisprudenz, Medien und Wirtschaft bel\u00e4uft sich auf durchschnittlich 1,7 Prozent. Nur ein kleiner Bruchteil der deutschen Universit\u00e4ten wird von einer Person ostdeutscher Herkunft geleitet. Eine repr\u00e4sentative Demokratie aber, in der man sich nicht ad\u00e4quat repr\u00e4sentiert findet, hat mehr als nur ein Problem. Sie ist n\u00e4mlich keine. Oder nur eine von wenigen f\u00fcr wenige. Und derjenige, der im Osten gro\u00dfgeworden ist, hat nun mal ein feineres Empfinden f\u00fcr Spielarten der blo\u00dfen Demokratie-Simulation. Einer Simulation, die im Gegensatz zu den Selbstwirksamkeitserfahrungen der Wenderealit\u00e4t jetzt zunehmende Abstiegs- und Verlust\u00e4ngste, Entheimatungsgef\u00fchle (der Begriff stammt von Wolfgang Thierse, SPD) und Unkontrollierbarkeitsempfindungen verantwortet.<\/p>\n\n\n\n<p>Der Osten hat nach 1945 an die UdSSR Reparationsleistungen erbringen m\u00fcssen, aber keinen Marshallplan gehabt. Hier haben unsere Gro\u00dfeltern und Eltern in die H\u00e4nde gespuckt und aufgebaut. Und heute sind etwa tausende s\u00e4chsische Kumpel, die in der DDR verehrt wurden als Helden an der Kohlefront, arbeitslose Umweltzerst\u00f6rer. Selbst Helmut Kohl gab gegen\u00fcber dem Historiker Fritz Stern auf die Frage, welche Fehler er bei der Wiedervereinigung gemacht habe, nach einigem Z\u00f6gern zu, dass er es vers\u00e4umt habe, offen dar\u00fcber zu reden, dass nicht alles in der DDR falsch war und im Westen nicht alles richtig. \u201eDie \u00fcber Nacht sich umgestellt, zu jedem Staate sich bekennen, das sind die Praktiker der Welt; man kann sie auch Halunken nennen\u201c wusste schon Heinrich Heine. Die Systemlemminge von einst mutierten zu Wendeh\u00e4lsen, die Wendeh\u00e4lse wurden die Systemlemminge von heute und k\u00f6nnen immer noch im s\u00e4chsischen Landtag, aber auch im Bundestag besichtigt werden: dieser Bodensatz der Diktatur darf heute als Fettfilm der sogenannten Demokratie wieder oben schwimmen!<\/p>\n\n\n\n<p>Dieses Personal, diese Politik geh\u00f6ren abgew\u00e4hlt. Und die einzige Kraft, die daf\u00fcr steht, ist die AfD.<\/p>\n\n\n\n<p>Mit verh\u00e4ltnism\u00e4\u00dfig freundlichen Gr\u00fc\u00dfen<\/p>\n\n\n\n<p>Dr. Thomas Hartung<\/p>\n\n\n\n<p>Pressesprecher<\/p>\n\n\n\n<p>Leiter der Pressestelle der AfD-Fraktion im Landtag von Baden-W\u00fcrttemberg<\/p>\n","protected":false},"excerpt":{"rendered":"<p>Da ich die AfD in Sachsen 2013 nicht nur mitgegr\u00fcndet, sondern als Bautzner SAEK-Studioleiter auch 2001 das erste TV-Magazin in obersorbischer Sprache Serbske wokno produziert habe und mit einigen durchaus nicht unbekannten Sorben wie Cordula Ratajczak oder Beata Nasticky bis heute freundschaftlich verbunden bin, sehe mich zu diesem Widerspruch aus Stuttgart herausgefordert, den ich in Form eines Offenes Briefes versende.<\/p>\n","protected":false},"author":1,"featured_media":0,"comment_status":"open","ping_status":"open","sticky":false,"template":"","format":"standard","meta":[],"categories":[4,7,9],"tags":[],"_links":{"self":[{"href":"https:\/\/www.dr-thomas-hartung.de\/index.php?rest_route=\/wp\/v2\/posts\/6578"}],"collection":[{"href":"https:\/\/www.dr-thomas-hartung.de\/index.php?rest_route=\/wp\/v2\/posts"}],"about":[{"href":"https:\/\/www.dr-thomas-hartung.de\/index.php?rest_route=\/wp\/v2\/types\/post"}],"author":[{"embeddable":true,"href":"https:\/\/www.dr-thomas-hartung.de\/index.php?rest_route=\/wp\/v2\/users\/1"}],"replies":[{"embeddable":true,"href":"https:\/\/www.dr-thomas-hartung.de\/index.php?rest_route=%2Fwp%2Fv2%2Fcomments&post=6578"}],"version-history":[{"count":3,"href":"https:\/\/www.dr-thomas-hartung.de\/index.php?rest_route=\/wp\/v2\/posts\/6578\/revisions"}],"predecessor-version":[{"id":6581,"href":"https:\/\/www.dr-thomas-hartung.de\/index.php?rest_route=\/wp\/v2\/posts\/6578\/revisions\/6581"}],"wp:attachment":[{"href":"https:\/\/www.dr-thomas-hartung.de\/index.php?rest_route=%2Fwp%2Fv2%2Fmedia&parent=6578"}],"wp:term":[{"taxonomy":"category","embeddable":true,"href":"https:\/\/www.dr-thomas-hartung.de\/index.php?rest_route=%2Fwp%2Fv2%2Fcategories&post=6578"},{"taxonomy":"post_tag","embeddable":true,"href":"https:\/\/www.dr-thomas-hartung.de\/index.php?rest_route=%2Fwp%2Fv2%2Ftags&post=6578"}],"curies":[{"name":"wp","href":"https:\/\/api.w.org\/{rel}","templated":true}]}}