{"id":6671,"date":"2025-05-28T13:50:44","date_gmt":"2025-05-28T12:50:44","guid":{"rendered":"https:\/\/www.dr-thomas-hartung.de\/?p=6671"},"modified":"2025-06-14T03:02:07","modified_gmt":"2025-06-14T02:02:07","slug":"wer-auf-das-feuer-zeigt","status":"publish","type":"post","link":"https:\/\/www.dr-thomas-hartung.de\/?p=6671","title":{"rendered":"Wer auf das Feuer zeigt"},"content":{"rendered":"\n<p>Lehrer mit der \u201efalschen\u201c Gesinnung? Melden! AfD? Verbieten! Muslimische Gewalt an Schulen? L\u00e4sslich. Die GEW untergr\u00e4bt inzwischen die Autorit\u00e4t ihrer Mitglieder \u2013 und die ARD macht mit.<\/p>\n\n\n\n<figure class=\"wp-block-image size-large\"><a href=\"https:\/\/www.dr-thomas-hartung.de\/wp-content\/uploads\/2025\/06\/2025-06-10-14_55_44-.jpg\"><img decoding=\"async\" loading=\"lazy\" width=\"1024\" height=\"765\" src=\"https:\/\/www.dr-thomas-hartung.de\/wp-content\/uploads\/2025\/06\/2025-06-10-14_55_44--1024x765.jpg\" alt=\"\" class=\"wp-image-6674\"\/><\/a><figcaption class=\"wp-element-caption\">Carl-Bolle-Grundschule, zitiert als Originalbild bei Tumult.<\/figcaption><\/figure>\n\n\n\n<p>Ein neuer <a href=\"https:\/\/www.tumult-magazine.net\/post\/thomas-hartung-wer-auf-das-feuer-zeigt\" target=\"_blank\" rel=\"noreferrer noopener\">Tumult-Essay<\/a>, der gern verbreitet werden darf. <\/p>\n","protected":false},"excerpt":{"rendered":"<p>Lehrer mit der \u201efalschen\u201c Gesinnung? Melden! AfD? Verbieten! Muslimische Gewalt an Schulen? L\u00e4sslich. Die GEW untergr\u00e4bt inzwischen die Autorit\u00e4t ihrer Mitglieder \u2013 und die ARD macht mit.<\/p>\n","protected":false},"author":1,"featured_media":0,"comment_status":"open","ping_status":"open","sticky":false,"template":"","format":"standard","meta":[],"categories":[6,4],"tags":[],"_links":{"self":[{"href":"https:\/\/www.dr-thomas-hartung.de\/index.php?rest_route=\/wp\/v2\/posts\/6671"}],"collection":[{"href":"https:\/\/www.dr-thomas-hartung.de\/index.php?rest_route=\/wp\/v2\/posts"}],"about":[{"href":"https:\/\/www.dr-thomas-hartung.de\/index.php?rest_route=\/wp\/v2\/types\/post"}],"author":[{"embeddable":true,"href":"https:\/\/www.dr-thomas-hartung.de\/index.php?rest_route=\/wp\/v2\/users\/1"}],"replies":[{"embeddable":true,"href":"https:\/\/www.dr-thomas-hartung.de\/index.php?rest_route=%2Fwp%2Fv2%2Fcomments&post=6671"}],"version-history":[{"count":3,"href":"https:\/\/www.dr-thomas-hartung.de\/index.php?rest_route=\/wp\/v2\/posts\/6671\/revisions"}],"predecessor-version":[{"id":6683,"href":"https:\/\/www.dr-thomas-hartung.de\/index.php?rest_route=\/wp\/v2\/posts\/6671\/revisions\/6683"}],"wp:attachment":[{"href":"https:\/\/www.dr-thomas-hartung.de\/index.php?rest_route=%2Fwp%2Fv2%2Fmedia&parent=6671"}],"wp:term":[{"taxonomy":"category","embeddable":true,"href":"https:\/\/www.dr-thomas-hartung.de\/index.php?rest_route=%2Fwp%2Fv2%2Fcategories&post=6671"},{"taxonomy":"post_tag","embeddable":true,"href":"https:\/\/www.dr-thomas-hartung.de\/index.php?rest_route=%2Fwp%2Fv2%2Ftags&post=6671"}],"curies":[{"name":"wp","href":"https:\/\/api.w.org\/{rel}","templated":true}]}}