{"id":6756,"date":"2025-07-25T07:08:48","date_gmt":"2025-07-25T06:08:48","guid":{"rendered":"https:\/\/www.dr-thomas-hartung.de\/?p=6756"},"modified":"2025-07-27T07:22:15","modified_gmt":"2025-07-27T06:22:15","slug":"der-algorithmus-hat-sich-verrechnet","status":"publish","type":"post","link":"https:\/\/www.dr-thomas-hartung.de\/?p=6756","title":{"rendered":"Der Algorithmus hat sich verrechnet"},"content":{"rendered":"\n<p>Die Lehrerpanne in Baden-W\u00fcrttemberg \u00f6ffnet den Blick f\u00fcr alles, was man \u00fcber die Zumutungen des \u201c<em>digitalen Bildungsstaats Deutschland<\/em>\u201d wissen muss, oder vielmehr: seiner gr\u00fcnschw\u00e4bischen Karikatur.&nbsp;<\/p>\n\n\n\n<figure class=\"wp-block-image size-large\"><a href=\"https:\/\/www.dr-thomas-hartung.de\/wp-content\/uploads\/2025\/07\/grafik-12.png\"><img decoding=\"async\" loading=\"lazy\" width=\"1024\" height=\"683\" src=\"https:\/\/www.dr-thomas-hartung.de\/wp-content\/uploads\/2025\/07\/grafik-12-1024x683.png\" alt=\"\" class=\"wp-image-6757\"\/><\/a><figcaption class=\"wp-element-caption\">Originalbild &#8222;Ansage&#8220;<\/figcaption><\/figure>\n\n\n\n<p>Mein neuer <a href=\"https:\/\/ansage.org\/lehrerpanne-in-baden-wuerttemberg-der-algorithmus-hat-sich-verrechnet\/\" target=\"_blank\" rel=\"noreferrer noopener\">Ansage-Text<\/a>, der gern verbreitet werden kann.<\/p>\n","protected":false},"excerpt":{"rendered":"<p>Die Lehrerpanne in Baden-W\u00fcrttemberg \u00f6ffnet den Blick f\u00fcr alles, was man \u00fcber die Zumutungen des \u201cdigitalen Bildungsstaats Deutschland\u201d wissen muss, oder vielmehr: seiner gr\u00fcnschw\u00e4bischen Karikatur.\u00a0<\/p>\n","protected":false},"author":1,"featured_media":0,"comment_status":"open","ping_status":"open","sticky":false,"template":"","format":"standard","meta":[],"categories":[6,9],"tags":[],"_links":{"self":[{"href":"https:\/\/www.dr-thomas-hartung.de\/index.php?rest_route=\/wp\/v2\/posts\/6756"}],"collection":[{"href":"https:\/\/www.dr-thomas-hartung.de\/index.php?rest_route=\/wp\/v2\/posts"}],"about":[{"href":"https:\/\/www.dr-thomas-hartung.de\/index.php?rest_route=\/wp\/v2\/types\/post"}],"author":[{"embeddable":true,"href":"https:\/\/www.dr-thomas-hartung.de\/index.php?rest_route=\/wp\/v2\/users\/1"}],"replies":[{"embeddable":true,"href":"https:\/\/www.dr-thomas-hartung.de\/index.php?rest_route=%2Fwp%2Fv2%2Fcomments&post=6756"}],"version-history":[{"count":2,"href":"https:\/\/www.dr-thomas-hartung.de\/index.php?rest_route=\/wp\/v2\/posts\/6756\/revisions"}],"predecessor-version":[{"id":6768,"href":"https:\/\/www.dr-thomas-hartung.de\/index.php?rest_route=\/wp\/v2\/posts\/6756\/revisions\/6768"}],"wp:attachment":[{"href":"https:\/\/www.dr-thomas-hartung.de\/index.php?rest_route=%2Fwp%2Fv2%2Fmedia&parent=6756"}],"wp:term":[{"taxonomy":"category","embeddable":true,"href":"https:\/\/www.dr-thomas-hartung.de\/index.php?rest_route=%2Fwp%2Fv2%2Fcategories&post=6756"},{"taxonomy":"post_tag","embeddable":true,"href":"https:\/\/www.dr-thomas-hartung.de\/index.php?rest_route=%2Fwp%2Fv2%2Ftags&post=6756"}],"curies":[{"name":"wp","href":"https:\/\/api.w.org\/{rel}","templated":true}]}}