{"id":6782,"date":"2025-08-04T12:11:25","date_gmt":"2025-08-04T11:11:25","guid":{"rendered":"https:\/\/www.dr-thomas-hartung.de\/?p=6782"},"modified":"2025-08-06T20:39:41","modified_gmt":"2025-08-06T19:39:41","slug":"die-neue-tugendhaftigkeit-der-gewalt","status":"publish","type":"post","link":"https:\/\/www.dr-thomas-hartung.de\/?p=6782","title":{"rendered":"Die neue Tugendhaftigkeit der Gewalt"},"content":{"rendered":"\n<p>In einer politischen Kultur, in der der Missbrauch des Faschismusbegriffs zur b\u00fcrgerlichen Pflicht\u00fcbung geworden ist, markiert der angek\u00fcndigte R\u00fcckzug Jette Nietzards, der Co-Vorsitzenden der Gr\u00fcnen Jugend, nicht etwa den Moment eines Scheiterns, sondern einen der unbeabsichtigten Aufrichtigkeit.&nbsp;<\/p>\n\n\n\n<figure class=\"wp-block-image size-large\"><a href=\"https:\/\/www.dr-thomas-hartung.de\/wp-content\/uploads\/2025\/08\/image.png\"><img decoding=\"async\" loading=\"lazy\" width=\"1024\" height=\"676\" src=\"https:\/\/www.dr-thomas-hartung.de\/wp-content\/uploads\/2025\/08\/image-1024x676.png\" alt=\"\" class=\"wp-image-6783\"\/><\/a><figcaption class=\"wp-element-caption\">Originalbild Ansage<\/figcaption><\/figure>\n\n\n\n<p>Mein neuer <a href=\"https:\/\/ansage.org\/jette-nietzard-und-die-neue-tugendhaftigkeit-der-gewalt\/\" target=\"_blank\" rel=\"noreferrer noopener\">Essay<\/a> auf Ansage, der gern verbreitet werden kann.<\/p>\n","protected":false},"excerpt":{"rendered":"<p>In einer politischen Kultur, in der der Missbrauch des Faschismusbegriffs zur b\u00fcrgerlichen Pflicht\u00fcbung geworden ist, markiert der angek\u00fcndigte R\u00fcckzug Jette Nietzards, der Co-Vorsitzenden der Gr\u00fcnen Jugend, nicht etwa den Moment eines Scheiterns, sondern einen der unbeabsichtigten Aufrichtigkeit. <\/p>\n","protected":false},"author":1,"featured_media":0,"comment_status":"open","ping_status":"open","sticky":false,"template":"","format":"standard","meta":[],"categories":[1,4],"tags":[],"_links":{"self":[{"href":"https:\/\/www.dr-thomas-hartung.de\/index.php?rest_route=\/wp\/v2\/posts\/6782"}],"collection":[{"href":"https:\/\/www.dr-thomas-hartung.de\/index.php?rest_route=\/wp\/v2\/posts"}],"about":[{"href":"https:\/\/www.dr-thomas-hartung.de\/index.php?rest_route=\/wp\/v2\/types\/post"}],"author":[{"embeddable":true,"href":"https:\/\/www.dr-thomas-hartung.de\/index.php?rest_route=\/wp\/v2\/users\/1"}],"replies":[{"embeddable":true,"href":"https:\/\/www.dr-thomas-hartung.de\/index.php?rest_route=%2Fwp%2Fv2%2Fcomments&post=6782"}],"version-history":[{"count":2,"href":"https:\/\/www.dr-thomas-hartung.de\/index.php?rest_route=\/wp\/v2\/posts\/6782\/revisions"}],"predecessor-version":[{"id":6794,"href":"https:\/\/www.dr-thomas-hartung.de\/index.php?rest_route=\/wp\/v2\/posts\/6782\/revisions\/6794"}],"wp:attachment":[{"href":"https:\/\/www.dr-thomas-hartung.de\/index.php?rest_route=%2Fwp%2Fv2%2Fmedia&parent=6782"}],"wp:term":[{"taxonomy":"category","embeddable":true,"href":"https:\/\/www.dr-thomas-hartung.de\/index.php?rest_route=%2Fwp%2Fv2%2Fcategories&post=6782"},{"taxonomy":"post_tag","embeddable":true,"href":"https:\/\/www.dr-thomas-hartung.de\/index.php?rest_route=%2Fwp%2Fv2%2Ftags&post=6782"}],"curies":[{"name":"wp","href":"https:\/\/api.w.org\/{rel}","templated":true}]}}