{"id":6812,"date":"2025-09-02T12:28:43","date_gmt":"2025-09-02T11:28:43","guid":{"rendered":"https:\/\/www.dr-thomas-hartung.de\/?p=6812"},"modified":"2025-09-02T12:28:45","modified_gmt":"2025-09-02T11:28:45","slug":"der-rechtsstaat-im-schatten-der-symbolpolitik","status":"publish","type":"post","link":"https:\/\/www.dr-thomas-hartung.de\/?p=6812","title":{"rendered":"Der Rechtsstaat im Schatten der Symbolpolitik"},"content":{"rendered":"\n<p>Chemnitz, Sp\u00e4tsommer 2018: ein Streit, ein Tod, eine Stadt in Aufruhr. Es war das Jahr, in dem die Bilder aus Sachsen zur nationalen Z\u00e4sur erkl\u00e4rt wurden. Von \u201e<em>Hetzjagden<\/em>\u201c war die Rede, von einer Art Wiederkehr der finstersten Kapitel deutscher Geschichte. Politiker, Medien, \u201e<em>Kulturschaffende<\/em>\u201c vereinten sich in einer orchestrierten Emp\u00f6rung, die \u00fcber Wochen und Monate das Land besch\u00e4ftigte. Heute, sieben Jahre sp\u00e4ter, bleibt von dieser moralischen Welle ein anderes Bild zur\u00fcck.<\/p>\n\n\n\n<figure class=\"wp-block-image size-large\"><a href=\"https:\/\/www.dr-thomas-hartung.de\/wp-content\/uploads\/2025\/09\/image-2.png\"><img decoding=\"async\" loading=\"lazy\" width=\"1024\" height=\"629\" src=\"https:\/\/www.dr-thomas-hartung.de\/wp-content\/uploads\/2025\/09\/image-2-1024x629.png\" alt=\"\" class=\"wp-image-6813\"\/><\/a><figcaption class=\"wp-element-caption\">Originalbild Ansage<\/figcaption><\/figure>\n\n\n\n<p>Mein neuer Ansagetext, der gern verbreitet werden kann. <a href=\"https:\/\/ansage.org\/freisprueche-von-chemnitz-der-rechtsstaat-im-schatten-der-symbolpolitik\/\" target=\"_blank\" rel=\"noreferrer noopener\">https:\/\/ansage.org\/freisprueche-von-chemnitz-der-rechtsstaat-im-schatten-der-symbolpolitik\/<\/a><\/p>\n","protected":false},"excerpt":{"rendered":"<p>Chemnitz, Sp\u00e4tsommer 2018: ein Streit, ein Tod, eine Stadt in Aufruhr. Es war das Jahr, in dem die Bilder aus Sachsen zur nationalen Z\u00e4sur erkl\u00e4rt wurden. Von \u201eHetzjagden\u201c war die Rede, von einer Art Wiederkehr der finstersten Kapitel deutscher Geschichte. Politiker, Medien, \u201eKulturschaffende\u201c vereinten sich in einer orchestrierten Emp\u00f6rung, die \u00fcber Wochen und Monate das [&hellip;]<\/p>\n","protected":false},"author":1,"featured_media":0,"comment_status":"open","ping_status":"open","sticky":false,"template":"","format":"standard","meta":[],"categories":[4,7],"tags":[],"_links":{"self":[{"href":"https:\/\/www.dr-thomas-hartung.de\/index.php?rest_route=\/wp\/v2\/posts\/6812"}],"collection":[{"href":"https:\/\/www.dr-thomas-hartung.de\/index.php?rest_route=\/wp\/v2\/posts"}],"about":[{"href":"https:\/\/www.dr-thomas-hartung.de\/index.php?rest_route=\/wp\/v2\/types\/post"}],"author":[{"embeddable":true,"href":"https:\/\/www.dr-thomas-hartung.de\/index.php?rest_route=\/wp\/v2\/users\/1"}],"replies":[{"embeddable":true,"href":"https:\/\/www.dr-thomas-hartung.de\/index.php?rest_route=%2Fwp%2Fv2%2Fcomments&post=6812"}],"version-history":[{"count":1,"href":"https:\/\/www.dr-thomas-hartung.de\/index.php?rest_route=\/wp\/v2\/posts\/6812\/revisions"}],"predecessor-version":[{"id":6814,"href":"https:\/\/www.dr-thomas-hartung.de\/index.php?rest_route=\/wp\/v2\/posts\/6812\/revisions\/6814"}],"wp:attachment":[{"href":"https:\/\/www.dr-thomas-hartung.de\/index.php?rest_route=%2Fwp%2Fv2%2Fmedia&parent=6812"}],"wp:term":[{"taxonomy":"category","embeddable":true,"href":"https:\/\/www.dr-thomas-hartung.de\/index.php?rest_route=%2Fwp%2Fv2%2Fcategories&post=6812"},{"taxonomy":"post_tag","embeddable":true,"href":"https:\/\/www.dr-thomas-hartung.de\/index.php?rest_route=%2Fwp%2Fv2%2Ftags&post=6812"}],"curies":[{"name":"wp","href":"https:\/\/api.w.org\/{rel}","templated":true}]}}