{"id":6831,"date":"2025-09-09T05:42:49","date_gmt":"2025-09-09T04:42:49","guid":{"rendered":"https:\/\/www.dr-thomas-hartung.de\/?p=6831"},"modified":"2025-09-09T05:42:50","modified_gmt":"2025-09-09T04:42:50","slug":"aber-versprochen-waren-fachkraefte","status":"publish","type":"post","link":"https:\/\/www.dr-thomas-hartung.de\/?p=6831","title":{"rendered":"Aber versprochen waren Fachkr\u00e4fte\u2026"},"content":{"rendered":"\n<p>Der gest\u00e4ndige Messer-Attent\u00e4ter von Solingen ist nach Ansicht des psychiatrischen Gutachters zwar unterdurchschnittlich intelligent mit einem IQ von 71, aber dennoch voll schuldf\u00e4hig. In Syrien, wo er aufgewachsen sei, liege er damit im unteren Normbereich, sagte Professor Johannes Fu\u00df in der D\u00fcsseldorfer Verhandlung.<\/p>\n\n\n\n<figure class=\"wp-block-image size-full\"><a href=\"https:\/\/www.dr-thomas-hartung.de\/wp-content\/uploads\/2025\/09\/grafik-2.png\"><img decoding=\"async\" src=\"https:\/\/www.dr-thomas-hartung.de\/wp-content\/uploads\/2025\/09\/grafik-2.png\" alt=\"\" class=\"wp-image-6832\"\/><\/a><figcaption class=\"wp-element-caption\">Originalbild Ansage<\/figcaption><\/figure>\n\n\n\n<p>Mein neuer <a href=\"https:\/\/ansage.org\/aber-versprochen-waren-fachkraefte\/\" target=\"_blank\" rel=\"noreferrer noopener\">Ansage-Text<\/a>, der gern verbreitet werden kann.<\/p>\n","protected":false},"excerpt":{"rendered":"<p>Der gest\u00e4ndige Messer-Attent\u00e4ter von Solingen ist nach Ansicht des psychiatrischen Gutachters zwar unterdurchschnittlich intelligent mit einem IQ von 71, aber dennoch voll schuldf\u00e4hig. In Syrien, wo er aufgewachsen sei, liege er damit im unteren Normbereich.<\/p>\n","protected":false},"author":1,"featured_media":0,"comment_status":"open","ping_status":"open","sticky":false,"template":"","format":"standard","meta":[],"categories":[4,9],"tags":[],"_links":{"self":[{"href":"https:\/\/www.dr-thomas-hartung.de\/index.php?rest_route=\/wp\/v2\/posts\/6831"}],"collection":[{"href":"https:\/\/www.dr-thomas-hartung.de\/index.php?rest_route=\/wp\/v2\/posts"}],"about":[{"href":"https:\/\/www.dr-thomas-hartung.de\/index.php?rest_route=\/wp\/v2\/types\/post"}],"author":[{"embeddable":true,"href":"https:\/\/www.dr-thomas-hartung.de\/index.php?rest_route=\/wp\/v2\/users\/1"}],"replies":[{"embeddable":true,"href":"https:\/\/www.dr-thomas-hartung.de\/index.php?rest_route=%2Fwp%2Fv2%2Fcomments&post=6831"}],"version-history":[{"count":1,"href":"https:\/\/www.dr-thomas-hartung.de\/index.php?rest_route=\/wp\/v2\/posts\/6831\/revisions"}],"predecessor-version":[{"id":6833,"href":"https:\/\/www.dr-thomas-hartung.de\/index.php?rest_route=\/wp\/v2\/posts\/6831\/revisions\/6833"}],"wp:attachment":[{"href":"https:\/\/www.dr-thomas-hartung.de\/index.php?rest_route=%2Fwp%2Fv2%2Fmedia&parent=6831"}],"wp:term":[{"taxonomy":"category","embeddable":true,"href":"https:\/\/www.dr-thomas-hartung.de\/index.php?rest_route=%2Fwp%2Fv2%2Fcategories&post=6831"},{"taxonomy":"post_tag","embeddable":true,"href":"https:\/\/www.dr-thomas-hartung.de\/index.php?rest_route=%2Fwp%2Fv2%2Ftags&post=6831"}],"curies":[{"name":"wp","href":"https:\/\/api.w.org\/{rel}","templated":true}]}}