{"id":6834,"date":"2025-09-09T16:38:36","date_gmt":"2025-09-09T15:38:36","guid":{"rendered":"https:\/\/www.dr-thomas-hartung.de\/?p=6834"},"modified":"2025-09-09T16:38:37","modified_gmt":"2025-09-09T15:38:37","slug":"thomas-krueger-und-das-ende-des-antitotalitaeren-konsenses","status":"publish","type":"post","link":"https:\/\/www.dr-thomas-hartung.de\/?p=6834","title":{"rendered":"Thomas Kr\u00fcger und das Ende des antitotalit\u00e4ren Konsenses"},"content":{"rendered":"\n<p>Es gibt Figuren, die sind nicht blo\u00df Biographien, sondern Chiffren f\u00fcr eine ganze Epoche. Thomas Kr\u00fcger ist eine solche Figur &#8211;  er machte aus der BPB eine Bundeszentrale f\u00fcr politische Verbildung.<\/p>\n\n\n\n<figure class=\"wp-block-image size-full\"><a href=\"https:\/\/www.dr-thomas-hartung.de\/wp-content\/uploads\/2025\/09\/grafik-4.png\"><img decoding=\"async\" src=\"https:\/\/www.dr-thomas-hartung.de\/wp-content\/uploads\/2025\/09\/grafik-4.png\" alt=\"\" class=\"wp-image-6836\"\/><\/a><figcaption class=\"wp-element-caption\">Originalbild Ansage<\/figcaption><\/figure>\n\n\n\n<p>Mein neuer <a href=\"https:\/\/ansage.org\/bundeszentrale-fuer-politische-verbildung-thomas-krueger-und-das-ende-des-antitotalitaeren-konsenses\/\" target=\"_blank\" rel=\"noreferrer noopener\">Ansagetext<\/a>, der gern verbreitet werden kann.<\/p>\n","protected":false},"excerpt":{"rendered":"<p>Es gibt Figuren, die sind nicht blo\u00df Biographien, sondern Chiffren f\u00fcr eine ganze Epoche. Thomas Kr\u00fcger ist eine solche Figur &#8211;  er machte aus der BPB eine Bundeszentrale f\u00fcr politische Verbildung.<\/p>\n","protected":false},"author":1,"featured_media":0,"comment_status":"open","ping_status":"open","sticky":false,"template":"","format":"standard","meta":[],"categories":[4,9],"tags":[],"_links":{"self":[{"href":"https:\/\/www.dr-thomas-hartung.de\/index.php?rest_route=\/wp\/v2\/posts\/6834"}],"collection":[{"href":"https:\/\/www.dr-thomas-hartung.de\/index.php?rest_route=\/wp\/v2\/posts"}],"about":[{"href":"https:\/\/www.dr-thomas-hartung.de\/index.php?rest_route=\/wp\/v2\/types\/post"}],"author":[{"embeddable":true,"href":"https:\/\/www.dr-thomas-hartung.de\/index.php?rest_route=\/wp\/v2\/users\/1"}],"replies":[{"embeddable":true,"href":"https:\/\/www.dr-thomas-hartung.de\/index.php?rest_route=%2Fwp%2Fv2%2Fcomments&post=6834"}],"version-history":[{"count":1,"href":"https:\/\/www.dr-thomas-hartung.de\/index.php?rest_route=\/wp\/v2\/posts\/6834\/revisions"}],"predecessor-version":[{"id":6837,"href":"https:\/\/www.dr-thomas-hartung.de\/index.php?rest_route=\/wp\/v2\/posts\/6834\/revisions\/6837"}],"wp:attachment":[{"href":"https:\/\/www.dr-thomas-hartung.de\/index.php?rest_route=%2Fwp%2Fv2%2Fmedia&parent=6834"}],"wp:term":[{"taxonomy":"category","embeddable":true,"href":"https:\/\/www.dr-thomas-hartung.de\/index.php?rest_route=%2Fwp%2Fv2%2Fcategories&post=6834"},{"taxonomy":"post_tag","embeddable":true,"href":"https:\/\/www.dr-thomas-hartung.de\/index.php?rest_route=%2Fwp%2Fv2%2Ftags&post=6834"}],"curies":[{"name":"wp","href":"https:\/\/api.w.org\/{rel}","templated":true}]}}