{"id":6859,"date":"2025-09-25T21:07:24","date_gmt":"2025-09-25T20:07:24","guid":{"rendered":"https:\/\/www.dr-thomas-hartung.de\/?p=6859"},"modified":"2025-09-25T21:07:25","modified_gmt":"2025-09-25T20:07:25","slug":"der-verdeckte-kulturkampf","status":"publish","type":"post","link":"https:\/\/www.dr-thomas-hartung.de\/?p=6859","title":{"rendered":"Der verdeckte Kulturkampf"},"content":{"rendered":"\n<p>&#8222;In Buchhandlungen, Feuilletons oder Nischenzeitschriften ringen Ideologien um kulturelle Dominanz, und die Literaturpolitik ist zum Schlachtfeld avanciert. Torsten Hoffmann, Literaturwissenschaftler an der Universit\u00e4t Stuttgart, verk\u00f6rpert mit seinem von der Deutschen Forschungsgemeinschaft (DFG) gef\u00f6rderten Projekt namens \u201eNeurechte Literaturpolitik\u201c einen Frontposten dieses Kampfes.&#8220;<\/p>\n\n\n\n<figure class=\"wp-block-image size-full\"><a href=\"https:\/\/www.dr-thomas-hartung.de\/wp-content\/uploads\/2025\/09\/grafik-9.png\"><img decoding=\"async\" src=\"https:\/\/www.dr-thomas-hartung.de\/wp-content\/uploads\/2025\/09\/grafik-9.png\" alt=\"\" class=\"wp-image-6860\"\/><\/a><figcaption class=\"wp-element-caption\">Originalbild Ansage<\/figcaption><\/figure>\n\n\n\n<p>Mein neuer <a href=\"https:\/\/ansage.org\/etikettierung-politisch-unerwuenschter-literatur-der-verdeckte-kulturkampf\/\" target=\"_blank\" rel=\"noreferrer noopener\">Ansagetext<\/a>, der gern verbreitet werden kann.<\/p>\n","protected":false},"excerpt":{"rendered":"<p>&#8222;In Buchhandlungen, Feuilletons oder Nischenzeitschriften ringen Ideologien um kulturelle Dominanz, und die Literaturpolitik ist zum Schlachtfeld avanciert. Torsten Hoffmann, Literaturwissenschaftler an der Universit\u00e4t Stuttgart, verk\u00f6rpert mit seinem von der Deutschen Forschungsgemeinschaft (DFG) gef\u00f6rderten Projekt namens \u201eNeurechte Literaturpolitik\u201c einen Frontposten dieses Kampfes.&#8220;<\/p>\n","protected":false},"author":1,"featured_media":0,"comment_status":"open","ping_status":"open","sticky":false,"template":"","format":"standard","meta":[],"categories":[4,7],"tags":[],"_links":{"self":[{"href":"https:\/\/www.dr-thomas-hartung.de\/index.php?rest_route=\/wp\/v2\/posts\/6859"}],"collection":[{"href":"https:\/\/www.dr-thomas-hartung.de\/index.php?rest_route=\/wp\/v2\/posts"}],"about":[{"href":"https:\/\/www.dr-thomas-hartung.de\/index.php?rest_route=\/wp\/v2\/types\/post"}],"author":[{"embeddable":true,"href":"https:\/\/www.dr-thomas-hartung.de\/index.php?rest_route=\/wp\/v2\/users\/1"}],"replies":[{"embeddable":true,"href":"https:\/\/www.dr-thomas-hartung.de\/index.php?rest_route=%2Fwp%2Fv2%2Fcomments&post=6859"}],"version-history":[{"count":1,"href":"https:\/\/www.dr-thomas-hartung.de\/index.php?rest_route=\/wp\/v2\/posts\/6859\/revisions"}],"predecessor-version":[{"id":6861,"href":"https:\/\/www.dr-thomas-hartung.de\/index.php?rest_route=\/wp\/v2\/posts\/6859\/revisions\/6861"}],"wp:attachment":[{"href":"https:\/\/www.dr-thomas-hartung.de\/index.php?rest_route=%2Fwp%2Fv2%2Fmedia&parent=6859"}],"wp:term":[{"taxonomy":"category","embeddable":true,"href":"https:\/\/www.dr-thomas-hartung.de\/index.php?rest_route=%2Fwp%2Fv2%2Fcategories&post=6859"},{"taxonomy":"post_tag","embeddable":true,"href":"https:\/\/www.dr-thomas-hartung.de\/index.php?rest_route=%2Fwp%2Fv2%2Ftags&post=6859"}],"curies":[{"name":"wp","href":"https:\/\/api.w.org\/{rel}","templated":true}]}}