{"id":6881,"date":"2025-10-09T11:46:45","date_gmt":"2025-10-09T10:46:45","guid":{"rendered":"https:\/\/www.dr-thomas-hartung.de\/?p=6881"},"modified":"2025-10-09T11:46:46","modified_gmt":"2025-10-09T10:46:46","slug":"fakten-oder-fuersorge","status":"publish","type":"post","link":"https:\/\/www.dr-thomas-hartung.de\/?p=6881","title":{"rendered":"Fakten oder F\u00fcrsorge?"},"content":{"rendered":"\n<p>Es ist ein seltener Moment deutscher Mediengeschichte, wenn eine Organisation der Presse davor warnt, staatliche Stellen k\u00f6nnten Journalisten mit zu vielen Fakten versorgen. Genau das aber geschieht: Seit dem 1. Oktober nennt die bayerische Polizei in ihren Mitteilungen \u201egrunds\u00e4tzlich aktiv\u201c die Nationalit\u00e4t von Verd\u00e4chtigen und Opfern \u2013 und der Deutsche Presserat \u00e4u\u00dfert prompt \u201eSorge\u201c und mahnt Redaktionen zur Zur\u00fcckhaltung. In welcher Demokratie, k\u00f6nnte man fragen, ist es Aufgabe der Presseaufsicht, die Informationsflut zu drosseln, statt die Urteilskraft der Leser zu st\u00e4rken?<\/p>\n\n\n\n<figure class=\"wp-block-image size-large\"><a href=\"https:\/\/www.dr-thomas-hartung.de\/wp-content\/uploads\/2025\/10\/image-1.png\"><img decoding=\"async\" loading=\"lazy\" width=\"1024\" height=\"738\" src=\"https:\/\/www.dr-thomas-hartung.de\/wp-content\/uploads\/2025\/10\/image-1-1024x738.png\" alt=\"\" class=\"wp-image-6882\"\/><\/a><figcaption class=\"wp-element-caption\">Originalbild Ansage<\/figcaption><\/figure>\n\n\n\n<p><a href=\"https:\/\/ansage.org\/fakten-oder-fuersorge-presserat-und-djv-klagen-ueber-nennung-von-taeternationalitaeten\/\" target=\"_blank\" rel=\"noreferrer noopener\">Mein neuer Ansagetext, der gern verbreitet werden kann. <\/a><\/p>\n","protected":false},"excerpt":{"rendered":"<p>Presserat und DJV klagen \u00fcber Nennung von T\u00e4ternationalit\u00e4ten<\/p>\n","protected":false},"author":1,"featured_media":0,"comment_status":"open","ping_status":"open","sticky":false,"template":"","format":"standard","meta":[],"categories":[4,9],"tags":[],"_links":{"self":[{"href":"https:\/\/www.dr-thomas-hartung.de\/index.php?rest_route=\/wp\/v2\/posts\/6881"}],"collection":[{"href":"https:\/\/www.dr-thomas-hartung.de\/index.php?rest_route=\/wp\/v2\/posts"}],"about":[{"href":"https:\/\/www.dr-thomas-hartung.de\/index.php?rest_route=\/wp\/v2\/types\/post"}],"author":[{"embeddable":true,"href":"https:\/\/www.dr-thomas-hartung.de\/index.php?rest_route=\/wp\/v2\/users\/1"}],"replies":[{"embeddable":true,"href":"https:\/\/www.dr-thomas-hartung.de\/index.php?rest_route=%2Fwp%2Fv2%2Fcomments&post=6881"}],"version-history":[{"count":1,"href":"https:\/\/www.dr-thomas-hartung.de\/index.php?rest_route=\/wp\/v2\/posts\/6881\/revisions"}],"predecessor-version":[{"id":6883,"href":"https:\/\/www.dr-thomas-hartung.de\/index.php?rest_route=\/wp\/v2\/posts\/6881\/revisions\/6883"}],"wp:attachment":[{"href":"https:\/\/www.dr-thomas-hartung.de\/index.php?rest_route=%2Fwp%2Fv2%2Fmedia&parent=6881"}],"wp:term":[{"taxonomy":"category","embeddable":true,"href":"https:\/\/www.dr-thomas-hartung.de\/index.php?rest_route=%2Fwp%2Fv2%2Fcategories&post=6881"},{"taxonomy":"post_tag","embeddable":true,"href":"https:\/\/www.dr-thomas-hartung.de\/index.php?rest_route=%2Fwp%2Fv2%2Ftags&post=6881"}],"curies":[{"name":"wp","href":"https:\/\/api.w.org\/{rel}","templated":true}]}}