{"id":6884,"date":"2025-10-09T17:23:54","date_gmt":"2025-10-09T16:23:54","guid":{"rendered":"https:\/\/www.dr-thomas-hartung.de\/?p=6884"},"modified":"2025-10-09T17:23:55","modified_gmt":"2025-10-09T16:23:55","slug":"das-verschwinden-des-buergers-im-oeffentlich-rechtlichen-rundfunk","status":"publish","type":"post","link":"https:\/\/www.dr-thomas-hartung.de\/?p=6884","title":{"rendered":"<a href=\"https:\/\/ansage.org\/das-verschwinden-des-buergers-im-oeffentlich-rechtlichen-rundfunk\/\">Das Verschwinden des B\u00fcrgers im \u00f6ffentlich-rechtlichen Rundfunk<\/a>"},"content":{"rendered":"\n<p>Als der \u201cS\u00fcdwestrundfunk\u201d (SWR) diese Woche von \u201eB\u00fcrgern\u201c und \u201eAfD-Anh\u00e4ngern\u201c sprach, meinte er es genau so, wie er es schrieb. \u201eAls ob letztere Untermenschen w\u00e4ren, deren GEZ-Beitrag man dennoch gerne nimmt\u201c, entsetzt sich der medienpolitische AfD-Fraktionssprecher Baden-W\u00fcrttembergs, Dennis Klecker \u00fcber den SWR-Beitrag zu den Vorf\u00e4llen beim AfD-B\u00fcrgerdialog in Gauersheim vergangene Woche. Denn in dieser beil\u00e4ufigen Trennung steckt ein ganzes Weltbild. Es ist die Sprache eines Apparates, der sich l\u00e4ngst als moralische Instanz versteht \u2013 nicht mehr als B\u00fchne pluraler Stimmen, sondern als Schiedsrichter \u00fcber Zugeh\u00f6rigkeit.<\/p>\n\n\n\n<figure class=\"wp-block-image size-full\"><a href=\"https:\/\/www.dr-thomas-hartung.de\/wp-content\/uploads\/2025\/10\/grafik-4.png\"><img decoding=\"async\" src=\"https:\/\/www.dr-thomas-hartung.de\/wp-content\/uploads\/2025\/10\/grafik-4.png\" alt=\"\" class=\"wp-image-6885\"\/><\/a><figcaption class=\"wp-element-caption\">Originalbild Ansage<\/figcaption><\/figure>\n\n\n\n<p>Mein neuer <a href=\"https:\/\/ansage.org\/das-verschwinden-des-buergers-im-oeffentlich-rechtlichen-rundfunk\/\" target=\"_blank\" rel=\"noreferrer noopener\">Ansagetext<\/a>, der gern verbreitet werden kann.<\/p>\n","protected":false},"excerpt":{"rendered":"<p>Als der \u201cS\u00fcdwestrundfunk\u201d (SWR) diese Woche von \u201eB\u00fcrgern\u201c und \u201eAfD-Anh\u00e4ngern\u201c sprach, meinte er es genau so, wie er es schrieb. \u201eAls ob letztere Untermenschen w\u00e4ren, deren GEZ-Beitrag man dennoch gerne nimmt\u201c, entsetzt sich der medienpolitische AfD-Fraktionssprecher Baden-W\u00fcrttembergs, Dennis Klecker \u00fcber den SWR-Beitrag zu den Vorf\u00e4llen beim AfD-B\u00fcrgerdialog in Gauersheim vergangene Woche.<\/p>\n","protected":false},"author":1,"featured_media":0,"comment_status":"open","ping_status":"open","sticky":false,"template":"","format":"standard","meta":[],"categories":[4,7],"tags":[],"_links":{"self":[{"href":"https:\/\/www.dr-thomas-hartung.de\/index.php?rest_route=\/wp\/v2\/posts\/6884"}],"collection":[{"href":"https:\/\/www.dr-thomas-hartung.de\/index.php?rest_route=\/wp\/v2\/posts"}],"about":[{"href":"https:\/\/www.dr-thomas-hartung.de\/index.php?rest_route=\/wp\/v2\/types\/post"}],"author":[{"embeddable":true,"href":"https:\/\/www.dr-thomas-hartung.de\/index.php?rest_route=\/wp\/v2\/users\/1"}],"replies":[{"embeddable":true,"href":"https:\/\/www.dr-thomas-hartung.de\/index.php?rest_route=%2Fwp%2Fv2%2Fcomments&post=6884"}],"version-history":[{"count":1,"href":"https:\/\/www.dr-thomas-hartung.de\/index.php?rest_route=\/wp\/v2\/posts\/6884\/revisions"}],"predecessor-version":[{"id":6886,"href":"https:\/\/www.dr-thomas-hartung.de\/index.php?rest_route=\/wp\/v2\/posts\/6884\/revisions\/6886"}],"wp:attachment":[{"href":"https:\/\/www.dr-thomas-hartung.de\/index.php?rest_route=%2Fwp%2Fv2%2Fmedia&parent=6884"}],"wp:term":[{"taxonomy":"category","embeddable":true,"href":"https:\/\/www.dr-thomas-hartung.de\/index.php?rest_route=%2Fwp%2Fv2%2Fcategories&post=6884"},{"taxonomy":"post_tag","embeddable":true,"href":"https:\/\/www.dr-thomas-hartung.de\/index.php?rest_route=%2Fwp%2Fv2%2Ftags&post=6884"}],"curies":[{"name":"wp","href":"https:\/\/api.w.org\/{rel}","templated":true}]}}