{"id":6900,"date":"2025-10-14T06:44:56","date_gmt":"2025-10-14T05:44:56","guid":{"rendered":"https:\/\/www.dr-thomas-hartung.de\/?p=6900"},"modified":"2025-10-15T06:47:31","modified_gmt":"2025-10-15T05:47:31","slug":"wieder-die-sprachlenkung","status":"publish","type":"post","link":"https:\/\/www.dr-thomas-hartung.de\/?p=6900","title":{"rendered":"Wieder die Sprachlenkung"},"content":{"rendered":"\n<p>Der Deutsche Kulturrat lehnte am 9. Oktober ein Verbot des Genderns in Kunst, Kultur und Medien ab \u2013 mit Verweis auf Kunst- und Medienfreiheit. Das klingt liberal. Doch der Streit dreht sich l\u00e4ngst nicht um Verbote, sondern um die schleichende Normierung \u00f6ffentlich finanzierter Sprache: Leitf\u00e4den, \u201eEmpfehlungen\u201c, F\u00f6rderroutinen.<\/p>\n\n\n\n<figure class=\"wp-block-image size-full\"><a href=\"https:\/\/www.dr-thomas-hartung.de\/wp-content\/uploads\/2025\/10\/grafik-9.png\"><img decoding=\"async\" src=\"https:\/\/www.dr-thomas-hartung.de\/wp-content\/uploads\/2025\/10\/grafik-9.png\" alt=\"\" class=\"wp-image-6901\"\/><\/a><figcaption class=\"wp-element-caption\">Originalbild Ansage<\/figcaption><\/figure>\n\n\n\n<p>Mein neuer <a href=\"https:\/\/ansage.org\/genderdebatte-wider-die-sprachlenkung\/\" target=\"_blank\" rel=\"noreferrer noopener\">Ansagetext<\/a>, der gern verbreitet werden kann.<\/p>\n","protected":false},"excerpt":{"rendered":"<p>Der Deutsche Kulturrat lehnte am 9. Oktober ein Verbot des Genderns in Kunst, Kultur und Medien ab \u2013 mit Verweis auf Kunst- und Medienfreiheit. Das klingt liberal. Doch der Streit dreht sich l\u00e4ngst nicht um Verbote, sondern um die schleichende Normierung \u00f6ffentlich finanzierter Sprache: Leitf\u00e4den, \u201eEmpfehlungen\u201c, F\u00f6rderroutinen. <\/p>\n","protected":false},"author":1,"featured_media":0,"comment_status":"open","ping_status":"open","sticky":false,"template":"","format":"standard","meta":[],"categories":[4,9],"tags":[],"_links":{"self":[{"href":"https:\/\/www.dr-thomas-hartung.de\/index.php?rest_route=\/wp\/v2\/posts\/6900"}],"collection":[{"href":"https:\/\/www.dr-thomas-hartung.de\/index.php?rest_route=\/wp\/v2\/posts"}],"about":[{"href":"https:\/\/www.dr-thomas-hartung.de\/index.php?rest_route=\/wp\/v2\/types\/post"}],"author":[{"embeddable":true,"href":"https:\/\/www.dr-thomas-hartung.de\/index.php?rest_route=\/wp\/v2\/users\/1"}],"replies":[{"embeddable":true,"href":"https:\/\/www.dr-thomas-hartung.de\/index.php?rest_route=%2Fwp%2Fv2%2Fcomments&post=6900"}],"version-history":[{"count":1,"href":"https:\/\/www.dr-thomas-hartung.de\/index.php?rest_route=\/wp\/v2\/posts\/6900\/revisions"}],"predecessor-version":[{"id":6902,"href":"https:\/\/www.dr-thomas-hartung.de\/index.php?rest_route=\/wp\/v2\/posts\/6900\/revisions\/6902"}],"wp:attachment":[{"href":"https:\/\/www.dr-thomas-hartung.de\/index.php?rest_route=%2Fwp%2Fv2%2Fmedia&parent=6900"}],"wp:term":[{"taxonomy":"category","embeddable":true,"href":"https:\/\/www.dr-thomas-hartung.de\/index.php?rest_route=%2Fwp%2Fv2%2Fcategories&post=6900"},{"taxonomy":"post_tag","embeddable":true,"href":"https:\/\/www.dr-thomas-hartung.de\/index.php?rest_route=%2Fwp%2Fv2%2Ftags&post=6900"}],"curies":[{"name":"wp","href":"https:\/\/api.w.org\/{rel}","templated":true}]}}