{"id":6926,"date":"2025-10-24T11:32:43","date_gmt":"2025-10-24T10:32:43","guid":{"rendered":"https:\/\/www.dr-thomas-hartung.de\/?p=6926"},"modified":"2025-11-12T06:46:45","modified_gmt":"2025-11-12T05:46:45","slug":"freiheit-statt-menschheit-2","status":"publish","type":"post","link":"https:\/\/www.dr-thomas-hartung.de\/?p=6926","title":{"rendered":"<strong>Freiheit statt Menschheit<\/strong>"},"content":{"rendered":"\n<p>Die Idee einer moralisch geeinten \u201eMenschheit\u201c, die als globales politisches Subjekt mit universellen Werten, einer gemeinsamen Ethik und einer weltumspannenden Stimme fungiert, geh\u00f6rt zu den letzten metaphysischen Gro\u00dfmythen der s\u00e4kularen Moderne. Ihre Verk\u00fcnder \u2013 von Philosophen \u00fcber Politiker und Denker wie Herfried M\u00fcnkler und Judith Shklar bis hin zu Journalisten wie Dieter Schnaas Anfang August in der <a href=\"https:\/\/www.wiwo.de\/politik\/deutschland\/die-welt-2025-ist-die-idee-der-menschheit-tot\/100145613.html\"><em>WirtschaftsWoche<\/em><\/a> (\u201eIst die Idee der Menschheit tot?\u201c) \u2013 bedienen sich hochtrabender Begriffe wie \u201eMenschenw\u00fcrde\u201c, \u201eWeltb\u00fcrgertum\u201c oder \u201eZivilisations\u00f6kumene\u201c. Diese Konzepte suggerieren eine harmonische Einheit, die jenseits historischer, kultureller oder politischer Differenzen existiert. Sie klingen nach moralischer Vollendung, entpuppen sich jedoch bei n\u00e4herer Betrachtung als ideologisch aufgeladener Utopismus, der die Realit\u00e4t des Politischen und die Vielfalt der Geschichte verkennt.<\/p>\n\n\n\n<figure class=\"wp-block-image size-full\"><a href=\"https:\/\/www.dr-thomas-hartung.de\/wp-content\/uploads\/2025\/11\/grafik-7.png\"><img decoding=\"async\" src=\"https:\/\/www.dr-thomas-hartung.de\/wp-content\/uploads\/2025\/11\/grafik-7.png\" alt=\"\" class=\"wp-image-6968\"\/><\/a><figcaption class=\"wp-element-caption\">Originalbild Ansage<\/figcaption><\/figure>\n\n\n\n<p>Mein neuer <a href=\"https:\/\/ansage.org\/freiheit-statt-menschheit\/\" target=\"_blank\" rel=\"noreferrer noopener\">Ansagtetext<\/a>, der gern verbreitet werden kann.<\/p>\n","protected":false},"excerpt":{"rendered":"<p>J\u00fcngst feierte die Idee der \u201eMenschheit\u201c als universalistische Utopie mal wieder fr\u00f6hliche Urst\u00e4nd. Das ist ahistorisch, pseudoharmonisch und kulturignorant. Eine Replik.<\/p>\n","protected":false},"author":1,"featured_media":0,"comment_status":"open","ping_status":"open","sticky":false,"template":"","format":"standard","meta":[],"categories":[4,9],"tags":[],"_links":{"self":[{"href":"https:\/\/www.dr-thomas-hartung.de\/index.php?rest_route=\/wp\/v2\/posts\/6926"}],"collection":[{"href":"https:\/\/www.dr-thomas-hartung.de\/index.php?rest_route=\/wp\/v2\/posts"}],"about":[{"href":"https:\/\/www.dr-thomas-hartung.de\/index.php?rest_route=\/wp\/v2\/types\/post"}],"author":[{"embeddable":true,"href":"https:\/\/www.dr-thomas-hartung.de\/index.php?rest_route=\/wp\/v2\/users\/1"}],"replies":[{"embeddable":true,"href":"https:\/\/www.dr-thomas-hartung.de\/index.php?rest_route=%2Fwp%2Fv2%2Fcomments&post=6926"}],"version-history":[{"count":2,"href":"https:\/\/www.dr-thomas-hartung.de\/index.php?rest_route=\/wp\/v2\/posts\/6926\/revisions"}],"predecessor-version":[{"id":6969,"href":"https:\/\/www.dr-thomas-hartung.de\/index.php?rest_route=\/wp\/v2\/posts\/6926\/revisions\/6969"}],"wp:attachment":[{"href":"https:\/\/www.dr-thomas-hartung.de\/index.php?rest_route=%2Fwp%2Fv2%2Fmedia&parent=6926"}],"wp:term":[{"taxonomy":"category","embeddable":true,"href":"https:\/\/www.dr-thomas-hartung.de\/index.php?rest_route=%2Fwp%2Fv2%2Fcategories&post=6926"},{"taxonomy":"post_tag","embeddable":true,"href":"https:\/\/www.dr-thomas-hartung.de\/index.php?rest_route=%2Fwp%2Fv2%2Ftags&post=6926"}],"curies":[{"name":"wp","href":"https:\/\/api.w.org\/{rel}","templated":true}]}}