{"id":6938,"date":"2025-10-27T18:59:29","date_gmt":"2025-10-27T17:59:29","guid":{"rendered":"https:\/\/www.dr-thomas-hartung.de\/?p=6938"},"modified":"2025-10-27T18:59:30","modified_gmt":"2025-10-27T17:59:30","slug":"gott-ist-nicht-queer","status":"publish","type":"post","link":"https:\/\/www.dr-thomas-hartung.de\/?p=6938","title":{"rendered":"Gott ist nicht queer"},"content":{"rendered":"\n<p>Es war eine bezeichnende Pointe des deutschen Herbstes 2025: Das \u00f6ffentlich-rechtliche ZDF, finanziert von Zwangsgeb\u00fchren, \u00fcbertrug am 26. Oktober 2025 erstmals einen katholischen Gottesdienst aus einer sogenannten Queer-Gemeinde. Die Messe unter dem Motto \u201eWer bin ich \u2013 f\u00fcr dich?\u201c wird als historische Premiere vermarktet: 90 Minuten Weihrauch, Predigt und Kamerakran.<\/p>\n\n\n\n<figure class=\"wp-block-image size-full\"><a href=\"https:\/\/www.dr-thomas-hartung.de\/wp-content\/uploads\/2025\/10\/grafik-18.png\"><img decoding=\"async\" src=\"https:\/\/www.dr-thomas-hartung.de\/wp-content\/uploads\/2025\/10\/grafik-18.png\" alt=\"\" class=\"wp-image-6939\"\/><\/a><figcaption class=\"wp-element-caption\">Originalbild Ansage<\/figcaption><\/figure>\n\n\n\n<p>Mein neuer <a href=\"https:\/\/ansage.org\/regenbogenmesse-im-zdf-gott-ist-nicht-queer\/\" target=\"_blank\" rel=\"noreferrer noopener\">Ansage-Essay<\/a>, der gern verbreitet werden kann.<\/p>\n","protected":false},"excerpt":{"rendered":"<p>Es war eine bezeichnende Pointe des deutschen Herbstes 2025: Das \u00f6ffentlich-rechtliche ZDF, finanziert von Zwangsgeb\u00fchren, \u00fcbertrug am 26. Oktober 2025 erstmals einen katholischen Gottesdienst aus einer sogenannten Queer-Gemeinde. Die Messe unter dem Motto \u201eWer bin ich \u2013 f\u00fcr dich?\u201c wird als historische Premiere vermarktet: 90 Minuten Weihrauch, Predigt und Kamerakran.<\/p>\n","protected":false},"author":1,"featured_media":0,"comment_status":"open","ping_status":"open","sticky":false,"template":"","format":"standard","meta":[],"categories":[4,9],"tags":[],"_links":{"self":[{"href":"https:\/\/www.dr-thomas-hartung.de\/index.php?rest_route=\/wp\/v2\/posts\/6938"}],"collection":[{"href":"https:\/\/www.dr-thomas-hartung.de\/index.php?rest_route=\/wp\/v2\/posts"}],"about":[{"href":"https:\/\/www.dr-thomas-hartung.de\/index.php?rest_route=\/wp\/v2\/types\/post"}],"author":[{"embeddable":true,"href":"https:\/\/www.dr-thomas-hartung.de\/index.php?rest_route=\/wp\/v2\/users\/1"}],"replies":[{"embeddable":true,"href":"https:\/\/www.dr-thomas-hartung.de\/index.php?rest_route=%2Fwp%2Fv2%2Fcomments&post=6938"}],"version-history":[{"count":1,"href":"https:\/\/www.dr-thomas-hartung.de\/index.php?rest_route=\/wp\/v2\/posts\/6938\/revisions"}],"predecessor-version":[{"id":6940,"href":"https:\/\/www.dr-thomas-hartung.de\/index.php?rest_route=\/wp\/v2\/posts\/6938\/revisions\/6940"}],"wp:attachment":[{"href":"https:\/\/www.dr-thomas-hartung.de\/index.php?rest_route=%2Fwp%2Fv2%2Fmedia&parent=6938"}],"wp:term":[{"taxonomy":"category","embeddable":true,"href":"https:\/\/www.dr-thomas-hartung.de\/index.php?rest_route=%2Fwp%2Fv2%2Fcategories&post=6938"},{"taxonomy":"post_tag","embeddable":true,"href":"https:\/\/www.dr-thomas-hartung.de\/index.php?rest_route=%2Fwp%2Fv2%2Ftags&post=6938"}],"curies":[{"name":"wp","href":"https:\/\/api.w.org\/{rel}","templated":true}]}}