{"id":6950,"date":"2025-11-03T06:17:00","date_gmt":"2025-11-03T05:17:00","guid":{"rendered":"https:\/\/www.dr-thomas-hartung.de\/?p=6950"},"modified":"2025-11-02T16:19:21","modified_gmt":"2025-11-02T15:19:21","slug":"framing-und-kein-ende","status":"publish","type":"post","link":"https:\/\/www.dr-thomas-hartung.de\/?p=6950","title":{"rendered":"Framing und kein Ende"},"content":{"rendered":"\n<p>Wie reden wir \u00fcber ein Thema, das das Land ver\u00e4ndert \u2013 \u00fcber Migration? Und wer bestimmt die W\u00f6rter, mit denen wir uns verst\u00e4ndigen? Die Enth\u00fcllungen \u00fcber interne Sprachkurse f\u00fcr ARD und ZDF, mit denen Sprachregelungen und \u201cWording\u201d der Redakteure reguliert werden, zeigt eine bedrohliche Entwicklung, die man nicht als Einzelfall abtun sollte \u2013 denn es ist eine Methode.<\/p>\n\n\n\n<figure class=\"wp-block-image size-full\"><a href=\"https:\/\/www.dr-thomas-hartung.de\/wp-content\/uploads\/2025\/11\/grafik-2.png\"><img decoding=\"async\" src=\"https:\/\/www.dr-thomas-hartung.de\/wp-content\/uploads\/2025\/11\/grafik-2.png\" alt=\"\" class=\"wp-image-6951\"\/><\/a><figcaption class=\"wp-element-caption\">Originalbild Ansage<\/figcaption><\/figure>\n\n\n\n<p>Mein neuer <a rel=\"noreferrer noopener\" href=\"https:\/\/ansage.org\/framing-und-kein-ende-politische-spracherziehung-fuer-ard-und-zdf-redakteure-beim-thema-migration\/\" target=\"_blank\">Ansagetext<\/a>, der gern verbreitet werden kann. <\/p>\n","protected":false},"excerpt":{"rendered":"<p>Wie reden wir \u00fcber ein Thema, das das Land ver\u00e4ndert \u2013 \u00fcber Migration? Und wer bestimmt die W\u00f6rter, mit denen wir uns verst\u00e4ndigen? Die Enth\u00fcllungen \u00fcber interne Sprachkurse f\u00fcr ARD und ZDF, mit denen Sprachregelungen und \u201cWording\u201d der Redakteure reguliert werden, zeigt eine bedrohliche Entwicklung<\/p>\n","protected":false},"author":1,"featured_media":0,"comment_status":"open","ping_status":"open","sticky":false,"template":"","format":"standard","meta":[],"categories":[4,9],"tags":[],"_links":{"self":[{"href":"https:\/\/www.dr-thomas-hartung.de\/index.php?rest_route=\/wp\/v2\/posts\/6950"}],"collection":[{"href":"https:\/\/www.dr-thomas-hartung.de\/index.php?rest_route=\/wp\/v2\/posts"}],"about":[{"href":"https:\/\/www.dr-thomas-hartung.de\/index.php?rest_route=\/wp\/v2\/types\/post"}],"author":[{"embeddable":true,"href":"https:\/\/www.dr-thomas-hartung.de\/index.php?rest_route=\/wp\/v2\/users\/1"}],"replies":[{"embeddable":true,"href":"https:\/\/www.dr-thomas-hartung.de\/index.php?rest_route=%2Fwp%2Fv2%2Fcomments&post=6950"}],"version-history":[{"count":1,"href":"https:\/\/www.dr-thomas-hartung.de\/index.php?rest_route=\/wp\/v2\/posts\/6950\/revisions"}],"predecessor-version":[{"id":6952,"href":"https:\/\/www.dr-thomas-hartung.de\/index.php?rest_route=\/wp\/v2\/posts\/6950\/revisions\/6952"}],"wp:attachment":[{"href":"https:\/\/www.dr-thomas-hartung.de\/index.php?rest_route=%2Fwp%2Fv2%2Fmedia&parent=6950"}],"wp:term":[{"taxonomy":"category","embeddable":true,"href":"https:\/\/www.dr-thomas-hartung.de\/index.php?rest_route=%2Fwp%2Fv2%2Fcategories&post=6950"},{"taxonomy":"post_tag","embeddable":true,"href":"https:\/\/www.dr-thomas-hartung.de\/index.php?rest_route=%2Fwp%2Fv2%2Ftags&post=6950"}],"curies":[{"name":"wp","href":"https:\/\/api.w.org\/{rel}","templated":true}]}}