{"id":6963,"date":"2025-11-08T21:14:41","date_gmt":"2025-11-08T20:14:41","guid":{"rendered":"https:\/\/www.dr-thomas-hartung.de\/?p=6963"},"modified":"2025-11-12T06:43:21","modified_gmt":"2025-11-12T05:43:21","slug":"6963","status":"publish","type":"post","link":"https:\/\/www.dr-thomas-hartung.de\/?p=6963","title":{"rendered":"Die Kampflinie der Worte"},"content":{"rendered":"\n<p>Zwischen der Internetseite <em>Ich-habe-mitgemacht.de<\/em>, die der deutsch-schweizerische Journalist und \u201cKontrafunk\u201d-Gr\u00fcndungschef Burkhard M\u00fcller-Ullrich seit 2022 betreibt, und der aktuellen bayrischen Gr\u00fcnen-Publikation <em>Aus Worten werden Taten<\/em>, verantwortet von M\u00fcnchner Landtagsabgeordneten Toni Schuberl, spannt sich seit diesem Herbst eine Kampfzone der Zitate. Beide sammelten S\u00e4tze, beide behaupten Aufkl\u00e4rung \u2013 doch sie tun es in zwei entgegengesetzten Moralkategorien.<\/p>\n\n\n\n<figure class=\"wp-block-image size-full\"><a href=\"https:\/\/www.dr-thomas-hartung.de\/wp-content\/uploads\/2025\/11\/grafik-6.png\"><img decoding=\"async\" src=\"https:\/\/www.dr-thomas-hartung.de\/wp-content\/uploads\/2025\/11\/grafik-6.png\" alt=\"\" class=\"wp-image-6964\"\/><\/a><figcaption class=\"wp-element-caption\">Originalbild Ansage.<\/figcaption><\/figure>\n\n\n\n<p>Mein neuer <a href=\"https:\/\/ansage.org\/die-kampflinie-der-worte\/\" target=\"_blank\" rel=\"noreferrer noopener\">Ansagetext<\/a>, der gern verbreitet werden kann.<\/p>\n","protected":false},"excerpt":{"rendered":"<p>Zwischen der Internetseite Ich-habe-mitgemacht.de, die der deutsch-schweizerische Journalist und \u201cKontrafunk\u201d-Gr\u00fcndungschef Burkhard M\u00fcller-Ullrich seit 2022 betreibt, und der aktuellen bayrischen Gr\u00fcnen-Publikation Aus Worten werden Taten, verantwortet von M\u00fcnchner Landtagsabgeordneten Toni Schuberl, spannt sich seit diesem Herbst eine Kampfzone der Zitate. Beide sammelten S\u00e4tze, beide behaupten Aufkl\u00e4rung \u2013 doch sie tun es in zwei entgegengesetzten Moralkategorien.<\/p>\n","protected":false},"author":1,"featured_media":0,"comment_status":"open","ping_status":"open","sticky":false,"template":"","format":"standard","meta":[],"categories":[4,9],"tags":[],"_links":{"self":[{"href":"https:\/\/www.dr-thomas-hartung.de\/index.php?rest_route=\/wp\/v2\/posts\/6963"}],"collection":[{"href":"https:\/\/www.dr-thomas-hartung.de\/index.php?rest_route=\/wp\/v2\/posts"}],"about":[{"href":"https:\/\/www.dr-thomas-hartung.de\/index.php?rest_route=\/wp\/v2\/types\/post"}],"author":[{"embeddable":true,"href":"https:\/\/www.dr-thomas-hartung.de\/index.php?rest_route=\/wp\/v2\/users\/1"}],"replies":[{"embeddable":true,"href":"https:\/\/www.dr-thomas-hartung.de\/index.php?rest_route=%2Fwp%2Fv2%2Fcomments&post=6963"}],"version-history":[{"count":2,"href":"https:\/\/www.dr-thomas-hartung.de\/index.php?rest_route=\/wp\/v2\/posts\/6963\/revisions"}],"predecessor-version":[{"id":6966,"href":"https:\/\/www.dr-thomas-hartung.de\/index.php?rest_route=\/wp\/v2\/posts\/6963\/revisions\/6966"}],"wp:attachment":[{"href":"https:\/\/www.dr-thomas-hartung.de\/index.php?rest_route=%2Fwp%2Fv2%2Fmedia&parent=6963"}],"wp:term":[{"taxonomy":"category","embeddable":true,"href":"https:\/\/www.dr-thomas-hartung.de\/index.php?rest_route=%2Fwp%2Fv2%2Fcategories&post=6963"},{"taxonomy":"post_tag","embeddable":true,"href":"https:\/\/www.dr-thomas-hartung.de\/index.php?rest_route=%2Fwp%2Fv2%2Ftags&post=6963"}],"curies":[{"name":"wp","href":"https:\/\/api.w.org\/{rel}","templated":true}]}}