{"id":6970,"date":"2025-11-10T17:10:09","date_gmt":"2025-11-10T16:10:09","guid":{"rendered":"https:\/\/www.dr-thomas-hartung.de\/?p=6970"},"modified":"2025-11-13T17:12:34","modified_gmt":"2025-11-13T16:12:34","slug":"warum-schiller-sido-schlaegt","status":"publish","type":"post","link":"https:\/\/www.dr-thomas-hartung.de\/?p=6970","title":{"rendered":"Warum Schiller Sido schl\u00e4gt"},"content":{"rendered":"\n<p>In einer Zeit, in der die kulturelle Identit\u00e4t Deutschlands unter dem Druck gesellschaftlicher Ver\u00e4nderungen zu zerfasern droht, ert\u00f6nt aus den Reihen der Berliner Sch\u00fclerschaft ein Ruf, der nicht nur symptomatisch f\u00fcr eine tiefgreifende Krise ist, sondern geradezu deren Beschleuniger: \u201e<em>Sido statt Schiller!<\/em>\u201c<\/p>\n\n\n\n<figure class=\"wp-block-image size-full\"><a href=\"https:\/\/www.dr-thomas-hartung.de\/wp-content\/uploads\/2025\/11\/grafik-8.png\"><img decoding=\"async\" src=\"https:\/\/www.dr-thomas-hartung.de\/wp-content\/uploads\/2025\/11\/grafik-8.png\" alt=\"\" class=\"wp-image-6971\"\/><\/a><figcaption class=\"wp-element-caption\">Originalbild Ansage<\/figcaption><\/figure>\n\n\n\n<p>Mein neuer <a href=\"https:\/\/ansage.org\/warum-schiller-sido-schlaegt\/\" target=\"_blank\" rel=\"noreferrer noopener\">Ansage-Text<\/a>, der gern verbreitet werden kann.<\/p>\n","protected":false},"excerpt":{"rendered":"<p>In einer Zeit, in der die kulturelle Identit\u00e4t Deutschlands unter dem Druck gesellschaftlicher Ver\u00e4nderungen zu zerfasern droht, ert\u00f6nt aus den Reihen der Berliner Sch\u00fclerschaft ein Ruf, der nicht nur symptomatisch f\u00fcr eine tiefgreifende Krise ist, sondern geradezu deren Beschleuniger: \u201eSido statt Schiller!\u201c<\/p>\n","protected":false},"author":1,"featured_media":0,"comment_status":"open","ping_status":"open","sticky":false,"template":"","format":"standard","meta":[],"categories":[4,8],"tags":[],"_links":{"self":[{"href":"https:\/\/www.dr-thomas-hartung.de\/index.php?rest_route=\/wp\/v2\/posts\/6970"}],"collection":[{"href":"https:\/\/www.dr-thomas-hartung.de\/index.php?rest_route=\/wp\/v2\/posts"}],"about":[{"href":"https:\/\/www.dr-thomas-hartung.de\/index.php?rest_route=\/wp\/v2\/types\/post"}],"author":[{"embeddable":true,"href":"https:\/\/www.dr-thomas-hartung.de\/index.php?rest_route=\/wp\/v2\/users\/1"}],"replies":[{"embeddable":true,"href":"https:\/\/www.dr-thomas-hartung.de\/index.php?rest_route=%2Fwp%2Fv2%2Fcomments&post=6970"}],"version-history":[{"count":1,"href":"https:\/\/www.dr-thomas-hartung.de\/index.php?rest_route=\/wp\/v2\/posts\/6970\/revisions"}],"predecessor-version":[{"id":6972,"href":"https:\/\/www.dr-thomas-hartung.de\/index.php?rest_route=\/wp\/v2\/posts\/6970\/revisions\/6972"}],"wp:attachment":[{"href":"https:\/\/www.dr-thomas-hartung.de\/index.php?rest_route=%2Fwp%2Fv2%2Fmedia&parent=6970"}],"wp:term":[{"taxonomy":"category","embeddable":true,"href":"https:\/\/www.dr-thomas-hartung.de\/index.php?rest_route=%2Fwp%2Fv2%2Fcategories&post=6970"},{"taxonomy":"post_tag","embeddable":true,"href":"https:\/\/www.dr-thomas-hartung.de\/index.php?rest_route=%2Fwp%2Fv2%2Ftags&post=6970"}],"curies":[{"name":"wp","href":"https:\/\/api.w.org\/{rel}","templated":true}]}}