{"id":6990,"date":"2025-11-20T13:46:59","date_gmt":"2025-11-20T12:46:59","guid":{"rendered":"https:\/\/www.dr-thomas-hartung.de\/?p=6990"},"modified":"2025-11-23T17:24:05","modified_gmt":"2025-11-23T16:24:05","slug":"der-fall-melle-keine-anomalie-sondern-symptom","status":"publish","type":"post","link":"https:\/\/www.dr-thomas-hartung.de\/?p=6990","title":{"rendered":"Der Fall Melle: keine Anomalie, sondern Symptom"},"content":{"rendered":"\n<p>Das Tragen von Kopft\u00fcchern sei eine grundgesetzlich gesch\u00fctzte Aus\u00fcbung der Religionsfreiheit und daher \u201egrunds\u00e4tzlich zul\u00e4ssig\u201c an Schulen \u2013 und eine Antragspflicht deshalb damit unvereinbar. Die Schule kapituliert prompt: Der Brief wird korrigiert, die Schulordnung angepasst. Unterwerfung.<\/p>\n\n\n\n<figure class=\"wp-block-image size-large\"><a href=\"https:\/\/www.dr-thomas-hartung.de\/wp-content\/uploads\/2025\/11\/image.png\"><img decoding=\"async\" loading=\"lazy\" width=\"1024\" height=\"708\" src=\"https:\/\/www.dr-thomas-hartung.de\/wp-content\/uploads\/2025\/11\/image-1024x708.png\" alt=\"\" class=\"wp-image-6991\"\/><\/a><figcaption class=\"wp-element-caption\">Originalbild Ansage<\/figcaption><\/figure>\n\n\n\n<p>Mein neuer <a href=\"https:\/\/ansage.org\/der-fall-melle-keine-anomalie-sondern-symptom\/\" target=\"_blank\" rel=\"noreferrer noopener\">Ansagtetext<\/a>, der gern verbreitet werden kann.<\/p>\n","protected":false},"excerpt":{"rendered":"<p>Das Tragen von Kopft\u00fcchern sei eine grundgesetzlich gesch\u00fctzte Aus\u00fcbung der Religionsfreiheit und daher \u201egrunds\u00e4tzlich zul\u00e4ssig\u201c an Schulen \u2013 und eine Antragspflicht deshalb damit unvereinbar. Die Schule kapituliert prompt: Der Brief wird korrigiert, die Schulordnung angepasst. Unterwerfung.<\/p>\n","protected":false},"author":1,"featured_media":0,"comment_status":"open","ping_status":"open","sticky":false,"template":"","format":"standard","meta":[],"categories":[6,4],"tags":[],"_links":{"self":[{"href":"https:\/\/www.dr-thomas-hartung.de\/index.php?rest_route=\/wp\/v2\/posts\/6990"}],"collection":[{"href":"https:\/\/www.dr-thomas-hartung.de\/index.php?rest_route=\/wp\/v2\/posts"}],"about":[{"href":"https:\/\/www.dr-thomas-hartung.de\/index.php?rest_route=\/wp\/v2\/types\/post"}],"author":[{"embeddable":true,"href":"https:\/\/www.dr-thomas-hartung.de\/index.php?rest_route=\/wp\/v2\/users\/1"}],"replies":[{"embeddable":true,"href":"https:\/\/www.dr-thomas-hartung.de\/index.php?rest_route=%2Fwp%2Fv2%2Fcomments&post=6990"}],"version-history":[{"count":2,"href":"https:\/\/www.dr-thomas-hartung.de\/index.php?rest_route=\/wp\/v2\/posts\/6990\/revisions"}],"predecessor-version":[{"id":7005,"href":"https:\/\/www.dr-thomas-hartung.de\/index.php?rest_route=\/wp\/v2\/posts\/6990\/revisions\/7005"}],"wp:attachment":[{"href":"https:\/\/www.dr-thomas-hartung.de\/index.php?rest_route=%2Fwp%2Fv2%2Fmedia&parent=6990"}],"wp:term":[{"taxonomy":"category","embeddable":true,"href":"https:\/\/www.dr-thomas-hartung.de\/index.php?rest_route=%2Fwp%2Fv2%2Fcategories&post=6990"},{"taxonomy":"post_tag","embeddable":true,"href":"https:\/\/www.dr-thomas-hartung.de\/index.php?rest_route=%2Fwp%2Fv2%2Ftags&post=6990"}],"curies":[{"name":"wp","href":"https:\/\/api.w.org\/{rel}","templated":true}]}}