{"id":700,"date":"2011-03-30T00:00:33","date_gmt":"2011-03-29T23:00:33","guid":{"rendered":"http:\/\/www.dr-thomas-hartung.de\/?p=700"},"modified":"2011-07-24T13:54:05","modified_gmt":"2011-07-24T12:54:05","slug":"%e2%80%9cich-habe-meine-traume-leben-durfen-was-will-man-mehr%e2%80%9d","status":"publish","type":"post","link":"https:\/\/www.dr-thomas-hartung.de\/?p=700","title":{"rendered":"\u201cIch habe meine Tr\u00e4ume leben d\u00fcrfen, was will man mehr?\u201d"},"content":{"rendered":"<p>Medial bestens pr\u00e4sent ist er ja schon seit Tagen und auch N\u00e4chten (vom Samstag zum Sonntag war \u201e<a href=\"http:\/\/www.wdr.de\/tv\/rockpalast\/sendungsbeitraege\/2011\/0326\/\" target=\"_blank\">Niedecken-Nacht<\/a>\u201c auf WDR 3), obwohl er erst heute <strong>60<\/strong> wird: <span style=\"color: #ff9900;\"><strong>Wolfgang Niedecken<\/strong><\/span>. Der Mann ist sozial engagiert, malerisch begabt, musikalischer Globetrotter (von Konzerten mit Bruce Springsteen bis zur Beteiligung am preisgekr\u00f6nten \u201e<a href=\"http:\/\/www.rilke-projekt.de\/das-rilke-projekt\/rilke-3-ueberfliessende-himmel\/\" target=\"_blank\">Rilke-Projekt<\/a>\u201c) &#8211; einfach ein guter Musiker; auch wenn man sich in seinen Regiolekt erst einh\u00f6ren muss&#8230; Ich verbinde mit ihm, oder besser ihm und <a href=\"http:\/\/www.bap.de\/start\/\" target=\"_blank\">BAP<\/a>, zwei wesentliche Erinnerungen aus den Anfangsachtzigern, als ich gerade in Magdeburg zu studieren begann.<\/p>\n<p>Die erste ist die LP \u201e<a href=\"http:\/\/www.bap.de\/start\/musik\/alben\/vun-drinne-noh-drusse-remastered\" target=\"_blank\">Vun drinne noh drusse<\/a>\u201c, von der Niedecken gern kolportiert, dass mit <a href=\"http:\/\/www.amiga-musik.de\/neu\/index.php?id=9\" target=\"_blank\">AMIGA<\/a> eine Auflage von 50 000 Platten vertraglich vereinbart gewesen sei, er aber \u201emindestens 800 000 signiert\u201c habe&#8230; Wer jemals in der DDR eine Lizenzplatte im wahrsten Wortsinn \u201eerstanden\u201c hat, wird nie die Gl\u00fcckshormone vergessen, die sich nach erfolgreichem Erwerb im K\u00f6rper einstellten. Ein Erwerb \u00fcbrigens, der mich umgerechnet mehr als anderthalb Monatswarmmieten im Studentenwohnheim oder ca. 29 Mensa-Essen oder 322 Br\u00f6tchen kostete \u2013 soviel nebenbei zur haneb\u00fcchenen \u00d6konomie dieses Staatswesens. Und auf dieser LP finden sich zwei Balladen, die ich bis heute zum Besten z\u00e4hle, was deutsche Musiker je eingespielt haben: \u201eDo kanns zaubere\u201c und \u201eEins f\u00fcr Carmen un en Insel\u201c. Ich wei\u00df heute, dass beide Lieder f\u00fcr Frauen entstanden waren: das erste reichlich promilleselig am Fenster tr\u00e4umend f\u00fcr eine Wahrsagerin, das zweite schwitzend am Strand der griechischen Insel Zakynthos, auf der Gitarre klimpernd, die Noch-Ehefrau im Blick:<\/p>\n<blockquote>\n<address>\u201e\u2026die ganze Insel unser Zimmer ist,<\/address>\n<address>der Strand das Bett im Himmel ist,<\/address>\n<address>wo Carmen dann der Engel ist,<\/address>\n<address>der sich und mich erl\u00f6st&#8230;\u201c<\/address>\n<\/blockquote>\n<p>Ich habe gerade dieses Lied rauf und runter gespielt, was dem Zustand des Vinyls nicht unbedingt zutr\u00e4glich war, wohl aber dem meiner liebesgeplagten Seele\u2026<\/p>\n<p style=\"text-align: center;\">\n<div id=\"attachment_701\" style=\"width: 490px\" class=\"wp-caption aligncenter\"><a href=\"https:\/\/www.dr-thomas-hartung.de\/wp-content\/uploads\/2011\/03\/bap.jpg\"><img aria-describedby=\"caption-attachment-701\" decoding=\"async\" loading=\"lazy\" class=\"size-full wp-image-701 \" title=\"bap\" src=\"https:\/\/www.dr-thomas-hartung.de\/wp-content\/uploads\/2011\/03\/bap.jpg\" alt=\"\" width=\"480\" height=\"320\" srcset=\"https:\/\/www.dr-thomas-hartung.de\/wp-content\/uploads\/2011\/03\/bap.jpg 800w, https:\/\/www.dr-thomas-hartung.de\/wp-content\/uploads\/2011\/03\/bap-300x199.jpg 300w\" sizes=\"(max-width: 480px) 100vw, 480px\" \/><\/a><p id=\"caption-attachment-701\" class=\"wp-caption-text\">Quelle: http:\/\/de.wikipedia.org\/w\/index.php?title=Datei:Wolfgang_Niedecken_HagenU.jpg&amp;filetimestamp=20091216182708<\/p><\/div>\n<p>Die zweite ist das Magdeburger Mini-Konzert vom Dezember 1983, damals Ausgangspunkt einer kulturpolitischen Farce. Kurz davor war schon bekanntgeworden: BAP tourt durch 14 St\u00e4dte!!! Aber bis ich davon erfahren hatte, waren die Konzertkarten l\u00e4ngst \u201eausverkauft\u201c (will vor allem hei\u00dfen \u201evon Funktion\u00e4ren verteilt\u201c). In diesem Dezember nun spielte BAP (Playback) drei Titel in der (einzigen) Jugendsendung des DDR-Fernsehens \u201eRund\u201c, die in jenem Monat aus meiner Studienstadt gesendet wurde \u2013 ich hatte wieder keine Chance, live dabei zu sein, aber sah die Aufzeichnung. Ich wei\u00df ebenfalls erst heute, dass die Band schon zu diesem Auftritt zu Aussagen etwa der Art gen\u00f6tigt werden sollte, dass die SS 20 der Sowjetunion Friedensraketen seien und die ganze DDR eine einzige gro\u00dfe Friedensbewegung. Aus Frust dar\u00fcber schrieb Niedecken seine Botschaft in einen neuen Song \u201eDeshalv spill mer he\u201c (\u201eDeshalb spielen wir hier\u201c), der die Solidarit\u00e4t aller Pazifisten thematisiert.<\/p>\n<p>Es war ein \u201ek\u00f6lsches Lied\u201c, das SED und FDJ so herausforderte. Am 12. Januar 1984, schon im \u201eHotel Unter den Linden&#8220;, versuchte der DDR-Machtapparat BAP den ganzen Tag lang zu \u00fcberreden, darauf zu verzichten \u2013 vergebens. Die bereits ausverkaufte Tournee wurde dann verboten und abgesagt. Am Abend des 13. Januar \u2013 das erste Konzert im Rahmen der Reihe \u201e<a href=\"http:\/\/de.wikipedia.org\/wiki\/Rock_f%C3%BCr_den_Frieden\" target=\"_blank\">Rock f\u00fcr den Frieden<\/a>\u201c sollte live aus dem Palast der Republik \u00fcbertragen werden \u2013 meinte der Ansager, dass BAP nicht bereit gewesen sei, \u201eunter dem Logo der wei\u00dfen Taube auf blauem Grund\u201c zu spielen. Als er stattdessen die \u201ePuhdys\u201c ank\u00fcndigte, erhob sich ein Pfeifkonzert. Wir sa\u00dfen im Wohnheim vor dem Fernseher und verstanden die Welt nicht mehr&#8230;<\/p>\n<div id=\"attachment_702\" style=\"width: 239px\" class=\"wp-caption aligncenter\"><a href=\"https:\/\/www.dr-thomas-hartung.de\/wp-content\/uploads\/2011\/03\/bap_merch.jpg\"><img aria-describedby=\"caption-attachment-702\" decoding=\"async\" loading=\"lazy\" class=\"size-full wp-image-702\" title=\"bap_merch\" src=\"https:\/\/www.dr-thomas-hartung.de\/wp-content\/uploads\/2011\/03\/bap_merch.jpg\" alt=\"\" width=\"229\" height=\"320\" srcset=\"https:\/\/www.dr-thomas-hartung.de\/wp-content\/uploads\/2011\/03\/bap_merch.jpg 229w, https:\/\/www.dr-thomas-hartung.de\/wp-content\/uploads\/2011\/03\/bap_merch-214x300.jpg 214w\" sizes=\"(max-width: 229px) 100vw, 229px\" \/><\/a><p id=\"caption-attachment-702\" class=\"wp-caption-text\">Alles war fertig \u2013 und wurde dann doch nicht gebraucht. Quelle:  http:\/\/www.museumsmagazin.com\/speicher\/archiv\/3-2002\/titel\/interview.php<\/p><\/div>\n<p>Niedecken machte sp\u00e4ter einen Song \u00fcber den \u00fcberst\u00fcrzten Abgang: \u201eUnger Linde, een Berlin\u201c. Und er machte mit \u201eAlles em Lot\u201c ein paar Wochen nach der Einheit auch noch eine sch\u00f6ne Ballade. Aber kein anderes Lied hat in mir wieder zum Klingen gebracht, was da 1983 klang.<\/p>\n<p><strong>Alles Gute, Wolfgang!<\/strong><\/p>\n","protected":false},"excerpt":{"rendered":"<p>Medial bestens pr\u00e4sent ist er ja schon seit Tagen und auch N\u00e4chten (vom Samstag zum Sonntag war \u201eNiedecken-Nacht\u201c auf WDR 3), obwohl er erst heute 60 wird: Wolfgang Niedecken. Der Mann ist sozial engagiert, malerisch begabt, musikalischer Globetrotter (von Konzerten mit Bruce Springsteen bis zur Beteiligung am preisgekr\u00f6nten \u201eRilke-Projekt\u201c) \u2013 einfach ein guter Musiker; auch wenn man sich in seinen Regiolekt erst einh\u00f6ren muss\u2026 Ich verbinde mit ihm, oder besser ihm und BAP, zwei wesentliche Erinnerungen aus den Anfangsachtzigern, als ich gerade in Magdeburg zu studieren begann.<\/p>\n","protected":false},"author":1,"featured_media":0,"comment_status":"open","ping_status":"open","sticky":false,"template":"","format":"standard","meta":[],"categories":[1,8],"tags":[],"_links":{"self":[{"href":"https:\/\/www.dr-thomas-hartung.de\/index.php?rest_route=\/wp\/v2\/posts\/700"}],"collection":[{"href":"https:\/\/www.dr-thomas-hartung.de\/index.php?rest_route=\/wp\/v2\/posts"}],"about":[{"href":"https:\/\/www.dr-thomas-hartung.de\/index.php?rest_route=\/wp\/v2\/types\/post"}],"author":[{"embeddable":true,"href":"https:\/\/www.dr-thomas-hartung.de\/index.php?rest_route=\/wp\/v2\/users\/1"}],"replies":[{"embeddable":true,"href":"https:\/\/www.dr-thomas-hartung.de\/index.php?rest_route=%2Fwp%2Fv2%2Fcomments&post=700"}],"version-history":[{"count":40,"href":"https:\/\/www.dr-thomas-hartung.de\/index.php?rest_route=\/wp\/v2\/posts\/700\/revisions"}],"predecessor-version":[{"id":1199,"href":"https:\/\/www.dr-thomas-hartung.de\/index.php?rest_route=\/wp\/v2\/posts\/700\/revisions\/1199"}],"wp:attachment":[{"href":"https:\/\/www.dr-thomas-hartung.de\/index.php?rest_route=%2Fwp%2Fv2%2Fmedia&parent=700"}],"wp:term":[{"taxonomy":"category","embeddable":true,"href":"https:\/\/www.dr-thomas-hartung.de\/index.php?rest_route=%2Fwp%2Fv2%2Fcategories&post=700"},{"taxonomy":"post_tag","embeddable":true,"href":"https:\/\/www.dr-thomas-hartung.de\/index.php?rest_route=%2Fwp%2Fv2%2Ftags&post=700"}],"curies":[{"name":"wp","href":"https:\/\/api.w.org\/{rel}","templated":true}]}}