{"id":7042,"date":"2025-12-10T16:10:43","date_gmt":"2025-12-10T15:10:43","guid":{"rendered":"https:\/\/www.dr-thomas-hartung.de\/?p=7042"},"modified":"2025-12-15T20:59:08","modified_gmt":"2025-12-15T19:59:08","slug":"praeventivschlag-als-verteidigung","status":"publish","type":"post","link":"https:\/\/www.dr-thomas-hartung.de\/?p=7042","title":{"rendered":"Pr\u00e4ventivschlag als Verteidigung?"},"content":{"rendered":"\n<p>&nbsp;Der Nato-General Dragone empfahl k\u00fcrzlich, der Westen m\u00fcsse auch Pr\u00e4ventivschl\u00e4ge gegen Russland ins Auge fassen. Ich kommentierte diese \u00c4u\u00dferung auf Kontrafunk.<\/p>\n\n\n\n<figure class=\"wp-block-image size-full\"><a href=\"https:\/\/www.dr-thomas-hartung.de\/wp-content\/uploads\/2025\/12\/Kontra.png\"><img decoding=\"async\" src=\"https:\/\/www.dr-thomas-hartung.de\/wp-content\/uploads\/2025\/12\/Kontra.png\" alt=\"\" class=\"wp-image-7043\"\/><\/a><\/figure>\n\n\n\n<p>Innerhalb des <a rel=\"noreferrer noopener\" href=\"http:\/\/Der Nato-General Dragone empfahl k\u00fcrzlich, der Westen m\u00fcsse auch Pr\u00e4ventivschl\u00e4ge gegen Russland ins Auge fassen. Der Journalist Thomas Hartung kommentiert diese \u00c4u\u00dferung.\" target=\"_blank\">Links<\/a> gibt es das St\u00fcck zum Solodownload sowie das Manuskript.<\/p>\n\n\n\n<p>Und hier die erweiterte Fassung als <a rel=\"noreferrer noopener\" href=\"https:\/\/ansage.org\/praeventivschlag-gegen-russland-die-nato-spricht-das-undenkbare-aus\/\" target=\"_blank\">Ansage-Essay<\/a>.   <\/p>\n","protected":false},"excerpt":{"rendered":"<p> Der Nato-General Dragone empfahl k\u00fcrzlich, der Westen m\u00fcsse auch Pr\u00e4ventivschl\u00e4ge gegen Russland ins Auge fassen. Ich kommentierte diese \u00c4u\u00dferung auf Kontrafunk.<\/p>\n","protected":false},"author":1,"featured_media":0,"comment_status":"open","ping_status":"open","sticky":false,"template":"","format":"standard","meta":[],"categories":[1,4],"tags":[],"_links":{"self":[{"href":"https:\/\/www.dr-thomas-hartung.de\/index.php?rest_route=\/wp\/v2\/posts\/7042"}],"collection":[{"href":"https:\/\/www.dr-thomas-hartung.de\/index.php?rest_route=\/wp\/v2\/posts"}],"about":[{"href":"https:\/\/www.dr-thomas-hartung.de\/index.php?rest_route=\/wp\/v2\/types\/post"}],"author":[{"embeddable":true,"href":"https:\/\/www.dr-thomas-hartung.de\/index.php?rest_route=\/wp\/v2\/users\/1"}],"replies":[{"embeddable":true,"href":"https:\/\/www.dr-thomas-hartung.de\/index.php?rest_route=%2Fwp%2Fv2%2Fcomments&post=7042"}],"version-history":[{"count":2,"href":"https:\/\/www.dr-thomas-hartung.de\/index.php?rest_route=\/wp\/v2\/posts\/7042\/revisions"}],"predecessor-version":[{"id":7058,"href":"https:\/\/www.dr-thomas-hartung.de\/index.php?rest_route=\/wp\/v2\/posts\/7042\/revisions\/7058"}],"wp:attachment":[{"href":"https:\/\/www.dr-thomas-hartung.de\/index.php?rest_route=%2Fwp%2Fv2%2Fmedia&parent=7042"}],"wp:term":[{"taxonomy":"category","embeddable":true,"href":"https:\/\/www.dr-thomas-hartung.de\/index.php?rest_route=%2Fwp%2Fv2%2Fcategories&post=7042"},{"taxonomy":"post_tag","embeddable":true,"href":"https:\/\/www.dr-thomas-hartung.de\/index.php?rest_route=%2Fwp%2Fv2%2Ftags&post=7042"}],"curies":[{"name":"wp","href":"https:\/\/api.w.org\/{rel}","templated":true}]}}