{"id":7062,"date":"2025-12-17T17:41:04","date_gmt":"2025-12-17T16:41:04","guid":{"rendered":"https:\/\/www.dr-thomas-hartung.de\/?p=7062"},"modified":"2025-12-17T17:41:05","modified_gmt":"2025-12-17T16:41:05","slug":"der-verlorene-hueter","status":"publish","type":"post","link":"https:\/\/www.dr-thomas-hartung.de\/?p=7062","title":{"rendered":"Der verlorene H\u00fcter"},"content":{"rendered":"\n<p>Dass sich jeder zweite B\u00fcrger f\u00fcr den besseren Verfassungsrichter h\u00e4lt, ist nicht Ursache, sondern Symptom eines Rollenwechsels. In seiner Fr\u00fchphase war das Bundesverfassungsgericht nicht deshalb hoch angesehen, weil es \u201eprogressiv\u201c oder \u201ekonservativ\u201c war, sondern weil es sich erkennbar in der Rolle des Schiedsrichters bewegte: begrenzend, bremsend, zurechtweisend. Selbst kontroverse Entscheidungen blieben in der Logik eines \u201eSo weit und nicht weiter\u201c. Sp\u00e4testens mit Euro-Rettung, Klimapolitik und Corona hat sich diese Wahrnehmung aber gedreht.<\/p>\n\n\n\n<figure class=\"wp-block-image size-full\"><a href=\"https:\/\/www.dr-thomas-hartung.de\/wp-content\/uploads\/2025\/12\/grafik-7.png\"><img decoding=\"async\" src=\"https:\/\/www.dr-thomas-hartung.de\/wp-content\/uploads\/2025\/12\/grafik-7.png\" alt=\"\" class=\"wp-image-7063\"\/><\/a><figcaption class=\"wp-element-caption\">Originalbild Ansage<\/figcaption><\/figure>\n\n\n\n<p>Mein neuer <a rel=\"noreferrer noopener\" href=\"https:\/\/ansage.org\/vertrauensverlust-ins-bundesverfassungsgericht-der-verlorene-hueter\/\" target=\"_blank\">Ansage-Text<\/a>, der gern verbreitet werden kann. <\/p>\n","protected":false},"excerpt":{"rendered":"<p>In seiner Fr\u00fchphase war das Bundesverfassungsgericht nicht deshalb hoch angesehen, weil es \u201eprogressiv\u201c oder \u201ekonservativ\u201c war, sondern weil es sich erkennbar in der Rolle des Schiedsrichters bewegte: begrenzend, bremsend, zurechtweisend. Selbst kontroverse Entscheidungen blieben in der Logik eines \u201eSo weit und nicht weiter\u201c. Sp\u00e4testens mit Euro-Rettung, Klimapolitik und Corona hat sich diese Wahrnehmung aber gedreht.<\/p>\n","protected":false},"author":1,"featured_media":0,"comment_status":"open","ping_status":"open","sticky":false,"template":"","format":"standard","meta":[],"categories":[1,4],"tags":[],"_links":{"self":[{"href":"https:\/\/www.dr-thomas-hartung.de\/index.php?rest_route=\/wp\/v2\/posts\/7062"}],"collection":[{"href":"https:\/\/www.dr-thomas-hartung.de\/index.php?rest_route=\/wp\/v2\/posts"}],"about":[{"href":"https:\/\/www.dr-thomas-hartung.de\/index.php?rest_route=\/wp\/v2\/types\/post"}],"author":[{"embeddable":true,"href":"https:\/\/www.dr-thomas-hartung.de\/index.php?rest_route=\/wp\/v2\/users\/1"}],"replies":[{"embeddable":true,"href":"https:\/\/www.dr-thomas-hartung.de\/index.php?rest_route=%2Fwp%2Fv2%2Fcomments&post=7062"}],"version-history":[{"count":1,"href":"https:\/\/www.dr-thomas-hartung.de\/index.php?rest_route=\/wp\/v2\/posts\/7062\/revisions"}],"predecessor-version":[{"id":7064,"href":"https:\/\/www.dr-thomas-hartung.de\/index.php?rest_route=\/wp\/v2\/posts\/7062\/revisions\/7064"}],"wp:attachment":[{"href":"https:\/\/www.dr-thomas-hartung.de\/index.php?rest_route=%2Fwp%2Fv2%2Fmedia&parent=7062"}],"wp:term":[{"taxonomy":"category","embeddable":true,"href":"https:\/\/www.dr-thomas-hartung.de\/index.php?rest_route=%2Fwp%2Fv2%2Fcategories&post=7062"},{"taxonomy":"post_tag","embeddable":true,"href":"https:\/\/www.dr-thomas-hartung.de\/index.php?rest_route=%2Fwp%2Fv2%2Ftags&post=7062"}],"curies":[{"name":"wp","href":"https:\/\/api.w.org\/{rel}","templated":true}]}}