{"id":7070,"date":"2026-01-02T03:39:43","date_gmt":"2026-01-02T02:39:43","guid":{"rendered":"https:\/\/www.dr-thomas-hartung.de\/?p=7070"},"modified":"2026-01-02T03:39:45","modified_gmt":"2026-01-02T02:39:45","slug":"colour-correction-die-neue-hautfarbe-der-heilsgeschichte","status":"publish","type":"post","link":"https:\/\/www.dr-thomas-hartung.de\/?p=7070","title":{"rendered":"\u201eColour Correction\u201c: Die neue Hautfarbe der Heilsgeschichte"},"content":{"rendered":"\n<p>Wenn europ\u00e4ische Darstellungen Jesus oder den Weihnachtsmann wei\u00df zeigen, gilt das pl\u00f6tzlich als ideologisch verd\u00e4chtig; wenn dieselben Figuren in anderen Kontexten \u201eumgef\u00e4rbt\u201c werden, ist das nicht etwa eine legitime Variante, sondern wird zum Akt politischer Korrektur erkl\u00e4rt. Die Botschaft ist eindeutig: Wei\u00dfsein ist kein neutraler kultureller Default mehr, sondern ein Defekt, der korrigiert werden muss.<\/p>\n\n\n\n<figure class=\"wp-block-image size-full\"><a href=\"https:\/\/www.dr-thomas-hartung.de\/wp-content\/uploads\/2026\/01\/grafik.png\"><img decoding=\"async\" loading=\"lazy\" width=\"957\" height=\"663\" src=\"https:\/\/www.dr-thomas-hartung.de\/wp-content\/uploads\/2026\/01\/grafik.png\" alt=\"\" class=\"wp-image-7071\" srcset=\"https:\/\/www.dr-thomas-hartung.de\/wp-content\/uploads\/2026\/01\/grafik.png 957w, https:\/\/www.dr-thomas-hartung.de\/wp-content\/uploads\/2026\/01\/grafik-300x208.png 300w, https:\/\/www.dr-thomas-hartung.de\/wp-content\/uploads\/2026\/01\/grafik-768x532.png 768w\" sizes=\"(max-width: 957px) 100vw, 957px\" \/><\/a><figcaption class=\"wp-element-caption\">Originalbild Ansage<\/figcaption><\/figure>\n\n\n\n<p>Mein neuer <a href=\"https:\/\/ansage.org\/colour-correction-die-neue-hautfarbe-der-heilsgeschichte\/\" target=\"_blank\" rel=\"noreferrer noopener\">Ansagtetext<\/a>, der gern verbreitet werden kann.<\/p>\n","protected":false},"excerpt":{"rendered":"<p>Wenn europ\u00e4ische Darstellungen Jesus oder den Weihnachtsmann wei\u00df zeigen, gilt das pl\u00f6tzlich als ideologisch verd\u00e4chtig; wenn dieselben Figuren in anderen Kontexten \u201eumgef\u00e4rbt\u201c werden, ist das nicht etwa eine legitime Variante, sondern wird zum Akt politischer Korrektur erkl\u00e4rt. Die Botschaft ist eindeutig: Wei\u00dfsein ist kein neutraler kultureller Default mehr, sondern ein Defekt, der korrigiert werden muss. <\/p>\n","protected":false},"author":1,"featured_media":0,"comment_status":"open","ping_status":"open","sticky":false,"template":"","format":"standard","meta":[],"categories":[4,9],"tags":[],"_links":{"self":[{"href":"https:\/\/www.dr-thomas-hartung.de\/index.php?rest_route=\/wp\/v2\/posts\/7070"}],"collection":[{"href":"https:\/\/www.dr-thomas-hartung.de\/index.php?rest_route=\/wp\/v2\/posts"}],"about":[{"href":"https:\/\/www.dr-thomas-hartung.de\/index.php?rest_route=\/wp\/v2\/types\/post"}],"author":[{"embeddable":true,"href":"https:\/\/www.dr-thomas-hartung.de\/index.php?rest_route=\/wp\/v2\/users\/1"}],"replies":[{"embeddable":true,"href":"https:\/\/www.dr-thomas-hartung.de\/index.php?rest_route=%2Fwp%2Fv2%2Fcomments&post=7070"}],"version-history":[{"count":1,"href":"https:\/\/www.dr-thomas-hartung.de\/index.php?rest_route=\/wp\/v2\/posts\/7070\/revisions"}],"predecessor-version":[{"id":7072,"href":"https:\/\/www.dr-thomas-hartung.de\/index.php?rest_route=\/wp\/v2\/posts\/7070\/revisions\/7072"}],"wp:attachment":[{"href":"https:\/\/www.dr-thomas-hartung.de\/index.php?rest_route=%2Fwp%2Fv2%2Fmedia&parent=7070"}],"wp:term":[{"taxonomy":"category","embeddable":true,"href":"https:\/\/www.dr-thomas-hartung.de\/index.php?rest_route=%2Fwp%2Fv2%2Fcategories&post=7070"},{"taxonomy":"post_tag","embeddable":true,"href":"https:\/\/www.dr-thomas-hartung.de\/index.php?rest_route=%2Fwp%2Fv2%2Ftags&post=7070"}],"curies":[{"name":"wp","href":"https:\/\/api.w.org\/{rel}","templated":true}]}}