{"id":7147,"date":"2026-01-21T10:19:35","date_gmt":"2026-01-21T09:19:35","guid":{"rendered":"https:\/\/www.dr-thomas-hartung.de\/?p=7147"},"modified":"2026-01-22T10:22:10","modified_gmt":"2026-01-22T09:22:10","slug":"von-der-maerchenstunde-zur-diversity-schulung","status":"publish","type":"post","link":"https:\/\/www.dr-thomas-hartung.de\/?p=7147","title":{"rendered":"<strong>Von der M\u00e4rchenstunde zur Diversity-Schulung<\/strong>"},"content":{"rendered":"\n<p>Die Stadt Hannover liefert ihren 41 st\u00e4dtischen Kitas \u201equeere B\u00fccherkisten\u201c: jeweils 14 Titel, die \u201eGeschlechterrollen aufbrechen\u201c und \u201equeere Lebensrealit\u00e4ten sichtbar machen\u201c sollen, wie die Stadtverwaltung der&nbsp;<em>NOZ&nbsp;<\/em>sagte. Statt Max und Moritz oder Hase und Igel stehen nun Meerjungknaben, zwei Prinzen als Hochzeitspaar, Regenbogenfamilien und identit\u00e4tssuchende Kuscheltiere im Regal. Kosten: 11.000 Euro. Ziel ist erkl\u00e4rterma\u00dfen nicht blo\u00df ein breiteres Lesespektrum, sondern eine p\u00e4dagogische Intervention: Schon Vorschulkinder sollen lernen, dass Geschlecht und Familie prim\u00e4r kulturelle Optionen sind, aus denen man sp\u00e4ter frei w\u00e4hlen k\u00f6nne.<\/p>\n\n\n\n<p>Damit wird die Kita \u2013 ein Raum, in dem Kinder elementare Sprache, Motorik, Vertrauen und erste soziale Regeln ein\u00fcben \u2013 zum Vorfeld der Erwachsenen-Debatten \u00fcber Gender, Queer und Identit\u00e4t umfunktioniert. Aus der klassischen Bilderbuchstunde wird in kleinen Dosen das, was in Brosch\u00fcren wie \u201eQueer in der Kita\u201c ausdr\u00fccklich empfohlen wird: eine \u201equeer-inklusive\u201c fr\u00fchkindliche Bildung, in der traditionelle Vorstellungen von Mutter, Vater, Kind ausdr\u00fccklich dekonstruiert werden sollen.<\/p>\n\n\n\n<figure class=\"wp-block-image size-full\"><a href=\"https:\/\/www.dr-thomas-hartung.de\/wp-content\/uploads\/2026\/01\/image-4.png\"><img decoding=\"async\" src=\"https:\/\/www.dr-thomas-hartung.de\/wp-content\/uploads\/2026\/01\/image-4.png\" alt=\"\" class=\"wp-image-7148\"\/><\/a><figcaption class=\"wp-element-caption\">NRW-Brosch\u00fcre<\/figcaption><\/figure>\n\n\n\n<p>Man kann \u00fcber Homosexualit\u00e4t, Transidentit\u00e4t und vielf\u00e4ltige Familienmodelle sachlich sprechen \u2013 aber die Frage ist: Mit wem, in welchem Alter, mit welchen Zielen? Wenn Drei- bis F\u00fcnfj\u00e4hrige mit transsexuellen Teddys und schwulen Kaninchen bekannt gemacht werden, geht es nicht um die L\u00f6sung realer Konflikte, sondern um Symbolpolitik an den J\u00fcngsten. Die Kinder sind Projektionsfl\u00e4che; die eigentliche Botschaft richtet sich an Eltern und \u00d6ffentlichkeit: Seht her, wir sind eine progressive, bunte Kommune.<\/p>\n\n\n\n<p><strong>Fr\u00fchp\u00e4dagogik als ideologisches Experimentierfeld<\/strong><\/p>\n\n\n\n<p>Der konservative Einwand zielt nicht auf das einzelne Buch, sondern auf den Paradigmenwechsel. Jahrzehntelang war der Konsens: Je j\u00fcnger das Kind, desto behutsamer geht man mit Sexualit\u00e4t und Identit\u00e4t um. Heute dreht man das um: Gerade besonders junge Kinder sollen m\u00f6glichst fr\u00fch mit komplexen Identit\u00e4tsdiskursen konfrontiert werden, damit sp\u00e4tere \u201eVorurteile\u201c gar nicht erst entstehen. Das Kind wird nicht l\u00e4nger als Wesen verstanden, das sich durch Nachahmung, Bindung und allm\u00e4hliche Reifung in die Welt einlebt, sondern als fr\u00fchpolitisches Subjekt, das man gegen die \u201eheteronormative Mehrheitsgesellschaft\u201c wappnen m\u00fcsse, wie es in den Buchempfehlungen des Deutschen Instituts f\u00fcr Sozialwirtschaft hei\u00dft.<\/p>\n\n\n\n<p>Anthropologisch ist das h\u00f6chst fragw\u00fcrdig. Kleinkinder arbeiten in Symbolen, nicht in Kategorien; sie brauchen stabile Figuren, nicht permanent verschiebbare Rollen. Die klassische Kinderliteratur \u2013 von Grimm bis Lindgren \u2013 bot zwar auch gesellschaftliche Botschaften, aber nie in der direkten Sprache von Identit\u00e4tspolitik. Sie arbeitete mit Archetypen: Vater, Mutter, K\u00f6nig, Prinzessin, b\u00f6ser Wolf. Diese Figuren sind vereinfachend, aber sie bieten Orientierung. Wer sie gezielt dekonstruiert, ohne etwas ebenso Tragf\u00e4higes an ihre Stelle zu setzen, produziert kein freies Subjekt, sondern Verwirrung.<\/p>\n\n\n\n<p>Hinzu kommt das Elternrecht. Viele M\u00fctter und V\u00e4ter haben kein Problem mit Respekt gegen\u00fcber Minderheiten, aber sehr wohl mit einer Schule und Kita, die ihre Kinder ohne klare Altersabstufung zum Teil eines gesellschaftlichen Umerziehungsprojekts macht. Wenn st\u00e4dtische Einrichtungen verpflichtend mit \u201equeeren B\u00fccherkisten\u201c ausgestattet werden, ist das kein unverbindliches Zusatzangebot, sondern ein normativer Eingriff: Die Kommune legt fest, welches Familienbild \u201emodern\u201c und welches \u201e\u00fcberholt\u201c ist \u2013 und sie tut dies mit dem p\u00e4dagogischen Gewaltmonopol gegen\u00fcber Kindern, die sich weder entziehen noch argumentieren k\u00f6nnen.<\/p>\n\n\n\n<p><strong>Statistik als moralische Waffe<\/strong><\/p>\n\n\n\n<p>Am Ende der Berichtskette steht dann fast routinem\u00e4\u00dfig ein Satz wie jener, der in Hannover zitiert wird: Bei queerfeindlicher Gewalt nehme die Zahl jugendlicher Straft\u00e4ter zu; das rechtfertige zus\u00e4tzliche Bildungsangebote, l\u00e4sst sich die Kita-Leiterin Yildiz Kilinc in der&nbsp;<em>HAZ<\/em>&nbsp;zitieren. Damit wird der Bogen geschlossen: Von der Gewaltstatistik zur Bilderbuchp\u00e4dagogik. Doch gerade dieser letzte Schritt ist intellektuell unsauber.<\/p>\n\n\n\n<p>Zun\u00e4chst die Fakten: Ja, das BKA-Lagebild verzeichnet seit Jahren einen deutlichen Anstieg queerfeindlicher Straftaten; die Zahl der Delikte im Bereich \u201esexuelle Orientierung\u201c und \u201egeschlechtsbezogene Diversit\u00e4t\u201c hat sich seit 2010 vervielfacht. Allerdings r\u00e4umen Innenministerium und Beratungsverb\u00e4nde selbst ein, dass diese Zunahme auf ver\u00e4nderte Erfassung, h\u00f6here Sensibilit\u00e4t und mehr Anzeigebereitschaft zur\u00fcckzuf\u00fchren sein d\u00fcrfte \u2013 und mehr T\u00e4tern aus muslimisch gepr\u00e4gten Milieus.<\/p>\n\n\n\n<p>Die pauschale Aussage, die Zahl \u201ejugendlicher Straft\u00e4ter\u201c nehme zu, ist damit mehr Behauptung als belastbare Diagnose \u2013 zumal sie in der offiziellen Kommunikation oft ohne jede Konkretisierung daherkommt: keine Prozentangaben, keine Zeitreihen, kaum Fakten zu Alter, Motivlage und kulturellem Hintergrund. So wird aus einem komplexen Ph\u00e4nomen ein moralisches Druckmittel: Wer die queere B\u00fccherkiste kritisiert, stellt sich implizit auf die Seite von \u201eQueerfeinden\u201c, ja bedrohlichen \u201eRechten\u201c.<\/p>\n\n\n\n<p>Und wenn die Zahl jugendlicher T\u00e4ter tats\u00e4chlich steigt, folgt daraus logisch nicht, dass Vorschulkinder in st\u00e4dtischen Kitas mit sexualpolitischen Leitbildern beschult werden m\u00fcssen. Gewaltpr\u00e4vention zielt auf reale Risikogruppen \u2013 meist m\u00e4nnliche Jugendliche in bestimmten sozialen und kulturellen Kontexten \u2013, nicht auf Drei- bis F\u00fcnfj\u00e4hrige, die von \u201eTransidentit\u00e4t\u201c und \u201enicht-bin\u00e4rer Vielfalt\u201c noch nicht einmal einen Begriff haben. Wenn man die Statistik ernst nimmt, m\u00fcsste man \u00fcber Familienstrukturen, Schulumfelder, M\u00e4nnlichkeitsbilder und religi\u00f6se Milieus reden; stattdessen verlagert man die Debatte auf Kuscheltiere und Regenbogenm\u00e4rchen. Das wirkt weniger wie Pr\u00e4vention als wie Symbolpolitik.<\/p>\n\n\n\n<p><strong>Kindheit verteidigen, ohne Hass zu predigen<\/strong><\/p>\n\n\n\n<p>Ein konservativer Ansatz muss zwei Dinge zugleich leisten: die W\u00fcrde von Minderheiten achten und die W\u00fcrde der Kindheit verteidigen. Niemand, der bei Verstand ist, will, dass Menschen wegen ihrer sexuellen Orientierung oder Identit\u00e4t beleidigt, geschlagen oder verfolgt werden. Aber ebenso wenig darf der legitime Schutz vor Gewalt zum T\u00fcr\u00f6ffner einer P\u00e4dagogik werden, die aus Kitas Ideologie-Labore macht.<\/p>\n\n\n\n<p>Hannover steht stellvertretend f\u00fcr eine gesamte westliche Tendenz: Eine erwachsene Gesellschaft, die ihre eigenen Konflikte um Gender, Sexualit\u00e4t und Identit\u00e4t nicht mehr austragen kann, verlagert sie auf die fr\u00fchesten Bildungsstufen. Man hofft, die n\u00e4chste Generation so zu erziehen, dass die eigene Ideologie irgendwann nicht mehr umk\u00e4mpft ist. Das ist kein Fortschritt, sondern der klassische Traum jeder Weltanschauung seit Platon: die Kinder der anderen zu erziehen. Konservativ zu sein hei\u00dft hier, an zwei einfachen S\u00e4tzen festzuhalten: Kinder haben ein Recht auf eine Kindheit ohne erwachsene Sexualdiskurse, und Eltern haben ein Recht darauf, dass der Staat ihre Kinder nicht gegen ihren Willen zum Objekt kulturpolitischer Experimente macht. Wer wirklich etwas gegen queerfeindliche Gewalt tun will, braucht klare Strafverfolgung, ehrliche Analyse der T\u00e4tergruppen und eine Erwachsenendebatte \u00fcber Respekt \u2013 nicht transsexuelle Teddys im Bilderbuchregal der Kita.<\/p>\n","protected":false},"excerpt":{"rendered":"<p>Die Stadt Hannover liefert ihren 41 st\u00e4dtischen Kitas \u201equeere B\u00fccherkisten\u201c: jeweils 14 Titel, die \u201eGeschlechterrollen aufbrechen\u201c und \u201equeere Lebensrealit\u00e4ten sichtbar machen\u201c sollen, wie die Stadtverwaltung der&nbsp;NOZ&nbsp;sagte. Statt Max und Moritz oder Hase und Igel stehen nun Meerjungknaben, zwei Prinzen als Hochzeitspaar, Regenbogenfamilien und identit\u00e4tssuchende Kuscheltiere im Regal. Kosten: 11.000 Euro. Ziel ist erkl\u00e4rterma\u00dfen nicht blo\u00df [&hellip;]<\/p>\n","protected":false},"author":1,"featured_media":0,"comment_status":"open","ping_status":"open","sticky":false,"template":"","format":"standard","meta":[],"categories":[6,4],"tags":[],"_links":{"self":[{"href":"https:\/\/www.dr-thomas-hartung.de\/index.php?rest_route=\/wp\/v2\/posts\/7147"}],"collection":[{"href":"https:\/\/www.dr-thomas-hartung.de\/index.php?rest_route=\/wp\/v2\/posts"}],"about":[{"href":"https:\/\/www.dr-thomas-hartung.de\/index.php?rest_route=\/wp\/v2\/types\/post"}],"author":[{"embeddable":true,"href":"https:\/\/www.dr-thomas-hartung.de\/index.php?rest_route=\/wp\/v2\/users\/1"}],"replies":[{"embeddable":true,"href":"https:\/\/www.dr-thomas-hartung.de\/index.php?rest_route=%2Fwp%2Fv2%2Fcomments&post=7147"}],"version-history":[{"count":1,"href":"https:\/\/www.dr-thomas-hartung.de\/index.php?rest_route=\/wp\/v2\/posts\/7147\/revisions"}],"predecessor-version":[{"id":7149,"href":"https:\/\/www.dr-thomas-hartung.de\/index.php?rest_route=\/wp\/v2\/posts\/7147\/revisions\/7149"}],"wp:attachment":[{"href":"https:\/\/www.dr-thomas-hartung.de\/index.php?rest_route=%2Fwp%2Fv2%2Fmedia&parent=7147"}],"wp:term":[{"taxonomy":"category","embeddable":true,"href":"https:\/\/www.dr-thomas-hartung.de\/index.php?rest_route=%2Fwp%2Fv2%2Fcategories&post=7147"},{"taxonomy":"post_tag","embeddable":true,"href":"https:\/\/www.dr-thomas-hartung.de\/index.php?rest_route=%2Fwp%2Fv2%2Ftags&post=7147"}],"curies":[{"name":"wp","href":"https:\/\/api.w.org\/{rel}","templated":true}]}}