{"id":7405,"date":"2026-04-23T19:45:00","date_gmt":"2026-04-23T18:45:00","guid":{"rendered":"https:\/\/www.dr-thomas-hartung.de\/?p=7405"},"modified":"2026-04-26T19:49:23","modified_gmt":"2026-04-26T18:49:23","slug":"die-illusion-der-neutralitaet","status":"publish","type":"post","link":"https:\/\/www.dr-thomas-hartung.de\/?p=7405","title":{"rendered":"Die Illusion der Neutralit\u00e4t"},"content":{"rendered":"\n<p>\u201eEs gibt f\u00fcr das Konstrukt \u201aAusl\u00e4nder\u2018 kein gemeinsames Merkmal, das relevant w\u00e4re f\u00fcr die Kriminalit\u00e4t.\u201c Stattdessen sch\u00fcre die Statistik nur \u201eein gewisses Bild von Menschen, die sich auf Grund ihres Status anders verhalten w\u00fcrden\u201c, und suggeriere damit f\u00e4lschlich, \u201edass Kriminalit\u00e4t und Herkunft etwas miteinander zu tun haben\u201c. Das ist nicht nur eine akademische Spitzfindigkeit \u2013 es ist die klassische linke Verharmlosungsstrategie, die Realit\u00e4t durch Begriffsakrobatik zu leugnen.<\/p>\n\n\n\n<figure class=\"wp-block-image size-large\"><a href=\"https:\/\/www.dr-thomas-hartung.de\/wp-content\/uploads\/2026\/04\/grafik-16.png\"><img decoding=\"async\" loading=\"lazy\" width=\"1024\" height=\"707\" src=\"https:\/\/www.dr-thomas-hartung.de\/wp-content\/uploads\/2026\/04\/grafik-16-1024x707.png\" alt=\"\" class=\"wp-image-7406\" srcset=\"https:\/\/www.dr-thomas-hartung.de\/wp-content\/uploads\/2026\/04\/grafik-16-1024x707.png 1024w, https:\/\/www.dr-thomas-hartung.de\/wp-content\/uploads\/2026\/04\/grafik-16-300x207.png 300w, https:\/\/www.dr-thomas-hartung.de\/wp-content\/uploads\/2026\/04\/grafik-16-768x530.png 768w, https:\/\/www.dr-thomas-hartung.de\/wp-content\/uploads\/2026\/04\/grafik-16.png 1049w\" sizes=\"(max-width: 1024px) 100vw, 1024px\" \/><\/a><figcaption class=\"wp-element-caption\">Originalbild Ansage<\/figcaption><\/figure>\n\n\n\n<p>Meine <a href=\"https:\/\/ansage.org\/oerr-verleugnung-der-auslaenderkriminalitaet-die-illusion-der-neutralitaet\/\" target=\"_blank\" rel=\"noreferrer noopener\">Anmerkungen<\/a> zum SWR, die gern geteilt werden k\u00f6nnen.<\/p>\n","protected":false},"excerpt":{"rendered":"<p>\u201eEs gibt f\u00fcr das Konstrukt \u201aAusl\u00e4nder\u2018 kein gemeinsames Merkmal, das relevant w\u00e4re f\u00fcr die Kriminalit\u00e4t.\u201c Stattdessen sch\u00fcre die Statistik nur \u201eein gewisses Bild von Menschen, die sich auf Grund ihres Status anders verhalten w\u00fcrden\u201c, und suggeriere damit f\u00e4lschlich, \u201edass Kriminalit\u00e4t und Herkunft etwas miteinander zu tun haben\u201c. Das ist nicht nur eine akademische Spitzfindigkeit \u2013 es ist die klassische linke Verharmlosungsstrategie, die Realit\u00e4t durch Begriffsakrobatik zu leugnen<\/p>\n","protected":false},"author":1,"featured_media":0,"comment_status":"open","ping_status":"open","sticky":false,"template":"","format":"standard","meta":[],"categories":[1,4],"tags":[],"_links":{"self":[{"href":"https:\/\/www.dr-thomas-hartung.de\/index.php?rest_route=\/wp\/v2\/posts\/7405"}],"collection":[{"href":"https:\/\/www.dr-thomas-hartung.de\/index.php?rest_route=\/wp\/v2\/posts"}],"about":[{"href":"https:\/\/www.dr-thomas-hartung.de\/index.php?rest_route=\/wp\/v2\/types\/post"}],"author":[{"embeddable":true,"href":"https:\/\/www.dr-thomas-hartung.de\/index.php?rest_route=\/wp\/v2\/users\/1"}],"replies":[{"embeddable":true,"href":"https:\/\/www.dr-thomas-hartung.de\/index.php?rest_route=%2Fwp%2Fv2%2Fcomments&post=7405"}],"version-history":[{"count":1,"href":"https:\/\/www.dr-thomas-hartung.de\/index.php?rest_route=\/wp\/v2\/posts\/7405\/revisions"}],"predecessor-version":[{"id":7407,"href":"https:\/\/www.dr-thomas-hartung.de\/index.php?rest_route=\/wp\/v2\/posts\/7405\/revisions\/7407"}],"wp:attachment":[{"href":"https:\/\/www.dr-thomas-hartung.de\/index.php?rest_route=%2Fwp%2Fv2%2Fmedia&parent=7405"}],"wp:term":[{"taxonomy":"category","embeddable":true,"href":"https:\/\/www.dr-thomas-hartung.de\/index.php?rest_route=%2Fwp%2Fv2%2Fcategories&post=7405"},{"taxonomy":"post_tag","embeddable":true,"href":"https:\/\/www.dr-thomas-hartung.de\/index.php?rest_route=%2Fwp%2Fv2%2Ftags&post=7405"}],"curies":[{"name":"wp","href":"https:\/\/api.w.org\/{rel}","templated":true}]}}