{"id":7408,"date":"2026-04-25T19:49:28","date_gmt":"2026-04-25T18:49:28","guid":{"rendered":"https:\/\/www.dr-thomas-hartung.de\/?p=7408"},"modified":"2026-04-26T19:52:31","modified_gmt":"2026-04-26T18:52:31","slug":"signalpolitik-mit-folgen","status":"publish","type":"post","link":"https:\/\/www.dr-thomas-hartung.de\/?p=7408","title":{"rendered":"Signalpolitik mit Folgen"},"content":{"rendered":"\n<p>Gerade nach dem 7. Oktober ist die Debatte \u00fcber antisemitische Einstellungen in Teilen muslimischer Milieus unvermeidlich geworden \u2013 und sie ist empirisch und historisch vielschichtig. Wer hier eine neue Fakult\u00e4t gr\u00fcndet, muss erkl\u00e4ren, wie sie konkret zur Stabilisierung der liberalen Ordnung beitragen will \u2013 und wie sie verhindert, dass schulische und akademische Strukturen selbst zum Durchlauferhitzer problematischer Deutungen werden.<\/p>\n\n\n\n<figure class=\"wp-block-image size-large\"><a href=\"https:\/\/www.dr-thomas-hartung.de\/wp-content\/uploads\/2026\/04\/grafik-17.png\"><img decoding=\"async\" loading=\"lazy\" width=\"1024\" height=\"670\" src=\"https:\/\/www.dr-thomas-hartung.de\/wp-content\/uploads\/2026\/04\/grafik-17-1024x670.png\" alt=\"\" class=\"wp-image-7409\" srcset=\"https:\/\/www.dr-thomas-hartung.de\/wp-content\/uploads\/2026\/04\/grafik-17-1024x670.png 1024w, https:\/\/www.dr-thomas-hartung.de\/wp-content\/uploads\/2026\/04\/grafik-17-300x196.png 300w, https:\/\/www.dr-thomas-hartung.de\/wp-content\/uploads\/2026\/04\/grafik-17-768x503.png 768w, https:\/\/www.dr-thomas-hartung.de\/wp-content\/uploads\/2026\/04\/grafik-17.png 1057w\" sizes=\"(max-width: 1024px) 100vw, 1024px\" \/><\/a><figcaption class=\"wp-element-caption\">Originalbild Ansage<\/figcaption><\/figure>\n\n\n\n<p>Meine <a href=\"https:\/\/ansage.org\/uni-muenster-mit-neuer-islam-fakultaet-signalpolitik-mit-folgen\/\" target=\"_blank\" rel=\"noreferrer noopener\">Anmerkungen<\/a> zur Islamischen Fakult\u00e4r in M\u00fcnster, die gern verbreitet werden k\u00f6nnen.<\/p>\n","protected":false},"excerpt":{"rendered":"<p>Gerade nach dem 7. Oktober ist die Debatte \u00fcber antisemitische Einstellungen in Teilen muslimischer Milieus unvermeidlich geworden \u2013 und sie ist empirisch und historisch vielschichtig. Wer hier eine neue Fakult\u00e4t gr\u00fcndet, muss erkl\u00e4ren, wie sie konkret zur Stabilisierung der liberalen Ordnung beitragen will \u2013 und wie sie verhindert, dass schulische und akademische Strukturen selbst zum [&hellip;]<\/p>\n","protected":false},"author":1,"featured_media":0,"comment_status":"open","ping_status":"open","sticky":false,"template":"","format":"standard","meta":[],"categories":[1],"tags":[],"_links":{"self":[{"href":"https:\/\/www.dr-thomas-hartung.de\/index.php?rest_route=\/wp\/v2\/posts\/7408"}],"collection":[{"href":"https:\/\/www.dr-thomas-hartung.de\/index.php?rest_route=\/wp\/v2\/posts"}],"about":[{"href":"https:\/\/www.dr-thomas-hartung.de\/index.php?rest_route=\/wp\/v2\/types\/post"}],"author":[{"embeddable":true,"href":"https:\/\/www.dr-thomas-hartung.de\/index.php?rest_route=\/wp\/v2\/users\/1"}],"replies":[{"embeddable":true,"href":"https:\/\/www.dr-thomas-hartung.de\/index.php?rest_route=%2Fwp%2Fv2%2Fcomments&post=7408"}],"version-history":[{"count":1,"href":"https:\/\/www.dr-thomas-hartung.de\/index.php?rest_route=\/wp\/v2\/posts\/7408\/revisions"}],"predecessor-version":[{"id":7410,"href":"https:\/\/www.dr-thomas-hartung.de\/index.php?rest_route=\/wp\/v2\/posts\/7408\/revisions\/7410"}],"wp:attachment":[{"href":"https:\/\/www.dr-thomas-hartung.de\/index.php?rest_route=%2Fwp%2Fv2%2Fmedia&parent=7408"}],"wp:term":[{"taxonomy":"category","embeddable":true,"href":"https:\/\/www.dr-thomas-hartung.de\/index.php?rest_route=%2Fwp%2Fv2%2Fcategories&post=7408"},{"taxonomy":"post_tag","embeddable":true,"href":"https:\/\/www.dr-thomas-hartung.de\/index.php?rest_route=%2Fwp%2Fv2%2Ftags&post=7408"}],"curies":[{"name":"wp","href":"https:\/\/api.w.org\/{rel}","templated":true}]}}