{"id":989,"date":"2011-04-06T18:47:59","date_gmt":"2011-04-06T17:47:59","guid":{"rendered":"http:\/\/www.dr-thomas-hartung.de\/?p=989"},"modified":"2015-12-21T10:12:02","modified_gmt":"2015-12-21T09:12:02","slug":"12-polizei-34-haben-wir","status":"publish","type":"post","link":"https:\/\/www.dr-thomas-hartung.de\/?p=989","title":{"rendered":"1,2 Polizei; 3,4 haben wir&#8230;"},"content":{"rendered":"<p>Es ist manchmal ebenso unglaublich wie emp\u00f6rend, wie zu bestimmten kalendarischen Ereignissen in dieser Landeshauptstadt beh\u00f6rdlich agiert wird.<\/p>\n<p>In dieser Woche beginnt das Sommersemester, was leicht an der Zunahme des Radverkehrs erkennbar ist. Zu dieser Vokabel fallen exzessiven Radlern wie mir sofort diverse Dinge ein, die in Dresden im Argen liegen: zuv\u00f6rderst der Zustand der Nord-S\u00fcd-Route \u201eAlbertplatz \u2013 Carolabr\u00fccke \u2013 Pirnaischer Platz \u2013 Bahnhof\/HTW \u2013 Uni\u201c. Zwar ist die Verbindung auch im Netzplan der Stadt enthalten, &#8222;aber es sind keine baulichen Ma\u00dfnahmen geplant&#8220;, bem\u00e4ngelte schon im Juli letzten Jahres der Dresdner Allgemeine Deutsche Fahrradclub ADFC: &#8222;Es soll zwar alles sch\u00f6n werden, aber nichts kosten.&#8220; Gerade die Carolabr\u00fccke ist an der Synagoge ein Nadel\u00f6hr: aus dem kombinierten Rad-\/Fu\u00dfweg wird ein Fu\u00dfweg.<\/p>\n<p>Nun muss das Ende eines gemeinsamen Rad-\/Fu\u00dfwegs nicht besonders gekennzeichnet, der Sicherheitsabstand aber an den Bed\u00fcrfnissen des Fu\u00dfg\u00e4ngerverkehrs ausgerichtet werden \u2013 wenn es denn einen Sicherheitsabstand g\u00e4be: das Stra\u00dfen- und Tiefbauamt hat prophylaktisch das Schild \u201eZeichen 1012-32 \u201aRadfahrer absteigen\u2018\u201c aufgestellt. Die sollen ihr Rad hier schieben, um jede potentielle Unfallgefahr im Keim zu ersticken.<\/p>\n<div id=\"attachment_991\" style=\"width: 396px\" class=\"wp-caption aligncenter\"><a href=\"https:\/\/www.dr-thomas-hartung.de\/wp-content\/uploads\/2011\/04\/dresden_synagoge_01.jpg\"><img aria-describedby=\"caption-attachment-991\" decoding=\"async\" loading=\"lazy\" class=\"size-full wp-image-991 \" title=\"dresden_synagoge_01\" src=\"https:\/\/www.dr-thomas-hartung.de\/wp-content\/uploads\/2011\/04\/dresden_synagoge_01.jpg\" alt=\"\" width=\"386\" height=\"180\" srcset=\"https:\/\/www.dr-thomas-hartung.de\/wp-content\/uploads\/2011\/04\/dresden_synagoge_01.jpg 551w, https:\/\/www.dr-thomas-hartung.de\/wp-content\/uploads\/2011\/04\/dresden_synagoge_01-300x139.jpg 300w\" sizes=\"(max-width: 386px) 100vw, 386px\" \/><\/a><p id=\"caption-attachment-991\" class=\"wp-caption-text\">http:\/\/de.academic.ru\/pictures\/dewiki\/100\/dresden_synagoge_01.jpg<\/p><\/div>\n<p style=\"text-align: center;\">\n<p>Schon das Schild muss Widerspruch fordern. Abgesehen davon, dass sich ein Remscheider mit einer aktuellen Petition beim Deutschen Bundestag seit Juni letzten Jahres daf\u00fcr einsetzt, das Verkehrszusatzzeichen wegen Dopplung abzuschaffen (mit dem Zeichen 254 \u201eVerbot f\u00fcr Radfahrer\u201c existiert schon eins): laut ADFC kann \u201eRadfahrer absteigen\u201c als Zusatzzeichen kein Ge- oder Verbot enthalten und darf auch nicht einzeln aufgestellt werden. Im Verkehrszeichenkatalog steht es unter \u201esonstige Hinweise durch verbale Angaben\u201c, werde aber von Beh\u00f6rden und Stra\u00dfenbauunternehmen oftmals als Verbotsschild missbraucht. Au\u00dferdem zeigt es nicht an, f\u00fcr welche Streckenl\u00e4nge diese Anordnung gilt: es ist damit m\u00f6glich abzusteigen, sofort wieder aufzusteigen und weiterzufahren. In der StVO wird es allerdings an <a href=\"http:\/\/fahrrad.wikia.com\/wiki\/Radfahrer_absteigen\" target=\"_blank\">keiner Stelle<\/a> erw\u00e4hnt. Wer die Aufforderung des Zeichens nicht befolgt, kann auch nicht per Verwarnungs- oder Bu\u00dfgeld bestraft werden, da das Zeichen auch im Bu\u00dfgeldkatalog nirgends erw\u00e4hnt wird. Weil es keine verkehrsrechtliche Wirkung hat, bleibt nur die m\u00f6gliche zivilrechtliche Bedeutung. Die zust\u00e4ndige Stra\u00dfenverkehrsbeh\u00f6rde m\u00f6chte insbesondere an bestimmten Gefahrenpunkten Radfahrern die Weiterfahrt untersagen, weil die Beh\u00f6rde die Gefahr nicht beseitigen kann oder will. Mit der Aufstellung des Schildes \u201eRadfahrer absteigen\u201c besteht f\u00fcr die Beh\u00f6rde daher die M\u00f6glichkeit, sich der Amtshaftung zu entziehen und das Risiko der Weiterfahrt auf den Fahrradfahrer zu \u00fcbertragen. Das einzige Risiko an dieser Stelle ist die Schmalheit des Wegs durch DVB-Warteh\u00e4uschen bzw. Synagogenecke. Aber wer das normale Personenaufkommen an normalen Wochentagen auf diesem Abschnitt kennt, wei\u00df um die Promillezahl dieses Risikos.<\/p>\n<div id=\"attachment_993\" style=\"width: 238px\" class=\"wp-caption aligncenter\"><a href=\"https:\/\/www.dr-thomas-hartung.de\/wp-content\/uploads\/2011\/04\/Rad.jpg\"><img aria-describedby=\"caption-attachment-993\" decoding=\"async\" loading=\"lazy\" class=\"size-full wp-image-993  \" title=\"Rad\" src=\"https:\/\/www.dr-thomas-hartung.de\/wp-content\/uploads\/2011\/04\/Rad.jpg\" alt=\"\" width=\"228\" height=\"228\" srcset=\"https:\/\/www.dr-thomas-hartung.de\/wp-content\/uploads\/2011\/04\/Rad.jpg 291w, https:\/\/www.dr-thomas-hartung.de\/wp-content\/uploads\/2011\/04\/Rad-150x150.jpg 150w\" sizes=\"(max-width: 228px) 100vw, 228px\" \/><\/a><p id=\"caption-attachment-993\" class=\"wp-caption-text\">Quelle: http:\/\/www.absperrtechnik24.de\/Verkehrszeichen+StVO+ Radfahrer+absteigen +Nr-+1012-32.htm<\/p><\/div>\n<p style=\"text-align: center;\">\n<p>Ergo: die wenigsten halten sich daran, vor allem aus Zeitgr\u00fcnden. Wer geradeaus schiebt, kann sich entweder in die Akademiestra\u00dfe als Rechtsabbieger einordnen oder am Kurl\u00e4nder Palais die Schie\u00dfgasse zum Pirnaischen Platz nehmen. Wer nach links den Stra\u00dfenbahnsteig quert, muss zun\u00e4chst die Br\u00fcckenzufahrt zur Akademiestra\u00dfe queren und sich dann wieder auf die Petersburger einordnen \u2013 beide Querungen haben unterschiedliche Ampelphasen.<\/p>\n<div id=\"attachment_992\" style=\"width: 488px\" class=\"wp-caption aligncenter\"><a href=\"https:\/\/www.dr-thomas-hartung.de\/wp-content\/uploads\/2011\/04\/dresden_synagoge_02.jpg\"><img aria-describedby=\"caption-attachment-992\" decoding=\"async\" loading=\"lazy\" class=\"size-large wp-image-992  \" title=\"dresden_synagoge_02\" src=\"https:\/\/www.dr-thomas-hartung.de\/wp-content\/uploads\/2011\/04\/dresden_synagoge_02-1024x768.jpg\" alt=\"\" width=\"478\" height=\"360\" srcset=\"https:\/\/www.dr-thomas-hartung.de\/wp-content\/uploads\/2011\/04\/dresden_synagoge_02-1024x768.jpg 1024w, https:\/\/www.dr-thomas-hartung.de\/wp-content\/uploads\/2011\/04\/dresden_synagoge_02-300x225.jpg 300w, https:\/\/www.dr-thomas-hartung.de\/wp-content\/uploads\/2011\/04\/dresden_synagoge_02.jpg 1115w\" sizes=\"(max-width: 478px) 100vw, 478px\" \/><\/a><p id=\"caption-attachment-992\" class=\"wp-caption-text\">Quelle: http:\/\/imgpe.trivago.com\/uploadimages\/50\/91\/5091944_l.jpeg<\/p><\/div>\n<p style=\"text-align: center;\">\n<p>So weit, so schlecht. Aber was passiert just zum Semesterstart? Genau dieser Abschnitt wird von der Polizei \u201ebestreift\u201c; zu genau jenen Zeiten, da das Studenten- (und Dozentenaufkommen) Richtung Uni am gr\u00f6\u00dften ist. Und die Beamten wiederholen mit drastischen Paraphrasen das, was jenes omin\u00f6se Schild eh recht barsch ausdr\u00fcckt \u2013 von Androhungen eines Bu\u00dfgelds ganz zu schweigen: \u201eSind Sie 10 Jahre alt? Kinder bis zu diesem Alter d\u00fcrfen auf Fu\u00dfwegen fahren, Sie nicht mehr.\u201c<\/p>\n<p>Eine Zumutung. Aufgabe der Polizei ist auch nach dem s\u00e4chsischen Polizeigesetz, \u201eGefahren f\u00fcr die \u00f6ffentliche Sicherheit oder Ordnung abzuwehren (Gefahrenabwehr).\u201c Diese origin\u00e4re Aufgabe aller deutschen Polizeien hat pr\u00e4ventiven Charakter: es soll eine f\u00fcr ein Rechtsgut bestehende Gefahr abgewehrt werden; was durch \u201eBestreifen der Gebiete und Einrichtungen wahrgenommen\u201c wird.<\/p>\n<p>Klingt gut. Aber wie wird aus dem Risiko eine Gefahr? Hier wird allen Radfahrern Augenma\u00df abgesprochen, sie werden unter Generalverdacht gestellt und damit kriminalisiert. F\u00fcr mich liegt hier ein klassischer <a href=\"http:\/\/de.wikipedia.org\/wiki\/Ermessen\" target=\"_blank\">Ermessensmissbrauch<\/a> vor. Da das Schild keine verkehrsrechtliche Wirkung hat und eben nicht per Verwarnungs- oder Bu\u00dfgeld bestraft werden kann, erkennt die Beh\u00f6rde den Sinn und Zweck des Gesetzes nicht. Falls mich meine Rechtskenntnisse nicht ganz tr\u00fcgen, hei\u00dft das Ermessensdisproportionalit\u00e4t: Der Ausgleich zwischen den betroffenen \u00f6ffentlichen und privaten Belangen wird in einer Weise vorgenommen, die zur objektiven Gewichtigkeit einzelner Belange au\u00dfer Verh\u00e4ltnis steht (d. h. die Gewichtung ist zwar vom Ansatz her in Ordnung, aber das Rangverh\u00e4ltnis der Belange wird fehlerhaft in Beziehung zueinander gesetzt bzw. verkannt).<\/p>\n<p>Vielleicht sollte die Stadt zun\u00e4chst \u00fcberlegen, wo Streifen sinnvoller eingesetzt werden k\u00f6nnen. Und dann mit dem ADFC das lange avisierte Wegekonzept umsetzen. Auch wenn das etwas kostet. Kleiner Tipp: die <a href=\"http:\/\/www.sueddeutsche.de\/geld\/klage-gegen-gagfah-dresden-fordert-maximalstrafe-1.1080188\" target=\"_blank\">Milliardenklage<\/a> gegen die Gagfah. Ein paar Millionen kommen am Ende sicher raus.<\/p>\n<p><iframe src=\"http:\/\/www.facebook.com\/plugins\/like.php?href=http%3A%2F%2Fwww.dr-thomas-hartung.de%2F%3Fp%3D989&amp;layout=standard&amp;show_faces=true&amp;width=450&amp;action=like&amp;font&amp;colorscheme=light&amp;height=80\" scrolling=\"no\" frameborder=\"0\" style=\"border:none; overflow:hidden; width:450px; height:80px;\" allowTransparency=\"true\"><\/iframe><\/p>\n","protected":false},"excerpt":{"rendered":"<p>In dieser Woche beginnt das Sommersemester, was leicht an der Zunahme des Radverkehrs erkennbar ist. Zu dieser Vokabel fallen exzessiven Radlern wie mir sofort diverse Dinge ein, die in Dresden im Argen liegen: zuv\u00f6rderst der Zustand der Nord-S\u00fcd-Route \u201eAlbertplatz \u2013 Carolabr\u00fccke \u2013 Pirnaischer Platz \u2013 Bahnhof \u2013 Uni\u201c. Gerade die Carolabr\u00fccke ist an der Synagoge ein Nadel\u00f6hr: aus dem kombinierten Rad-\/Fu\u00dfweg wird ein Fu\u00dfweg. Das barsche Schild &#8222;Radfahrer absteigen&#8220; kann eigentlich ignoriert werden &#8211; zumal das Verkehrsrisiko einer Fussg\u00e4ngerkollision minimal ist. Aber Polizisten streifen um die Synagoge und behandeln widerspenstige Ignorierer wie Staatsfeinde. Und das zum Semesterstart, und das dann, wenn viele Studenten und Dozenten unterwegs sind. Zufall?<\/p>\n","protected":false},"author":1,"featured_media":0,"comment_status":"open","ping_status":"open","sticky":false,"template":"","format":"standard","meta":[],"categories":[1,7,9],"tags":[],"_links":{"self":[{"href":"https:\/\/www.dr-thomas-hartung.de\/index.php?rest_route=\/wp\/v2\/posts\/989"}],"collection":[{"href":"https:\/\/www.dr-thomas-hartung.de\/index.php?rest_route=\/wp\/v2\/posts"}],"about":[{"href":"https:\/\/www.dr-thomas-hartung.de\/index.php?rest_route=\/wp\/v2\/types\/post"}],"author":[{"embeddable":true,"href":"https:\/\/www.dr-thomas-hartung.de\/index.php?rest_route=\/wp\/v2\/users\/1"}],"replies":[{"embeddable":true,"href":"https:\/\/www.dr-thomas-hartung.de\/index.php?rest_route=%2Fwp%2Fv2%2Fcomments&post=989"}],"version-history":[{"count":9,"href":"https:\/\/www.dr-thomas-hartung.de\/index.php?rest_route=\/wp\/v2\/posts\/989\/revisions"}],"predecessor-version":[{"id":2905,"href":"https:\/\/www.dr-thomas-hartung.de\/index.php?rest_route=\/wp\/v2\/posts\/989\/revisions\/2905"}],"wp:attachment":[{"href":"https:\/\/www.dr-thomas-hartung.de\/index.php?rest_route=%2Fwp%2Fv2%2Fmedia&parent=989"}],"wp:term":[{"taxonomy":"category","embeddable":true,"href":"https:\/\/www.dr-thomas-hartung.de\/index.php?rest_route=%2Fwp%2Fv2%2Fcategories&post=989"},{"taxonomy":"post_tag","embeddable":true,"href":"https:\/\/www.dr-thomas-hartung.de\/index.php?rest_route=%2Fwp%2Fv2%2Ftags&post=989"}],"curies":[{"name":"wp","href":"https:\/\/api.w.org\/{rel}","templated":true}]}}